{"id":707402,"date":"2026-02-12T19:30:15","date_gmt":"2026-02-13T01:30:15","guid":{"rendered":"https:\/\/www.diarioimagen.net\/?p=707402"},"modified":"2026-02-12T19:30:15","modified_gmt":"2026-02-13T01:30:15","slug":"en-atizapan-de-zaragoza-se-estan-recuperando-predios-municipales","status":"publish","type":"post","link":"https:\/\/www.diarioimagen.net\/?p=707402","title":{"rendered":"En Atizap\u00e1n de Zaragoza se est\u00e1n  recuperando predios municipales\u00a0"},"content":{"rendered":"<ul>\n<li><strong>Denuncias ante la Fiscal\u00eda Anticorrupci\u00f3n<\/strong><\/li>\n<\/ul>\n<p><strong>\u00a0<\/strong><\/p>\n<div id=\"attachment_707403\" style=\"width: 387px\" class=\"wp-caption alignnone\"><img loading=\"lazy\" decoding=\"async\" aria-describedby=\"caption-attachment-707403\" class=\"wp-image-707403 size-large\" src=\"https:\/\/www.diarioimagen.net\/wp-content\/uploads\/2026\/02\/BAENA3-ok-377x270.jpg\" alt=\"\" width=\"377\" height=\"270\" srcset=\"https:\/\/www.diarioimagen.net\/wp-content\/uploads\/2026\/02\/BAENA3-ok-377x270.jpg 377w, https:\/\/www.diarioimagen.net\/wp-content\/uploads\/2026\/02\/BAENA3-ok-240x172.jpg 240w, https:\/\/www.diarioimagen.net\/wp-content\/uploads\/2026\/02\/BAENA3-ok-768x550.jpg 768w, https:\/\/www.diarioimagen.net\/wp-content\/uploads\/2026\/02\/BAENA3-ok-90x65.jpg 90w, https:\/\/www.diarioimagen.net\/wp-content\/uploads\/2026\/02\/BAENA3-ok.jpg 1500w\" sizes=\"auto, (max-width: 377px) 100vw, 377px\" \/><p id=\"caption-attachment-707403\" class=\"wp-caption-text\">Tras denuncias presentadas ante la Fiscal\u00eda Anticorrupci\u00f3n del Estado de M\u00e9xico, se ha iniciado el proceso de recuperaci\u00f3n de diversos predios municipales<\/p><\/div>\n<p>Atizap\u00e1n de Zaragoza, M\u00e9x.- La Segunda S\u00edndico Municipal de esta localidad, Leylany Richard, inform\u00f3 que derivado del levantamiento integral del patrimonio municipal, \u00a0as\u00ed como de la presi\u00f3n medi\u00e1tica y las denuncias presentadas ante la Fiscal\u00eda Anticorrupci\u00f3n del Estado de M\u00e9xico, se ha iniciado el proceso de recuperaci\u00f3n de diversos predios municipales.<\/p>\n<p>&nbsp;<\/p>\n<p>Mediante oficio formal emitido por la Subdirecci\u00f3n de Patrimonio, se notific\u00f3 oficialmente la recuperaci\u00f3n de los siguientes inmuebles que forman parte del patrimonio municipal:<\/p>\n<p>&nbsp;<\/p>\n<p>1.- Fraccionamiento Privada de las Huertas, Calzada de los Ciruelos los Ailes, Manzana 01, lote de donaci\u00f3n. N\u00famero de cuenta p\u00fablica: 200; n\u00famero de inventario: 373<\/p>\n<p>&nbsp;<\/p>\n<p>2.- Fraccionamiento Lomas Lindas 2\u00b0. Secci\u00f3n, Calle Mar J\u00f3nico, manzana 37, lote 14.\u00a0N\u00famero de inventario: 275<\/p>\n<p>&nbsp;<\/p>\n<p>3.- Colonia las Aguilas, Calle Golondrina de Mar y Gavilanes, Manzana 41, lote 01. N\u00famero de cuenta p\u00fablica: 87. N\u00famero de inventario: 169<\/p>\n<p>&nbsp;<\/p>\n<p>&nbsp;<\/p>\n<p>4.- Fraccionamiento Puerta H\u00edpico, Calle Prolongaci\u00f3n Ju\u00e1rez \u00a0manzana 02 lote 06. N\u00famero de inventario 504. N\u00famero de cuenta p\u00fablica :271<\/p>\n<p>&nbsp;<\/p>\n<p>5.- fraccionamiento puerta h\u00edpico, \u00a0calle prolongaci\u00f3n Ju\u00e1rez manzana 02 lote 01. N\u00famero de inventario: 505. N\u00famero de cuenta p\u00fablica: 272<\/p>\n<p>&nbsp;<\/p>\n<p>&nbsp;<\/p>\n<p><strong>\u00a0<\/strong><\/p>\n<p>&nbsp;<\/p>\n","protected":false},"excerpt":{"rendered":"<p>Denuncias ante la Fiscal\u00eda Anticorrupci\u00f3n \u00a0 Atizap\u00e1n de Zaragoza, M\u00e9x.- La Segunda S\u00edndico Municipal de esta localidad, Leylany Richard, inform\u00f3 que derivado del levantamiento integral del patrimonio municipal, \u00a0as\u00ed como de la presi\u00f3n medi\u00e1tica y las denuncias presentadas ante la Fiscal\u00eda Anticorrupci\u00f3n del Estado de M\u00e9xico, se ha iniciado el proceso de recuperaci\u00f3n de diversos [&hellip;]<\/p>\n","protected":false},"author":14,"featured_media":707403,"comment_status":"open","ping_status":"open","sticky":false,"template":"","format":"standard","meta":{"_monsterinsights_skip_tracking":false,"_monsterinsights_sitenote_active":false,"_monsterinsights_sitenote_note":"","_monsterinsights_sitenote_category":0,"footnotes":""},"categories":[5],"tags":[],"class_list":["post-707402","post","type-post","status-publish","format-standard","has-post-thumbnail","hentry","category-estado-de-mexico"],"_links":{"self":[{"href":"https:\/\/www.diarioimagen.net\/index.php?rest_route=\/wp\/v2\/posts\/707402","targetHints":{"allow":["GET"]}}],"collection":[{"href":"https:\/\/www.diarioimagen.net\/index.php?rest_route=\/wp\/v2\/posts"}],"about":[{"href":"https:\/\/www.diarioimagen.net\/index.php?rest_route=\/wp\/v2\/types\/post"}],"author":[{"embeddable":true,"href":"https:\/\/www.diarioimagen.net\/index.php?rest_route=\/wp\/v2\/users\/14"}],"replies":[{"embeddable":true,"href":"https:\/\/www.diarioimagen.net\/index.php?rest_route=%2Fwp%2Fv2%2Fcomments&post=707402"}],"version-history":[{"count":1,"href":"https:\/\/www.diarioimagen.net\/index.php?rest_route=\/wp\/v2\/posts\/707402\/revisions"}],"predecessor-version":[{"id":707404,"href":"https:\/\/www.diarioimagen.net\/index.php?rest_route=\/wp\/v2\/posts\/707402\/revisions\/707404"}],"wp:featuredmedia":[{"embeddable":true,"href":"https:\/\/www.diarioimagen.net\/index.php?rest_route=\/wp\/v2\/media\/707403"}],"wp:attachment":[{"href":"https:\/\/www.diarioimagen.net\/index.php?rest_route=%2Fwp%2Fv2%2Fmedia&parent=707402"}],"wp:term":[{"taxonomy":"category","embeddable":true,"href":"https:\/\/www.diarioimagen.net\/index.php?rest_route=%2Fwp%2Fv2%2Fcategories&post=707402"},{"taxonomy":"post_tag","embeddable":true,"href":"https:\/\/www.diarioimagen.net\/index.php?rest_route=%2Fwp%2Fv2%2Ftags&post=707402"}],"curies":[{"name":"wp","href":"https:\/\/api.w.org\/{rel}","templated":true}]}}