{"id":707405,"date":"2026-02-12T19:31:59","date_gmt":"2026-02-13T01:31:59","guid":{"rendered":"https:\/\/www.diarioimagen.net\/?p=707405"},"modified":"2026-02-12T19:31:59","modified_gmt":"2026-02-13T01:31:59","slug":"el-centro-libre-beneficiara-a-miles-de-mujeres-en-ecatepec","status":"publish","type":"post","link":"https:\/\/www.diarioimagen.net\/?p=707405","title":{"rendered":"El centro LIBRE beneficiar\u00e1 a miles de mujeres en Ecatepec\u00a0"},"content":{"rendered":"<p><strong><img loading=\"lazy\" decoding=\"async\" class=\"alignnone wp-image-707406 size-large\" src=\"https:\/\/www.diarioimagen.net\/wp-content\/uploads\/2026\/02\/BAENA-4-ok-9-401x270.jpg\" alt=\"\" width=\"401\" height=\"270\" srcset=\"https:\/\/www.diarioimagen.net\/wp-content\/uploads\/2026\/02\/BAENA-4-ok-9-401x270.jpg 401w, https:\/\/www.diarioimagen.net\/wp-content\/uploads\/2026\/02\/BAENA-4-ok-9-240x162.jpg 240w, https:\/\/www.diarioimagen.net\/wp-content\/uploads\/2026\/02\/BAENA-4-ok-9-768x518.jpg 768w, https:\/\/www.diarioimagen.net\/wp-content\/uploads\/2026\/02\/BAENA-4-ok-9.jpg 1500w\" sizes=\"auto, (max-width: 401px) 100vw, 401px\" \/>\u00a0<\/strong><\/p>\n<p>&nbsp;<\/p>\n<p>Ecatepec, M\u00e9x.- El primer Centro LIBRE (Libertad, Igualdad, Bienestar, Redes y Emancipaci\u00f3n) de este municipio,\u00a0 beneficiar\u00e1 a 18 mil mujeres, fue inaugurado en la colonia La Presa, ubicada en la Sierra de Guadalupe, por la alcaldesa Azucena Cisneros Coss y Citlalli Hern\u00e1ndez Mora, secretaria de las Mujeres. \u201cAqu\u00ed estamos, de pie, unidas, transformando el dolor y la indignaci\u00f3n en acci\u00f3n y obra. Por eso, hoy en esta tierra de lucha y de esperanza, en la Sierra de Guadalupe, inauguramos este Centro LIBRE para las Mujeres\u201d, afirm\u00f3 Cisneros Coss. A\u00f1adi\u00f3 que \u201canclar el primer Centro LIBRE en la Sierra de Guadalupe es algo in\u00e9dito y punto de partida para una intervenci\u00f3n social y cultural hacia las mujeres, las ni\u00f1as y las j\u00f3venes (\u2026) en la parte alta, donde pareciera que no llegan los servicios y sin embargo nosotros hemos<\/p>\n<p>&nbsp;<\/p>\n","protected":false},"excerpt":{"rendered":"<p>\u00a0 &nbsp; Ecatepec, M\u00e9x.- El primer Centro LIBRE (Libertad, Igualdad, Bienestar, Redes y Emancipaci\u00f3n) de este municipio,\u00a0 beneficiar\u00e1 a 18 mil mujeres, fue inaugurado en la colonia La Presa, ubicada en la Sierra de Guadalupe, por la alcaldesa Azucena Cisneros Coss y Citlalli Hern\u00e1ndez Mora, secretaria de las Mujeres. \u201cAqu\u00ed estamos, de pie, unidas, transformando [&hellip;]<\/p>\n","protected":false},"author":14,"featured_media":707406,"comment_status":"open","ping_status":"open","sticky":false,"template":"","format":"standard","meta":{"_monsterinsights_skip_tracking":false,"_monsterinsights_sitenote_active":false,"_monsterinsights_sitenote_note":"","_monsterinsights_sitenote_category":0,"footnotes":""},"categories":[5],"tags":[],"class_list":["post-707405","post","type-post","status-publish","format-standard","has-post-thumbnail","hentry","category-estado-de-mexico"],"_links":{"self":[{"href":"https:\/\/www.diarioimagen.net\/index.php?rest_route=\/wp\/v2\/posts\/707405","targetHints":{"allow":["GET"]}}],"collection":[{"href":"https:\/\/www.diarioimagen.net\/index.php?rest_route=\/wp\/v2\/posts"}],"about":[{"href":"https:\/\/www.diarioimagen.net\/index.php?rest_route=\/wp\/v2\/types\/post"}],"author":[{"embeddable":true,"href":"https:\/\/www.diarioimagen.net\/index.php?rest_route=\/wp\/v2\/users\/14"}],"replies":[{"embeddable":true,"href":"https:\/\/www.diarioimagen.net\/index.php?rest_route=%2Fwp%2Fv2%2Fcomments&post=707405"}],"version-history":[{"count":1,"href":"https:\/\/www.diarioimagen.net\/index.php?rest_route=\/wp\/v2\/posts\/707405\/revisions"}],"predecessor-version":[{"id":707407,"href":"https:\/\/www.diarioimagen.net\/index.php?rest_route=\/wp\/v2\/posts\/707405\/revisions\/707407"}],"wp:featuredmedia":[{"embeddable":true,"href":"https:\/\/www.diarioimagen.net\/index.php?rest_route=\/wp\/v2\/media\/707406"}],"wp:attachment":[{"href":"https:\/\/www.diarioimagen.net\/index.php?rest_route=%2Fwp%2Fv2%2Fmedia&parent=707405"}],"wp:term":[{"taxonomy":"category","embeddable":true,"href":"https:\/\/www.diarioimagen.net\/index.php?rest_route=%2Fwp%2Fv2%2Fcategories&post=707405"},{"taxonomy":"post_tag","embeddable":true,"href":"https:\/\/www.diarioimagen.net\/index.php?rest_route=%2Fwp%2Fv2%2Ftags&post=707405"}],"curies":[{"name":"wp","href":"https:\/\/api.w.org\/{rel}","templated":true}]}}