{"id":707601,"date":"2026-02-15T22:11:47","date_gmt":"2026-02-16T04:11:47","guid":{"rendered":"https:\/\/www.diarioimagen.net\/?p=707601"},"modified":"2026-02-15T22:11:47","modified_gmt":"2026-02-16T04:11:47","slug":"piden-al-osfem-investigar-al-alcalde-de-cuautitlan-izcalli","status":"publish","type":"post","link":"https:\/\/www.diarioimagen.net\/?p=707601","title":{"rendered":"Piden al OSFEM investigar al alcalde de Cuautitl\u00e1n Izcalli"},"content":{"rendered":"<p><img loading=\"lazy\" decoding=\"async\" class=\"alignnone wp-image-707602 size-large\" src=\"https:\/\/www.diarioimagen.net\/wp-content\/uploads\/2026\/02\/BAENA-4-ok-10-384x270.jpg\" alt=\"\" width=\"384\" height=\"270\" srcset=\"https:\/\/www.diarioimagen.net\/wp-content\/uploads\/2026\/02\/BAENA-4-ok-10-384x270.jpg 384w, https:\/\/www.diarioimagen.net\/wp-content\/uploads\/2026\/02\/BAENA-4-ok-10-240x169.jpg 240w, https:\/\/www.diarioimagen.net\/wp-content\/uploads\/2026\/02\/BAENA-4-ok-10-768x540.jpg 768w, https:\/\/www.diarioimagen.net\/wp-content\/uploads\/2026\/02\/BAENA-4-ok-10.jpg 1500w\" sizes=\"auto, (max-width: 384px) 100vw, 384px\" \/><\/p>\n<p>Cuautitl\u00e1n Izcalli, M\u00e9x.- L\u00edderes sociales, partidistas y del propio partido de Morena, pidieron al \u00d3rgano Superior de Fiscalizaci\u00f3n del Estado de M\u00e9xico (OSFEM) investigar el actual\u00a0 presidente municipal Daniel Serrano, toda vez que se presume de desv\u00edos de recursos en ese municipio. \u201cEn los pr\u00f3ximos d\u00edas, realizaremos una protesta masiva para que se transparenten los dineros que se recaudan y que deber\u00edan ser invertidos en obras y servicios, cosa que en Cuautitl\u00e1n Izcalli no sucede\u201d, afirm\u00f3 el luchador social, Julio Ruiz. En ese sentido, militantes y simpatizantes de Morena, afirmaron que recurrir\u00e1n ante las instancias competentes para que las dirigencias nacional y estatal, tomen cartas en el asunto sobre las denuncias que existen en contra del alcalde de ese municipio.<\/p>\n","protected":false},"excerpt":{"rendered":"<p>Cuautitl\u00e1n Izcalli, M\u00e9x.- L\u00edderes sociales, partidistas y del propio partido de Morena, pidieron al \u00d3rgano Superior de Fiscalizaci\u00f3n del Estado de M\u00e9xico (OSFEM) investigar el actual\u00a0 presidente municipal Daniel Serrano, toda vez que se presume de desv\u00edos de recursos en ese municipio. \u201cEn los pr\u00f3ximos d\u00edas, realizaremos una protesta masiva para que se transparenten los [&hellip;]<\/p>\n","protected":false},"author":14,"featured_media":707602,"comment_status":"open","ping_status":"open","sticky":false,"template":"","format":"standard","meta":{"_monsterinsights_skip_tracking":false,"_monsterinsights_sitenote_active":false,"_monsterinsights_sitenote_note":"","_monsterinsights_sitenote_category":0,"footnotes":""},"categories":[5],"tags":[],"class_list":["post-707601","post","type-post","status-publish","format-standard","has-post-thumbnail","hentry","category-estado-de-mexico"],"_links":{"self":[{"href":"https:\/\/www.diarioimagen.net\/index.php?rest_route=\/wp\/v2\/posts\/707601","targetHints":{"allow":["GET"]}}],"collection":[{"href":"https:\/\/www.diarioimagen.net\/index.php?rest_route=\/wp\/v2\/posts"}],"about":[{"href":"https:\/\/www.diarioimagen.net\/index.php?rest_route=\/wp\/v2\/types\/post"}],"author":[{"embeddable":true,"href":"https:\/\/www.diarioimagen.net\/index.php?rest_route=\/wp\/v2\/users\/14"}],"replies":[{"embeddable":true,"href":"https:\/\/www.diarioimagen.net\/index.php?rest_route=%2Fwp%2Fv2%2Fcomments&post=707601"}],"version-history":[{"count":1,"href":"https:\/\/www.diarioimagen.net\/index.php?rest_route=\/wp\/v2\/posts\/707601\/revisions"}],"predecessor-version":[{"id":707603,"href":"https:\/\/www.diarioimagen.net\/index.php?rest_route=\/wp\/v2\/posts\/707601\/revisions\/707603"}],"wp:featuredmedia":[{"embeddable":true,"href":"https:\/\/www.diarioimagen.net\/index.php?rest_route=\/wp\/v2\/media\/707602"}],"wp:attachment":[{"href":"https:\/\/www.diarioimagen.net\/index.php?rest_route=%2Fwp%2Fv2%2Fmedia&parent=707601"}],"wp:term":[{"taxonomy":"category","embeddable":true,"href":"https:\/\/www.diarioimagen.net\/index.php?rest_route=%2Fwp%2Fv2%2Fcategories&post=707601"},{"taxonomy":"post_tag","embeddable":true,"href":"https:\/\/www.diarioimagen.net\/index.php?rest_route=%2Fwp%2Fv2%2Ftags&post=707601"}],"curies":[{"name":"wp","href":"https:\/\/api.w.org\/{rel}","templated":true}]}}