{"id":707946,"date":"2026-02-17T21:03:15","date_gmt":"2026-02-18T03:03:15","guid":{"rendered":"https:\/\/www.diarioimagen.net\/?p=707946"},"modified":"2026-02-17T21:03:15","modified_gmt":"2026-02-18T03:03:15","slug":"hoy-son-tiempos-de-trabajar-y-de-cumplir-con-los-atizapenses-afirma-la-sindico-leylany-richard","status":"publish","type":"post","link":"https:\/\/www.diarioimagen.net\/?p=707946","title":{"rendered":"\u00a0  Hoy son tiempos de trabajar y de cumplir con  los atizapenses, afirma la s\u00edndico Leylany Richard"},"content":{"rendered":"<ul>\n<li><strong>Representante popular de territorio<\/strong><\/li>\n<\/ul>\n<div id=\"attachment_707947\" style=\"width: 401px\" class=\"wp-caption alignnone\"><img loading=\"lazy\" decoding=\"async\" aria-describedby=\"caption-attachment-707947\" class=\"wp-image-707947 size-large\" src=\"https:\/\/www.diarioimagen.net\/wp-content\/uploads\/2026\/02\/BAENA-1-ok-12-391x270.jpg\" alt=\"\" width=\"391\" height=\"270\" srcset=\"https:\/\/www.diarioimagen.net\/wp-content\/uploads\/2026\/02\/BAENA-1-ok-12-391x270.jpg 391w, https:\/\/www.diarioimagen.net\/wp-content\/uploads\/2026\/02\/BAENA-1-ok-12-240x166.jpg 240w, https:\/\/www.diarioimagen.net\/wp-content\/uploads\/2026\/02\/BAENA-1-ok-12-768x530.jpg 768w, https:\/\/www.diarioimagen.net\/wp-content\/uploads\/2026\/02\/BAENA-1-ok-12.jpg 1500w\" sizes=\"auto, (max-width: 391px) 100vw, 391px\" \/><p id=\"caption-attachment-707947\" class=\"wp-caption-text\">Leylany Richard, segunda s\u00edndica de Atizap\u00e1n, escucha demandas de las y los atizapenses, con quienes se ha comprometido a trabajar arduamente.<\/p><\/div>\n<p>Atizap\u00e1n de Zaragoza.- \u201cHoy son tiempo de seguir trabajando por las familias. Mejorar sus comunidades, escucharlos y brindar la atenci\u00f3n, que muchas de las veces se\u00a0 les niega. Soy una representante popular de\u00a0 palabra y resultados, de territorio y no de escritorio. Sigo el ejemplo de la presidenta Claudia Sheinbaum y la gobernadora Delfina G\u00f3mez.<\/p>\n<p>&nbsp;<\/p>\n<p>Expres\u00f3 lo anterior Leylany Richard, segunda s\u00edndica municipal de esta localidad, luego de puntualizar que \u201cescuchar las necesidades de la ciudadan\u00eda, es la \u00fanica v\u00eda para llegar a una soluci\u00f3n real y no de falsas promesas como lo hacen otros\u201d, dijo.<\/p>\n<p>&nbsp;<\/p>\n<p>Ante delegados y Consejos de Participaci\u00f3n Ciudadana (Copacis), la s\u00edndica morenista ha\u00a0 refrendado\u00a0 su compromiso de trabajar en favor de la poblaci\u00f3n que vive y trabaja en Atizap\u00e1n de Zaragoza.<\/p>\n<p>&nbsp;<\/p>\n<p>\u201cSin duda que las mujeres est\u00e1n cumpliendo un papel fundamental y activo en la pol\u00edtica, contribuyendo al desarrollo y la justicia en la sociedad, tal y como lo ha demostrado Leylany\u201d, afirm\u00f3 Mir\u00edan Garc\u00eda, vecina de este municipio.<\/p>\n<p>&nbsp;<\/p>\n<p>Y es que, efectivamente, la edil desde muy temprano recorre las calles y avenidas, escuchando las demandas de las y los atizapenses, con quienes Leylany Richard, se ha comprometido a trabajar arduamente, tal y como lo ha hecho desde que asumi\u00f3 esa responsabilidad.<\/p>\n<p>&nbsp;<\/p>\n<p>&nbsp;<\/p>\n","protected":false},"excerpt":{"rendered":"<p>Representante popular de territorio Atizap\u00e1n de Zaragoza.- \u201cHoy son tiempo de seguir trabajando por las familias. Mejorar sus comunidades, escucharlos y brindar la atenci\u00f3n, que muchas de las veces se\u00a0 les niega. Soy una representante popular de\u00a0 palabra y resultados, de territorio y no de escritorio. Sigo el ejemplo de la presidenta Claudia Sheinbaum y [&hellip;]<\/p>\n","protected":false},"author":14,"featured_media":707947,"comment_status":"open","ping_status":"open","sticky":false,"template":"","format":"standard","meta":{"_monsterinsights_skip_tracking":false,"_monsterinsights_sitenote_active":false,"_monsterinsights_sitenote_note":"","_monsterinsights_sitenote_category":0,"footnotes":""},"categories":[5],"tags":[],"class_list":["post-707946","post","type-post","status-publish","format-standard","has-post-thumbnail","hentry","category-estado-de-mexico"],"_links":{"self":[{"href":"https:\/\/www.diarioimagen.net\/index.php?rest_route=\/wp\/v2\/posts\/707946","targetHints":{"allow":["GET"]}}],"collection":[{"href":"https:\/\/www.diarioimagen.net\/index.php?rest_route=\/wp\/v2\/posts"}],"about":[{"href":"https:\/\/www.diarioimagen.net\/index.php?rest_route=\/wp\/v2\/types\/post"}],"author":[{"embeddable":true,"href":"https:\/\/www.diarioimagen.net\/index.php?rest_route=\/wp\/v2\/users\/14"}],"replies":[{"embeddable":true,"href":"https:\/\/www.diarioimagen.net\/index.php?rest_route=%2Fwp%2Fv2%2Fcomments&post=707946"}],"version-history":[{"count":1,"href":"https:\/\/www.diarioimagen.net\/index.php?rest_route=\/wp\/v2\/posts\/707946\/revisions"}],"predecessor-version":[{"id":707948,"href":"https:\/\/www.diarioimagen.net\/index.php?rest_route=\/wp\/v2\/posts\/707946\/revisions\/707948"}],"wp:featuredmedia":[{"embeddable":true,"href":"https:\/\/www.diarioimagen.net\/index.php?rest_route=\/wp\/v2\/media\/707947"}],"wp:attachment":[{"href":"https:\/\/www.diarioimagen.net\/index.php?rest_route=%2Fwp%2Fv2%2Fmedia&parent=707946"}],"wp:term":[{"taxonomy":"category","embeddable":true,"href":"https:\/\/www.diarioimagen.net\/index.php?rest_route=%2Fwp%2Fv2%2Fcategories&post=707946"},{"taxonomy":"post_tag","embeddable":true,"href":"https:\/\/www.diarioimagen.net\/index.php?rest_route=%2Fwp%2Fv2%2Ftags&post=707946"}],"curies":[{"name":"wp","href":"https:\/\/api.w.org\/{rel}","templated":true}]}}