{"id":707962,"date":"2026-02-17T21:15:33","date_gmt":"2026-02-18T03:15:33","guid":{"rendered":"https:\/\/www.diarioimagen.net\/?p=707962"},"modified":"2026-02-17T21:15:33","modified_gmt":"2026-02-18T03:15:33","slug":"conagua-y-sectores-inmobiliarios-y-de-parques-industriales-fortalecen-marco-normativo-en-materia-de-agua-para-contribuir-al-desarrollo-nacional","status":"publish","type":"post","link":"https:\/\/www.diarioimagen.net\/?p=707962","title":{"rendered":"Conagua y sectores inmobiliarios y de parques  industriales fortalecen marco normativo en materia  de agua, para contribuir al desarrollo nacional"},"content":{"rendered":"<p>&nbsp;<\/p>\n<ul>\n<li><strong>Colaboraci\u00f3n para garantizar el derecho humano al l\u00edquido<\/strong><\/li>\n<\/ul>\n<p>&nbsp;<\/p>\n<div id=\"attachment_707963\" style=\"width: 425px\" class=\"wp-caption alignnone\"><img loading=\"lazy\" decoding=\"async\" aria-describedby=\"caption-attachment-707963\" class=\"wp-image-707963 size-large\" src=\"https:\/\/www.diarioimagen.net\/wp-content\/uploads\/2026\/02\/CONAGUA-ok-3-415x270.jpg\" alt=\"\" width=\"415\" height=\"270\" srcset=\"https:\/\/www.diarioimagen.net\/wp-content\/uploads\/2026\/02\/CONAGUA-ok-3-415x270.jpg 415w, https:\/\/www.diarioimagen.net\/wp-content\/uploads\/2026\/02\/CONAGUA-ok-3-240x156.jpg 240w, https:\/\/www.diarioimagen.net\/wp-content\/uploads\/2026\/02\/CONAGUA-ok-3-768x500.jpg 768w, https:\/\/www.diarioimagen.net\/wp-content\/uploads\/2026\/02\/CONAGUA-ok-3.jpg 1500w\" sizes=\"auto, (max-width: 415px) 100vw, 415px\" \/><p id=\"caption-attachment-707963\" class=\"wp-caption-text\">Directivos de la Conagua y representantes de la Canadevi y de las asociaciones de Desarrolladores Inmobiliarios, de Parques Industriales, y Mexicana de Fibras Inmobiliarias se reunieron para fortalecer las normas reglamentarias de la Ley General del Agua.<\/p><\/div>\n<p>Como parte del Acuerdo Nacional por el Derecho Humano al Agua y la Sustentabilidad, impulsado por el Gobierno de M\u00e9xico, directivos de la Comisi\u00f3n Nacional del Agua (Conagua) y representantes de la C\u00e1mara Nacional de la Industria de Desarrollo y Promoci\u00f3n de Vivienda (Canadevi) y de las asociaciones de Desarrolladores Inmobiliarios (ADI), de Parques Industriales (AMPIP), y Mexicana de Fibras Inmobiliarias (Amefibra), se reunieron para fortalecer las normas reglamentarias de la Ley General del Agua y reformas a la Ley de Aguas Nacionales, publicadas el pasado 11 de diciembre.<\/p>\n<p>En la reuni\u00f3n, encabezada por Mauricio Rodr\u00edguez Alonso, Subdirector General de Administraci\u00f3n del Agua, y Oscar Zavala Gamboa, Subdirector General Jur\u00eddico, en representaci\u00f3n del Director General de la Conagua, Efra\u00edn Morales L\u00f3pez, se destac\u00f3 la colaboraci\u00f3n en torno a un marco reglamentario que permita garantizar el derecho humano al agua y la soberan\u00eda alimentaria, as\u00ed como el desarrollo nacional, con acceso a la vivienda y la operaci\u00f3n de parques industriales, como mecanismos para una mejor calidad de vida, generaci\u00f3n de empleos y desarrollo econ\u00f3mico.<\/p>\n<p>Asimismo, como parte de esta colaboraci\u00f3n, se establecieron mesas de seguimiento para escuchar propuestas que fortalezcan la construcci\u00f3n de las normas reglamentarias acordes a las necesidades del pa\u00eds y la poblaci\u00f3n, con lo cual se coadyuvar\u00e1 a la regularizaci\u00f3n de los t\u00edtulos de concesi\u00f3n del sector, con la finalidad de otorgar certeza jur\u00eddica a los usuarios de las aguas nacionales y consolidar el ordenamiento del uso del agua en todo el pa\u00eds.<\/p>\n<p>Bosco Quinza\u00f1os Oria, Presidente de la ADI, destac\u00f3 la apertura para permitir la suma de esfuerzos en el ordenamiento de las concesiones, impulsado por la Presidenta Claudia Sheinbaum Pardo y el Director General de Conagua, Efra\u00edn Morales L\u00f3pez, en el marco del Plan Nacional H\u00eddrico.<\/p>\n<p>Conagua reitera su compromiso de establecer v\u00ednculos con todos los sectores, con el fin de consolidar un marco normativo que permita consolidar el derecho humano al agua para todos los sectores, pero particularmente para la poblaci\u00f3n con m\u00e1s necesidades de agua.<\/p>\n<p>&nbsp;<\/p>\n<p>&nbsp;<\/p>\n","protected":false},"excerpt":{"rendered":"<p>&nbsp; Colaboraci\u00f3n para garantizar el derecho humano al l\u00edquido &nbsp; Como parte del Acuerdo Nacional por el Derecho Humano al Agua y la Sustentabilidad, impulsado por el Gobierno de M\u00e9xico, directivos de la Comisi\u00f3n Nacional del Agua (Conagua) y representantes de la C\u00e1mara Nacional de la Industria de Desarrollo y Promoci\u00f3n de Vivienda (Canadevi) y [&hellip;]<\/p>\n","protected":false},"author":14,"featured_media":707963,"comment_status":"open","ping_status":"open","sticky":false,"template":"","format":"standard","meta":{"_monsterinsights_skip_tracking":false,"_monsterinsights_sitenote_active":false,"_monsterinsights_sitenote_note":"","_monsterinsights_sitenote_category":0,"footnotes":""},"categories":[3],"tags":[],"class_list":["post-707962","post","type-post","status-publish","format-standard","has-post-thumbnail","hentry","category-nacional"],"_links":{"self":[{"href":"https:\/\/www.diarioimagen.net\/index.php?rest_route=\/wp\/v2\/posts\/707962","targetHints":{"allow":["GET"]}}],"collection":[{"href":"https:\/\/www.diarioimagen.net\/index.php?rest_route=\/wp\/v2\/posts"}],"about":[{"href":"https:\/\/www.diarioimagen.net\/index.php?rest_route=\/wp\/v2\/types\/post"}],"author":[{"embeddable":true,"href":"https:\/\/www.diarioimagen.net\/index.php?rest_route=\/wp\/v2\/users\/14"}],"replies":[{"embeddable":true,"href":"https:\/\/www.diarioimagen.net\/index.php?rest_route=%2Fwp%2Fv2%2Fcomments&post=707962"}],"version-history":[{"count":1,"href":"https:\/\/www.diarioimagen.net\/index.php?rest_route=\/wp\/v2\/posts\/707962\/revisions"}],"predecessor-version":[{"id":707964,"href":"https:\/\/www.diarioimagen.net\/index.php?rest_route=\/wp\/v2\/posts\/707962\/revisions\/707964"}],"wp:featuredmedia":[{"embeddable":true,"href":"https:\/\/www.diarioimagen.net\/index.php?rest_route=\/wp\/v2\/media\/707963"}],"wp:attachment":[{"href":"https:\/\/www.diarioimagen.net\/index.php?rest_route=%2Fwp%2Fv2%2Fmedia&parent=707962"}],"wp:term":[{"taxonomy":"category","embeddable":true,"href":"https:\/\/www.diarioimagen.net\/index.php?rest_route=%2Fwp%2Fv2%2Fcategories&post=707962"},{"taxonomy":"post_tag","embeddable":true,"href":"https:\/\/www.diarioimagen.net\/index.php?rest_route=%2Fwp%2Fv2%2Ftags&post=707962"}],"curies":[{"name":"wp","href":"https:\/\/api.w.org\/{rel}","templated":true}]}}