{"id":707970,"date":"2026-02-17T21:21:25","date_gmt":"2026-02-18T03:21:25","guid":{"rendered":"https:\/\/www.diarioimagen.net\/?p=707970"},"modified":"2026-02-17T21:21:25","modified_gmt":"2026-02-18T03:21:25","slug":"modernizan-canales-de-riego-para-facilitar-el-acceso-de-agua-a-productores-del-campo","status":"publish","type":"post","link":"https:\/\/www.diarioimagen.net\/?p=707970","title":{"rendered":"\u00a0  Modernizan canales de riego para facilitar  el acceso de agua a productores del campo"},"content":{"rendered":"<ul>\n<li><strong>Se rehabilitaron 7.5 kil\u00f3metros en Temascalcingo<\/strong><\/li>\n<li><strong>Estos trabajos se suman al objetivo de la gobernadora Delfina G\u00f3mez \u00c1lvarez de hacer de \u201c2026, El A\u00f1o de las Obras en Edomex\u201d<\/strong><\/li>\n<\/ul>\n<p><img loading=\"lazy\" decoding=\"async\" class=\"alignnone wp-image-707971 size-large\" src=\"https:\/\/www.diarioimagen.net\/wp-content\/uploads\/2026\/02\/EDOMEX-1-ok-11-405x270.jpg\" alt=\"\" width=\"405\" height=\"270\" srcset=\"https:\/\/www.diarioimagen.net\/wp-content\/uploads\/2026\/02\/EDOMEX-1-ok-11-405x270.jpg 405w, https:\/\/www.diarioimagen.net\/wp-content\/uploads\/2026\/02\/EDOMEX-1-ok-11-240x160.jpg 240w, https:\/\/www.diarioimagen.net\/wp-content\/uploads\/2026\/02\/EDOMEX-1-ok-11-768x512.jpg 768w, https:\/\/www.diarioimagen.net\/wp-content\/uploads\/2026\/02\/EDOMEX-1-ok-11.jpg 1500w\" sizes=\"auto, (max-width: 405px) 100vw, 405px\" \/><\/p>\n<p>Temascalcingo, Estado de M\u00e9xico.\u2013 Con el prop\u00f3sito de modernizar la infraestructura para mejorar el abastecimiento de agua en beneficio de m\u00e1s de 3 mil 200 productoras y productores del campo del Estado de M\u00e9xico, los gobiernos estatal y federal destinaron 9 millones 662 mil 148 pesos para la rehabilitaci\u00f3n de 7.5 kil\u00f3metros de canales en el M\u00f3dulo Temascalcingo del Distrito de Riego 033.<\/p>\n<p>La inversi\u00f3n se realiz\u00f3 mediante el Programa de Apoyo a la Infraestructura Hidroagr\u00edcola, esquema en el que la Comisi\u00f3n Nacional del Agua (Conagua) aporta el 50 por ciento de los recursos y el Gobierno de la Maestra Delfina G\u00f3mez \u00c1lvarez cubre la parte correspondiente a las y los productores.<\/p>\n<p>Con esta obra se garantiza el acceso al agua para quienes cultivan ma\u00edz, avena cebadera y trigo en m\u00e1s de 5 mil hect\u00e1reas. Estos trabajos se suman al objetivo de la Gobernadora mexiquense de hacer de \u201c2026, El A\u00f1o de las Obras en EdoM\u00e9x\u201d.<\/p>\n<p>Mar\u00eda Eugenia Rojano Vald\u00e9s, Secretaria del Campo, destac\u00f3 la importancia de invertir en infraestructura que permita un uso m\u00e1s eficiente del recurso h\u00eddrico, \u201cque no se nos olvide que estos recursos provienen de los impuestos y que los programas son esfuerzos coordinados de los tres \u00f3rdenes de gobierno para avanzar en acciones para hacer m\u00e1s eficiente el trabajo en el campo\u201d, se\u00f1al\u00f3.<\/p>\n<p>En el evento de la entrega de obra participaron funcionarios federales, estatales y municipales, as\u00ed como representantes e integrantes del sector.<\/p>\n<p>&nbsp;<\/p>\n<p><strong>Eval\u00faan reconstrucci\u00f3n de vialidades que conectan a siete municipios de zona norte<\/strong><\/p>\n<p>&nbsp;<\/p>\n<p>Como parte de las acciones que lleva a cabo el Gobierno del Estado de M\u00e9xico para transformar la movilidad y mejorar la calidad de vida de los mexiquenses, Juan Hugo de la Rosa Garc\u00eda, Secretario de Movilidad, recorri\u00f3 vialidades que conectan a siete municipios del norte del Estado de M\u00e9xico para evaluar y dise\u00f1ar un diagn\u00f3stico de aquellas que requieren de una reconstrucci\u00f3n urgente.<\/p>\n<p>En el marco de la estrategia \u201c2026, El A\u00f1o de las Obras en EdoM\u00e9x\u201d, el funcionario record\u00f3 que el compromiso de la Gobernadora Delfina G\u00f3mez \u00c1lvarez es atender los principales problemas de la gente; por ello, la prioridad es que cada metro cuadrado de reconstrucci\u00f3n de vialidades sea en el beneficio de las comunidades.<\/p>\n<p>&nbsp;<\/p>\n<p>&nbsp;<\/p>\n<p>&nbsp;<\/p>\n","protected":false},"excerpt":{"rendered":"<p>Se rehabilitaron 7.5 kil\u00f3metros en Temascalcingo Estos trabajos se suman al objetivo de la gobernadora Delfina G\u00f3mez \u00c1lvarez de hacer de \u201c2026, El A\u00f1o de las Obras en Edomex\u201d Temascalcingo, Estado de M\u00e9xico.\u2013 Con el prop\u00f3sito de modernizar la infraestructura para mejorar el abastecimiento de agua en beneficio de m\u00e1s de 3 mil 200 productoras [&hellip;]<\/p>\n","protected":false},"author":14,"featured_media":707971,"comment_status":"open","ping_status":"open","sticky":false,"template":"","format":"standard","meta":{"_monsterinsights_skip_tracking":false,"_monsterinsights_sitenote_active":false,"_monsterinsights_sitenote_note":"","_monsterinsights_sitenote_category":0,"footnotes":""},"categories":[5],"tags":[],"class_list":["post-707970","post","type-post","status-publish","format-standard","has-post-thumbnail","hentry","category-estado-de-mexico"],"_links":{"self":[{"href":"https:\/\/www.diarioimagen.net\/index.php?rest_route=\/wp\/v2\/posts\/707970","targetHints":{"allow":["GET"]}}],"collection":[{"href":"https:\/\/www.diarioimagen.net\/index.php?rest_route=\/wp\/v2\/posts"}],"about":[{"href":"https:\/\/www.diarioimagen.net\/index.php?rest_route=\/wp\/v2\/types\/post"}],"author":[{"embeddable":true,"href":"https:\/\/www.diarioimagen.net\/index.php?rest_route=\/wp\/v2\/users\/14"}],"replies":[{"embeddable":true,"href":"https:\/\/www.diarioimagen.net\/index.php?rest_route=%2Fwp%2Fv2%2Fcomments&post=707970"}],"version-history":[{"count":1,"href":"https:\/\/www.diarioimagen.net\/index.php?rest_route=\/wp\/v2\/posts\/707970\/revisions"}],"predecessor-version":[{"id":707972,"href":"https:\/\/www.diarioimagen.net\/index.php?rest_route=\/wp\/v2\/posts\/707970\/revisions\/707972"}],"wp:featuredmedia":[{"embeddable":true,"href":"https:\/\/www.diarioimagen.net\/index.php?rest_route=\/wp\/v2\/media\/707971"}],"wp:attachment":[{"href":"https:\/\/www.diarioimagen.net\/index.php?rest_route=%2Fwp%2Fv2%2Fmedia&parent=707970"}],"wp:term":[{"taxonomy":"category","embeddable":true,"href":"https:\/\/www.diarioimagen.net\/index.php?rest_route=%2Fwp%2Fv2%2Fcategories&post=707970"},{"taxonomy":"post_tag","embeddable":true,"href":"https:\/\/www.diarioimagen.net\/index.php?rest_route=%2Fwp%2Fv2%2Ftags&post=707970"}],"curies":[{"name":"wp","href":"https:\/\/api.w.org\/{rel}","templated":true}]}}