{"id":708210,"date":"2026-02-18T21:59:58","date_gmt":"2026-02-19T03:59:58","guid":{"rendered":"https:\/\/www.diarioimagen.net\/?p=708210"},"modified":"2026-02-18T21:59:58","modified_gmt":"2026-02-19T03:59:58","slug":"con-musica-la-uaemex-fortalece-la-identidad-universitaria","status":"publish","type":"post","link":"https:\/\/www.diarioimagen.net\/?p=708210","title":{"rendered":"Con m\u00fasica, la UAEM\u00e9x fortalece la identidad universitaria"},"content":{"rendered":"<div id=\"attachment_708211\" style=\"width: 456px\" class=\"wp-caption alignnone\"><img loading=\"lazy\" decoding=\"async\" aria-describedby=\"caption-attachment-708211\" class=\"wp-image-708211 size-large\" src=\"https:\/\/www.diarioimagen.net\/wp-content\/uploads\/2026\/02\/UAEM-2-6-446x270.jpg\" alt=\"\" width=\"446\" height=\"270\" srcset=\"https:\/\/www.diarioimagen.net\/wp-content\/uploads\/2026\/02\/UAEM-2-6-446x270.jpg 446w, https:\/\/www.diarioimagen.net\/wp-content\/uploads\/2026\/02\/UAEM-2-6-240x145.jpg 240w, https:\/\/www.diarioimagen.net\/wp-content\/uploads\/2026\/02\/UAEM-2-6-768x465.jpg 768w, https:\/\/www.diarioimagen.net\/wp-content\/uploads\/2026\/02\/UAEM-2-6-1536x930.jpg 1536w, https:\/\/www.diarioimagen.net\/wp-content\/uploads\/2026\/02\/UAEM-2-6.jpg 1575w\" sizes=\"auto, (max-width: 446px) 100vw, 446px\" \/><p id=\"caption-attachment-708211\" class=\"wp-caption-text\">El concierto M\u00fasica del Coraz\u00f3n Universitario reuni\u00f3 a estudiantes, artistas y emprendedores en una celebraci\u00f3n cultural marcada por el romanticismo y la diversidad musical.<\/p><\/div>\n<p><strong>\u00a0<\/strong><\/p>\n<p>&nbsp;<\/p>\n<p>Toluca, M\u00e9x.- La Universidad Aut\u00f3noma del Estado de M\u00e9xico (UAEM\u00e9x), a trav\u00e9s de la Direcci\u00f3n de Promoci\u00f3n Art\u00edstica, realiz\u00f3 el concierto M\u00fasica del Coraz\u00f3n Universitario, una propuesta concebida para conmemorar el D\u00eda del Amor y la Amistad y fortalecer los lazos de convivencia entre la comunidad verde y oro.<\/p>\n<p>En representaci\u00f3n de la rectora Martha Patricia Zarza Delgado, la titular de la Secretar\u00eda de Identidad y Cultura, Cynthia Ortega Salgado, dirigi\u00f3 un mensaje a la comunidad universitaria y al p\u00fablico asistente, en el que destac\u00f3 el poder de la m\u00fasica como un lenguaje que une, emociona y acompa\u00f1a los momentos compartidos con los seres queridos.<\/p>\n<p>Asimismo, subray\u00f3 que el conocimiento forma parte esencial del amor y que este debe asumirse como una elecci\u00f3n consciente y un valor que orienta la convivencia cotidiana.<\/p>\n<p>\u201cSi elegimos amar, adoptamos una filosof\u00eda para dejar de ser indiferentes. Sigamos fortaleciendo una convivencia universitaria desde el amor\u201d, expres\u00f3 en la Unidad Deportiva \u201cLic. Adolfo L\u00f3pez Mateos\u201d.<\/p>\n<p>El programa art\u00edstico inici\u00f3 con la participaci\u00f3n del Coro Universitario de la UAEM\u00e9x, bajo la direcci\u00f3n de Emilio Hern\u00e1ndez, que interpret\u00f3 un repertorio integrado por cl\u00e1sicos del bolero, la salsa y el mariachi, provenientes de diversos pa\u00edses de Latinoam\u00e9rica, creando una atm\u00f3sfera de nostalgia y romanticismo que cautiv\u00f3 al p\u00fablico.<\/p>\n<p>Posteriormente, el grupo musical mexiquense Geosmina ofreci\u00f3 un repertorio alusivo a la fecha, en el que destac\u00f3 su versatilidad sonora y su capacidad para construir ambientes \u00edntimos y emotivos que conectaron de manera directa con las y los asistentes.<\/p>\n<p>El cierre del concierto estuvo a cargo de la orquesta Zona de Rumba, dirigida por Gil Morales, que con m\u00e1s de 15 a\u00f1os de trayectoria imprimi\u00f3 ritmo, energ\u00eda y baile a la velada mediante la interpretaci\u00f3n de piezas latinas a cargo de j\u00f3venes m\u00fasicos.<\/p>\n<p>El evento tambi\u00e9n cont\u00f3 con la participaci\u00f3n de estudiantes integrantes del Mercado Emprendedor Universitario, quienes exhibieron productos y proyectos que reflejan la creatividad, el talento y el esp\u00edritu innovador que distingue a la comunidad auriverde.<\/p>\n<p>Con M\u00fasica del Coraz\u00f3n Universitario, la UAEM\u00e9x refrend\u00f3 su compromiso con la promoci\u00f3n de experiencias culturales que fomentan el encuentro, el bienestar colectivo y la construcci\u00f3n de comunidades sanas, solidarias y participativas.<\/p>\n<p>&nbsp;<\/p>\n<p>&nbsp;<\/p>\n<p><strong>\u00a0<\/strong><\/p>\n<p>&nbsp;<\/p>\n<p><strong>\u00a0<\/strong><\/p>\n","protected":false},"excerpt":{"rendered":"<p>\u00a0 &nbsp; Toluca, M\u00e9x.- La Universidad Aut\u00f3noma del Estado de M\u00e9xico (UAEM\u00e9x), a trav\u00e9s de la Direcci\u00f3n de Promoci\u00f3n Art\u00edstica, realiz\u00f3 el concierto M\u00fasica del Coraz\u00f3n Universitario, una propuesta concebida para conmemorar el D\u00eda del Amor y la Amistad y fortalecer los lazos de convivencia entre la comunidad verde y oro. En representaci\u00f3n de la [&hellip;]<\/p>\n","protected":false},"author":14,"featured_media":708211,"comment_status":"open","ping_status":"open","sticky":false,"template":"","format":"standard","meta":{"_monsterinsights_skip_tracking":false,"_monsterinsights_sitenote_active":false,"_monsterinsights_sitenote_note":"","_monsterinsights_sitenote_category":0,"footnotes":""},"categories":[16,5],"tags":[],"class_list":["post-708210","post","type-post","status-publish","format-standard","has-post-thumbnail","hentry","category-destacadas","category-estado-de-mexico"],"_links":{"self":[{"href":"https:\/\/www.diarioimagen.net\/index.php?rest_route=\/wp\/v2\/posts\/708210","targetHints":{"allow":["GET"]}}],"collection":[{"href":"https:\/\/www.diarioimagen.net\/index.php?rest_route=\/wp\/v2\/posts"}],"about":[{"href":"https:\/\/www.diarioimagen.net\/index.php?rest_route=\/wp\/v2\/types\/post"}],"author":[{"embeddable":true,"href":"https:\/\/www.diarioimagen.net\/index.php?rest_route=\/wp\/v2\/users\/14"}],"replies":[{"embeddable":true,"href":"https:\/\/www.diarioimagen.net\/index.php?rest_route=%2Fwp%2Fv2%2Fcomments&post=708210"}],"version-history":[{"count":1,"href":"https:\/\/www.diarioimagen.net\/index.php?rest_route=\/wp\/v2\/posts\/708210\/revisions"}],"predecessor-version":[{"id":708213,"href":"https:\/\/www.diarioimagen.net\/index.php?rest_route=\/wp\/v2\/posts\/708210\/revisions\/708213"}],"wp:featuredmedia":[{"embeddable":true,"href":"https:\/\/www.diarioimagen.net\/index.php?rest_route=\/wp\/v2\/media\/708211"}],"wp:attachment":[{"href":"https:\/\/www.diarioimagen.net\/index.php?rest_route=%2Fwp%2Fv2%2Fmedia&parent=708210"}],"wp:term":[{"taxonomy":"category","embeddable":true,"href":"https:\/\/www.diarioimagen.net\/index.php?rest_route=%2Fwp%2Fv2%2Fcategories&post=708210"},{"taxonomy":"post_tag","embeddable":true,"href":"https:\/\/www.diarioimagen.net\/index.php?rest_route=%2Fwp%2Fv2%2Ftags&post=708210"}],"curies":[{"name":"wp","href":"https:\/\/api.w.org\/{rel}","templated":true}]}}