{"id":708214,"date":"2026-02-18T22:01:08","date_gmt":"2026-02-19T04:01:08","guid":{"rendered":"https:\/\/www.diarioimagen.net\/?p=708214"},"modified":"2026-02-18T22:01:08","modified_gmt":"2026-02-19T04:01:08","slug":"la-electoral-super-atorada","status":"publish","type":"post","link":"https:\/\/www.diarioimagen.net\/?p=708214","title":{"rendered":"La electoral, super atorada"},"content":{"rendered":"<p>&nbsp;<\/p>\n<p><strong>TRAS LA PUERTA DEL PODER:<\/strong> Roberto Vizca\u00edno<\/p>\n<p>&nbsp;<\/p>\n<p>\u201cNadie est\u00e1 obligado a lo imposible\u2026\u201d<br \/>\nUna respuesta de Ricardo Monreal define el muy posible destino en el Congreso del proyecto de la reforma electoral que Andr\u00e9s Manuel L\u00f3pez Obrador le hered\u00f3 a la presidenta Claudia Sheinbaum para darle la puntilla al sistema democr\u00e1tico imperfecto construido por todas las fuerzas pol\u00edticas a partir de las cuestionadas elecciones de 1988 encabezadas por el ingeniero Cuauht\u00e9moc C\u00e1rdenas.<br \/>\nReconocido como el gran negociador de la 4T en el Legislativo, Monreal explica que las condiciones a este reiterado intento de reforma electoral, que viene impulsando AMLO desde el tercer a\u00f1o de su mandato, simplemente no logra el apoyo del PT y el Verde.<br \/>\nY sin ellos no hay posibilidad de que se apruebe porque las solas bancadas de Morena en el Senado y la C\u00e1mara de Diputados no alcanzan la mayor\u00eda constitucional requerida de las dos terceras partes de cada c\u00e1mara.<br \/>\nPara PT y Verde hay un punto insalvable: el intento de desaparecer parcial o totalmente las figuras de diputados y senadores plurinominales.<br \/>\nOtro es el de disminuir el financiamiento p\u00fablico a partidos.<br \/>\nEn la iniciativa de reforma electoral de AMLO-Sheinbaum est\u00e1n otros dos puntos que la oposici\u00f3n y asociaciones no gubernamentales exigen no apoyar: es la desaparici\u00f3n del INE y las Oples estatales.<br \/>\nTodo indica que la iniciativa de reforma electoral -que la AMLO intent\u00f3 infructuosamente tres veces que fuese aprobada en su sexenio- ser\u00e1 enviada a inicios de la pr\u00f3xima semana muy posiblemente a la C\u00e1mara de Diputados, pero igualmente podr\u00eda ser entregada al Senado.<br \/>\nLa presidenta Sheinbaum decidir\u00e1 por d\u00f3nde comienza el proceso de esa iniciativa.<br \/>\nEn las dos c\u00e1maras la reticencia del PT y del Verde a apoyarla es la misma. Y a\u00fan cuando fuese aprobada por todos ellos en una, en la otra c\u00e1mara podr\u00eda ser desechada por alguno de ellos, ya sea por PT o por el Verde.<br \/>\nEn este contexto, Ricardo Monreal es directo:<br \/>\n\u201cNo hay nada amarrado\u2026\u201d<br \/>\nExplica:<br \/>\n\u201cHa sido un debate intenso\u2026 de que 100 diputados se eligieran por el principio del mejor perdedor, o sea, el que quedara en segundo lugar en los distritos, y los otros 100, a trav\u00e9s de una f\u00f3rmula de elecci\u00f3n, una boleta donde se votaran a los mejores, y en raz\u00f3n de eso podr\u00eda ser que el n\u00famero \u00faltimo de la lista pudiera ser el de mayores votos, que altera la f\u00f3rmula que actualmente tenemos, porque actualmente son del 1 hasta el 40 y as\u00ed se seleccionan en raz\u00f3n de prioridad.<br \/>\n\u201cPero no hubo avances\u2026 no hay avances en ese tema (el de disminuir o desaparecer pluris) y, obviamente, yo conozco a la Presidenta como ustedes la conocen, y es una mujer que es consecuente con lo que dice y lo que hace\u2026<br \/>\n\u201cY, evidentemente, ella sigue sosteniendo que la f\u00f3rmula de integraci\u00f3n de la C\u00e1mara debe estar conformada con menos plurinominales, con nuevas f\u00f3rmulas de elecci\u00f3n, y que el costo de las campa\u00f1as, junto con el costo de los \u00f3rganos electorales, es desmedido para una democracia con problemas econ\u00f3micos.<br \/>\n\u201cEntonces, son temas, y la fiscalizaci\u00f3n, para que no se infiltre dinero il\u00edcito a las campa\u00f1as, y agrega ella el voto de los mexicanos en el extranjero, para que no haya simulaci\u00f3n, o que no haya alteraci\u00f3n de que los verdaderos migrantes sean representados\u201d.<br \/>\n-\u00bfSi ellos (PT y Verde? no mueven su postura hay posibilidades de que no haya reforma?, se le insiste.<br \/>\n-\u201c\u2026 es la pregunta y para m\u00ed ser\u00e1 muy dif\u00edcil buscar los acuerdos para la mayor\u00eda calificada\u201d, responde el zacatecano.<br \/>\n-\u00bfVe dif\u00edcil que salga?, se le insiste.<br \/>\n-\u201c\u2026 no puedo adelantar nada\u201d, reitera.<br \/>\nEn la otra c\u00e1mara, el nuevo coordinador de Morena, el poblano Ignacio Mier, responde lo mismo.<\/p>\n<p>A Ad\u00e1n Augusto lo sigue el esc\u00e1ndalo<\/p>\n<p>Quien no ve la suya es Ad\u00e1n Augusto L\u00f3pez, pues la fiscal\u00eda de Baja California Sur le tiene abierto un proceso algunos de sus exfuncionarios por desviar 10 millones de pesos del gobierno del estado en favor del tabasque\u00f1o en la interna de Morena por la candidatura de la presidencia en 2024.<br \/>\nReiterado el caso, la fiscal\u00eda de BC Sur se encuentra en la disyuntiva de solicitar amablemente la comparecencia del ex coordinador de los senadores de Morena para que responda por el hecho.<br \/>\nO sea que no se le alivia ninguno de sus expedientes.<\/p>\n<p>Twitter: @_Vizcaino \/ Facebook<br \/>\n\/ https:\/\/www.facebook.com\/rvizcainoa \/<br \/>\ne-mail: rvizcainoa@gmail.com<\/p>\n","protected":false},"excerpt":{"rendered":"<p>&nbsp; TRAS LA PUERTA DEL PODER: Roberto Vizca\u00edno &nbsp; \u201cNadie est\u00e1 obligado a lo imposible\u2026\u201d Una respuesta de Ricardo Monreal define el muy posible destino en el Congreso del proyecto de la reforma electoral que Andr\u00e9s Manuel L\u00f3pez Obrador le hered\u00f3 a la presidenta Claudia Sheinbaum para darle la puntilla al sistema democr\u00e1tico imperfecto construido [&hellip;]<\/p>\n","protected":false},"author":14,"featured_media":0,"comment_status":"open","ping_status":"open","sticky":false,"template":"","format":"standard","meta":{"_monsterinsights_skip_tracking":false,"_monsterinsights_sitenote_active":false,"_monsterinsights_sitenote_note":"","_monsterinsights_sitenote_category":0,"footnotes":""},"categories":[4,136],"tags":[],"class_list":["post-708214","post","type-post","status-publish","format-standard","hentry","category-opinion","category-roberto-vizcaino-opinion"],"_links":{"self":[{"href":"https:\/\/www.diarioimagen.net\/index.php?rest_route=\/wp\/v2\/posts\/708214","targetHints":{"allow":["GET"]}}],"collection":[{"href":"https:\/\/www.diarioimagen.net\/index.php?rest_route=\/wp\/v2\/posts"}],"about":[{"href":"https:\/\/www.diarioimagen.net\/index.php?rest_route=\/wp\/v2\/types\/post"}],"author":[{"embeddable":true,"href":"https:\/\/www.diarioimagen.net\/index.php?rest_route=\/wp\/v2\/users\/14"}],"replies":[{"embeddable":true,"href":"https:\/\/www.diarioimagen.net\/index.php?rest_route=%2Fwp%2Fv2%2Fcomments&post=708214"}],"version-history":[{"count":1,"href":"https:\/\/www.diarioimagen.net\/index.php?rest_route=\/wp\/v2\/posts\/708214\/revisions"}],"predecessor-version":[{"id":708218,"href":"https:\/\/www.diarioimagen.net\/index.php?rest_route=\/wp\/v2\/posts\/708214\/revisions\/708218"}],"wp:attachment":[{"href":"https:\/\/www.diarioimagen.net\/index.php?rest_route=%2Fwp%2Fv2%2Fmedia&parent=708214"}],"wp:term":[{"taxonomy":"category","embeddable":true,"href":"https:\/\/www.diarioimagen.net\/index.php?rest_route=%2Fwp%2Fv2%2Fcategories&post=708214"},{"taxonomy":"post_tag","embeddable":true,"href":"https:\/\/www.diarioimagen.net\/index.php?rest_route=%2Fwp%2Fv2%2Ftags&post=708214"}],"curies":[{"name":"wp","href":"https:\/\/api.w.org\/{rel}","templated":true}]}}