{"id":708339,"date":"2026-02-19T20:30:09","date_gmt":"2026-02-20T02:30:09","guid":{"rendered":"https:\/\/www.diarioimagen.net\/?p=708339"},"modified":"2026-02-19T20:30:09","modified_gmt":"2026-02-20T02:30:09","slug":"impulsa-raciel-perez-cruz-modernizacion-administrativa-en-tlalnepantla","status":"publish","type":"post","link":"https:\/\/www.diarioimagen.net\/?p=708339","title":{"rendered":"Impulsa Raciel P\u00e9rez Cruz modernizaci\u00f3n administrativa en Tlalnepantla"},"content":{"rendered":"<p><img loading=\"lazy\" decoding=\"async\" class=\"alignnone wp-image-708341 size-large\" src=\"https:\/\/www.diarioimagen.net\/wp-content\/uploads\/2026\/02\/Captura-de-Pantalla-2026-02-19-a-las-20.26.22-432x270.png\" alt=\"\" width=\"432\" height=\"270\" srcset=\"https:\/\/www.diarioimagen.net\/wp-content\/uploads\/2026\/02\/Captura-de-Pantalla-2026-02-19-a-las-20.26.22-432x270.png 432w, https:\/\/www.diarioimagen.net\/wp-content\/uploads\/2026\/02\/Captura-de-Pantalla-2026-02-19-a-las-20.26.22-240x150.png 240w, https:\/\/www.diarioimagen.net\/wp-content\/uploads\/2026\/02\/Captura-de-Pantalla-2026-02-19-a-las-20.26.22-768x479.png 768w, https:\/\/www.diarioimagen.net\/wp-content\/uploads\/2026\/02\/Captura-de-Pantalla-2026-02-19-a-las-20.26.22-1536x959.png 1536w, https:\/\/www.diarioimagen.net\/wp-content\/uploads\/2026\/02\/Captura-de-Pantalla-2026-02-19-a-las-20.26.22-2048x1279.png 2048w\" sizes=\"auto, (max-width: 432px) 100vw, 432px\" \/><\/p>\n<p>&nbsp;<\/p>\n<p>Tlalnepantla, M\u00e9x.- El presidente municipal Raciel P\u00e9rez Cruz encabez\u00f3 en sesi\u00f3n de Cabildo la aprobaci\u00f3n de nuevos reglamentos para eficientar los servicios de agua y el ordenamiento urbano de la demarcaci\u00f3n territorial. Se ratific\u00f3 el nombramiento del nuevo titular de Protecci\u00f3n Civil, Bomberos y Gesti\u00f3n Integral de Riesgos para fortalecer la capacidad de respuesta ante emergencias. El alcalde impuls\u00f3 la aprobaci\u00f3n de reformas estrat\u00e9gicas al Reglamento Interno del OPDM, as\u00ed como la creaci\u00f3n de una nueva normativa para regular las descargas de aguas residuales de usuarios no dom\u00e9sticos, con lo que se asegura una gesti\u00f3n h\u00eddrica m\u00e1s responsable y moderna para las y los habitantes de Tlalnepantla.<\/p>\n","protected":false},"excerpt":{"rendered":"<p>&nbsp; Tlalnepantla, M\u00e9x.- El presidente municipal Raciel P\u00e9rez Cruz encabez\u00f3 en sesi\u00f3n de Cabildo la aprobaci\u00f3n de nuevos reglamentos para eficientar los servicios de agua y el ordenamiento urbano de la demarcaci\u00f3n territorial. Se ratific\u00f3 el nombramiento del nuevo titular de Protecci\u00f3n Civil, Bomberos y Gesti\u00f3n Integral de Riesgos para fortalecer la capacidad de respuesta [&hellip;]<\/p>\n","protected":false},"author":14,"featured_media":708341,"comment_status":"open","ping_status":"open","sticky":false,"template":"","format":"standard","meta":{"_monsterinsights_skip_tracking":false,"_monsterinsights_sitenote_active":false,"_monsterinsights_sitenote_note":"","_monsterinsights_sitenote_category":0,"footnotes":""},"categories":[5],"tags":[],"class_list":["post-708339","post","type-post","status-publish","format-standard","has-post-thumbnail","hentry","category-estado-de-mexico"],"_links":{"self":[{"href":"https:\/\/www.diarioimagen.net\/index.php?rest_route=\/wp\/v2\/posts\/708339","targetHints":{"allow":["GET"]}}],"collection":[{"href":"https:\/\/www.diarioimagen.net\/index.php?rest_route=\/wp\/v2\/posts"}],"about":[{"href":"https:\/\/www.diarioimagen.net\/index.php?rest_route=\/wp\/v2\/types\/post"}],"author":[{"embeddable":true,"href":"https:\/\/www.diarioimagen.net\/index.php?rest_route=\/wp\/v2\/users\/14"}],"replies":[{"embeddable":true,"href":"https:\/\/www.diarioimagen.net\/index.php?rest_route=%2Fwp%2Fv2%2Fcomments&post=708339"}],"version-history":[{"count":1,"href":"https:\/\/www.diarioimagen.net\/index.php?rest_route=\/wp\/v2\/posts\/708339\/revisions"}],"predecessor-version":[{"id":708347,"href":"https:\/\/www.diarioimagen.net\/index.php?rest_route=\/wp\/v2\/posts\/708339\/revisions\/708347"}],"wp:featuredmedia":[{"embeddable":true,"href":"https:\/\/www.diarioimagen.net\/index.php?rest_route=\/wp\/v2\/media\/708341"}],"wp:attachment":[{"href":"https:\/\/www.diarioimagen.net\/index.php?rest_route=%2Fwp%2Fv2%2Fmedia&parent=708339"}],"wp:term":[{"taxonomy":"category","embeddable":true,"href":"https:\/\/www.diarioimagen.net\/index.php?rest_route=%2Fwp%2Fv2%2Fcategories&post=708339"},{"taxonomy":"post_tag","embeddable":true,"href":"https:\/\/www.diarioimagen.net\/index.php?rest_route=%2Fwp%2Fv2%2Ftags&post=708339"}],"curies":[{"name":"wp","href":"https:\/\/api.w.org\/{rel}","templated":true}]}}