{"id":708391,"date":"2026-02-19T20:47:14","date_gmt":"2026-02-20T02:47:14","guid":{"rendered":"https:\/\/www.diarioimagen.net\/?p=708391"},"modified":"2026-02-19T20:47:14","modified_gmt":"2026-02-20T02:47:14","slug":"conmemora-gobernadora-delfina-gomez-el-113-aniversario-del-ejercito-mexicano","status":"publish","type":"post","link":"https:\/\/www.diarioimagen.net\/?p=708391","title":{"rendered":"\u00a0  Conmemora gobernadora Delfina G\u00f3mez  el 113 Aniversario del Ej\u00e9rcito Mexicano  \u00a0"},"content":{"rendered":"<ul>\n<li><strong>Reconocimientos a mujeres de las Fuerzas Armadas<\/strong><\/li>\n<li><strong>Reitera Comandante de la 22 Zona Militar, Armando L\u00f3pez Esquivel, compromiso en el trabajo coordinado para garantizar la paz de la poblaci\u00f3n mexiquense<\/strong><\/li>\n<\/ul>\n<div id=\"attachment_708392\" style=\"width: 415px\" class=\"wp-caption alignnone\"><img loading=\"lazy\" decoding=\"async\" aria-describedby=\"caption-attachment-708392\" class=\"wp-image-708392 size-large\" src=\"https:\/\/www.diarioimagen.net\/wp-content\/uploads\/2026\/02\/EDOMEX-1-ok-13-405x270.jpg\" alt=\"\" width=\"405\" height=\"270\" srcset=\"https:\/\/www.diarioimagen.net\/wp-content\/uploads\/2026\/02\/EDOMEX-1-ok-13-405x270.jpg 405w, https:\/\/www.diarioimagen.net\/wp-content\/uploads\/2026\/02\/EDOMEX-1-ok-13-240x160.jpg 240w, https:\/\/www.diarioimagen.net\/wp-content\/uploads\/2026\/02\/EDOMEX-1-ok-13-768x511.jpg 768w, https:\/\/www.diarioimagen.net\/wp-content\/uploads\/2026\/02\/EDOMEX-1-ok-13.jpg 1500w\" sizes=\"auto, (max-width: 405px) 100vw, 405px\" \/><p id=\"caption-attachment-708392\" class=\"wp-caption-text\">Delfina G\u00f3mez \u00c1lvarez asisti\u00f3 a la ceremonia conmemorativa del 113 Aniversario por el D\u00eda del Ej\u00e9rcito Mexicano en las instalaciones de la 22\/a Zona Militar en el municipio de Ray\u00f3n, donde entreg\u00f3 reconocimientos a tres mujeres integrantes de las Fuerzas Armadas.<\/p><\/div>\n<p>Ray\u00f3n, Estado de M\u00e9xico.\u2013 La gobernadora del Estado de M\u00e9xico, Delfina G\u00f3mez \u00c1lvarez, asisti\u00f3 a la ceremonia conmemorativa del 113 Aniversario por el D\u00eda del Ej\u00e9rcito Mexicano en las instalaciones de la 22\/a Zona Militar en el municipio de Ray\u00f3n, donde entreg\u00f3 reconocimientos a tres mujeres integrantes de las Fuerzas Armadas.<\/p>\n<p>&nbsp;<\/p>\n<p>&nbsp;<\/p>\n<p>&nbsp;<\/p>\n<p>El General de Brigada de Estado Mayor Armando L\u00f3pez Esquivel, Comandante de la 22\/a Zona Militar, orador principal, destac\u00f3 que el Ej\u00e9rcito, desde su creaci\u00f3n, se consolid\u00f3 como pilar fundamental para la defensa del Estado, \u201cdefender la integridad, independencia y soberan\u00eda de la naci\u00f3n es el principal compromiso por encima de cualquier inter\u00e9s particular\u201d.<\/p>\n<p>&nbsp;<\/p>\n<p>&nbsp;<\/p>\n<p>&nbsp;<\/p>\n<p>Reiter\u00f3 a la Gobernadora Delfina G\u00f3mez que el Ej\u00e9rcito Mexicano contin\u00faa las acciones de coordinaci\u00f3n de los tres \u00f3rdenes de gobierno, que se establecen en las Mesa de Paz a fin de garantizar un ambiente de tranquilidad para la ciudadan\u00eda mexiquense.<\/p>\n<p>&nbsp;<\/p>\n<p>&nbsp;<\/p>\n<p>&nbsp;<\/p>\n<p>En el evento, la Mandataria estatal presenci\u00f3 la representaci\u00f3n del poema \u201cYo tambi\u00e9n fui militar\u201d, realizada por Soldados del Servicio Militar Nacional.<\/p>\n<p>&nbsp;<\/p>\n<p>&nbsp;<\/p>\n<p>&nbsp;<\/p>\n<p>Asistieron Horacio Duarte Olivares, Secretario General de Gobierno; Crist\u00f3bal Casta\u00f1eda Camarillo, Secretario de Seguridad; H\u00e9ctor Macedo Garc\u00eda, Presidente del Tribunal Superior de Justicia del Estado de M\u00e9xico; Martha Azucena Camacho Reynoso, Presidenta de la Mesa Directiva de la LXII Legislatura mexiquense; Jos\u00e9 Francisco V\u00e1zquez Rodr\u00edguez, Presidente de la Junta de Coordinaci\u00f3n Pol\u00edtica de la LXII Legislatura local; Edna Stephany Talavera Mercado, Presidenta Municipal de Ray\u00f3n, as\u00ed como integrantes de la Mesa de Paz y del Ej\u00e9rcito Mexicano.<\/p>\n<p>&nbsp;<\/p>\n<p>&nbsp;<\/p>\n","protected":false},"excerpt":{"rendered":"<p>Reconocimientos a mujeres de las Fuerzas Armadas Reitera Comandante de la 22 Zona Militar, Armando L\u00f3pez Esquivel, compromiso en el trabajo coordinado para garantizar la paz de la poblaci\u00f3n mexiquense Ray\u00f3n, Estado de M\u00e9xico.\u2013 La gobernadora del Estado de M\u00e9xico, Delfina G\u00f3mez \u00c1lvarez, asisti\u00f3 a la ceremonia conmemorativa del 113 Aniversario por el D\u00eda del [&hellip;]<\/p>\n","protected":false},"author":14,"featured_media":708392,"comment_status":"open","ping_status":"open","sticky":false,"template":"","format":"standard","meta":{"_monsterinsights_skip_tracking":false,"_monsterinsights_sitenote_active":false,"_monsterinsights_sitenote_note":"","_monsterinsights_sitenote_category":0,"footnotes":""},"categories":[5],"tags":[],"class_list":["post-708391","post","type-post","status-publish","format-standard","has-post-thumbnail","hentry","category-estado-de-mexico"],"_links":{"self":[{"href":"https:\/\/www.diarioimagen.net\/index.php?rest_route=\/wp\/v2\/posts\/708391","targetHints":{"allow":["GET"]}}],"collection":[{"href":"https:\/\/www.diarioimagen.net\/index.php?rest_route=\/wp\/v2\/posts"}],"about":[{"href":"https:\/\/www.diarioimagen.net\/index.php?rest_route=\/wp\/v2\/types\/post"}],"author":[{"embeddable":true,"href":"https:\/\/www.diarioimagen.net\/index.php?rest_route=\/wp\/v2\/users\/14"}],"replies":[{"embeddable":true,"href":"https:\/\/www.diarioimagen.net\/index.php?rest_route=%2Fwp%2Fv2%2Fcomments&post=708391"}],"version-history":[{"count":1,"href":"https:\/\/www.diarioimagen.net\/index.php?rest_route=\/wp\/v2\/posts\/708391\/revisions"}],"predecessor-version":[{"id":708393,"href":"https:\/\/www.diarioimagen.net\/index.php?rest_route=\/wp\/v2\/posts\/708391\/revisions\/708393"}],"wp:featuredmedia":[{"embeddable":true,"href":"https:\/\/www.diarioimagen.net\/index.php?rest_route=\/wp\/v2\/media\/708392"}],"wp:attachment":[{"href":"https:\/\/www.diarioimagen.net\/index.php?rest_route=%2Fwp%2Fv2%2Fmedia&parent=708391"}],"wp:term":[{"taxonomy":"category","embeddable":true,"href":"https:\/\/www.diarioimagen.net\/index.php?rest_route=%2Fwp%2Fv2%2Fcategories&post=708391"},{"taxonomy":"post_tag","embeddable":true,"href":"https:\/\/www.diarioimagen.net\/index.php?rest_route=%2Fwp%2Fv2%2Ftags&post=708391"}],"curies":[{"name":"wp","href":"https:\/\/api.w.org\/{rel}","templated":true}]}}