{"id":708459,"date":"2026-02-19T21:15:58","date_gmt":"2026-02-20T03:15:58","guid":{"rendered":"https:\/\/www.diarioimagen.net\/?p=708459"},"modified":"2026-02-19T21:15:58","modified_gmt":"2026-02-20T03:15:58","slug":"brinda-el-imss-atencion-psicologicay-activacion-fisica-a-pacientes-que-viven-con-diabetes","status":"publish","type":"post","link":"https:\/\/www.diarioimagen.net\/?p=708459","title":{"rendered":"Brinda el IMSS atenci\u00f3n  psicol\u00f3gicay activaci\u00f3n f\u00edsica a  pacientes que viven con diabetes"},"content":{"rendered":"<p>&nbsp;<\/p>\n<ul>\n<li><strong><em>Programa de Atenci\u00f3n Social a la Salud<\/em><\/strong><\/li>\n<\/ul>\n<p>&nbsp;<\/p>\n<div id=\"attachment_708460\" style=\"width: 415px\" class=\"wp-caption alignnone\"><img loading=\"lazy\" decoding=\"async\" aria-describedby=\"caption-attachment-708460\" class=\"wp-image-708460 size-large\" src=\"https:\/\/www.diarioimagen.net\/wp-content\/uploads\/2026\/02\/IMSS-ok-8-405x270.jpg\" alt=\"\" width=\"405\" height=\"270\" srcset=\"https:\/\/www.diarioimagen.net\/wp-content\/uploads\/2026\/02\/IMSS-ok-8-405x270.jpg 405w, https:\/\/www.diarioimagen.net\/wp-content\/uploads\/2026\/02\/IMSS-ok-8-240x160.jpg 240w, https:\/\/www.diarioimagen.net\/wp-content\/uploads\/2026\/02\/IMSS-ok-8-768x512.jpg 768w, https:\/\/www.diarioimagen.net\/wp-content\/uploads\/2026\/02\/IMSS-ok-8.jpg 1500w\" sizes=\"auto, (max-width: 405px) 100vw, 405px\" \/><p id=\"caption-attachment-708460\" class=\"wp-caption-text\">El Centro de Atenci\u00f3n a la Diabetes del Seguro Social brinda actividades como cocinar, yoga y recibe consejer\u00eda m\u00e9dica para conocer m\u00e1s sobre la diabetes.<\/p><\/div>\n<p>&nbsp;<\/p>\n<p>En el Programa de Atenci\u00f3n Social a la Salud del Centro de Seguridad Social Cuauht\u00e9moc del Instituto Mexicano del Seguro Social (IMSS), Teresa Cielo Dom\u00ednguez encontr\u00f3 no solo atenci\u00f3n psicol\u00f3gica, sino adem\u00e1s un plan para ejercitarse, cocinar saludable, hacer yoga y tener una hora con el m\u00e9dico para conocer m\u00e1s sobre su diabetes y otros padecimientos a los que es propensa.<\/p>\n<p>A sus 56 a\u00f1os de edad, y tras detectarle diabetes hace tres a\u00f1os, explic\u00f3 que casi de forma inmediata la derivaron al Centro de Atenci\u00f3n a la Diabetes del Seguro Social (CADIMSS) donde ahora mes con mes acude a consulta m\u00e9dica, recibe medici\u00f3n de glucosa y presi\u00f3n arterial, as\u00ed como la revisi\u00f3n de sus pies, para prever el llamado pie diab\u00e9tico.<\/p>\n<p>Adem\u00e1s le practican revisi\u00f3n dental y oftalmol\u00f3gica, \u201ces mucha la atenci\u00f3n que recibo y eso me agrada\u201d.<\/p>\n<p>Record\u00f3 que como cajera en una tienda de autoservicio, un d\u00eda comenz\u00f3 a sentirse mareada, se iba del lado y sinti\u00f3 que pod\u00eda caer. \u201cMe asust\u00e9 y fui al Seguro Social, enseguida me tomaron la glucosa del dedo y me dijeron \u2018trae 198 de glucosa\u2019 qued\u00e9 en shock y dije: \u00bfc\u00f3mo que traigo 198? Y ah\u00ed empez\u00f3 todo\u201d.<\/p>\n<p>Indic\u00f3 que al ser atendida por el m\u00e9dico familiar, le coment\u00f3 que su padecimiento pod\u00eda tener origen en la mala alimentaci\u00f3n y la falta de descanso.<\/p>\n<p>Despu\u00e9s de recibir atenci\u00f3n, el mismo m\u00e9dico determin\u00f3 enviarla al Centro de Seguridad Social Cuauht\u00e9moc para integrarla al Programa de Atenci\u00f3n Social a la Salud (PASS).<\/p>\n<p>\u201cCon la diabetes piensa uno siempre en muerte, yo en mi caso pens\u00e9 me voy a morir pronto. Tengo dos hijos y empec\u00e9 a decirle a mi m\u00e9dico que no pod\u00eda dormir y \u00e9l enseguida me dijo, \u00bfsabes qu\u00e9? Vas a asistir a un programa que se llama PASS a la Unidad Cuauht\u00e9moc y creo que fue la mejor decisi\u00f3n, haberme mandado a este programa\u201d.<\/p>\n<p>Coment\u00f3 que al integrarse a este programa sinti\u00f3 que era lo que hab\u00eda estado buscando, a recibir ayuda psicol\u00f3gica e integrarse a diversas actividades la llev\u00f3 a sentirse bien con sus pensamientos y disminuir la ansiedad.<\/p>\n<p>La se\u00f1ora Cielo Dom\u00ednguez indic\u00f3 que la empresa donde labora le brind\u00f3 todo el apoyo para acudir a sus revisiones m\u00e9dicas. \u201cEn Recursos Humanos me dijeron: tienes que acudir a tu cl\u00ednica a checarte\u201d.<\/p>\n<p>Reconoci\u00f3 que antes de padecer diabetes sus h\u00e1bitos no eran saludables: \u201cMe saltaba el desayuno, sobre todo, no com\u00eda bien, no ten\u00eda la disciplina de las verduras o ensaladas, tomaba refresco, caf\u00e9 con az\u00facar, etc\u00e9tera\u201d. Sin embargo, con el PASS aprendi\u00f3 a comer diferente, desayuna a sus horas y las comidas las prepara en forma saludable con el aprendizaje en el taller de alimentaci\u00f3n en enfermedades cr\u00f3nicas.<\/p>\n<p>Se\u00f1al\u00f3 que como parte de las ense\u00f1anzas en el Seguro Social, aprendi\u00f3 a revisar su cuerpo y en particular sus pies, con la finalidad de evitar el llamado pie diab\u00e9tico. \u201cA veces nosotros no nos checamos el pie o no tenemos la costumbre, como que los pies los dejamos al \u00faltimo, pero s\u00ed hay que checarnos los pies, que no tengan alguna herida\u201d.<\/p>\n<p>Explic\u00f3 que aunque no tiene complicaciones con la enfermedad, en el momento en que se siente un poco mal acude de inmediato a su Unidad de Medicina Familiar para saber qu\u00e9 pasa con su cuerpo y con su glucosa.<\/p>\n<p>Como paciente que vive con diabetes, la se\u00f1ora Teresa Cielo exhort\u00f3 a la poblaci\u00f3n para realizar sus revisiones m\u00e9dicas y no confiarse, \u201cporque a veces pensamos que a nosotros no nos va a pasar\u201d.<\/p>\n<p>Recomend\u00f3 a quienes ya tienen la enfermedad que soliciten la referencia al Programa de Atenci\u00f3n Social a la Salud para que puedan participar en las actividades que all\u00ed se tienen y con ello puedan mantener sus rutinas de ejercicio, aprender a alimentarse sanamente y que se integren a los cursos y talleres de los Centros de Seguridad Social, a fin de lograr un estilo de vida saludable y tener esperanza y calidad de vida.<\/p>\n<p>&nbsp;<\/p>\n<p>&nbsp;<\/p>\n","protected":false},"excerpt":{"rendered":"<p>&nbsp; Programa de Atenci\u00f3n Social a la Salud &nbsp; &nbsp; En el Programa de Atenci\u00f3n Social a la Salud del Centro de Seguridad Social Cuauht\u00e9moc del Instituto Mexicano del Seguro Social (IMSS), Teresa Cielo Dom\u00ednguez encontr\u00f3 no solo atenci\u00f3n psicol\u00f3gica, sino adem\u00e1s un plan para ejercitarse, cocinar saludable, hacer yoga y tener una hora con [&hellip;]<\/p>\n","protected":false},"author":14,"featured_media":708460,"comment_status":"open","ping_status":"open","sticky":false,"template":"","format":"standard","meta":{"_monsterinsights_skip_tracking":false,"_monsterinsights_sitenote_active":false,"_monsterinsights_sitenote_note":"","_monsterinsights_sitenote_category":0,"footnotes":""},"categories":[3],"tags":[],"class_list":["post-708459","post","type-post","status-publish","format-standard","has-post-thumbnail","hentry","category-nacional"],"_links":{"self":[{"href":"https:\/\/www.diarioimagen.net\/index.php?rest_route=\/wp\/v2\/posts\/708459","targetHints":{"allow":["GET"]}}],"collection":[{"href":"https:\/\/www.diarioimagen.net\/index.php?rest_route=\/wp\/v2\/posts"}],"about":[{"href":"https:\/\/www.diarioimagen.net\/index.php?rest_route=\/wp\/v2\/types\/post"}],"author":[{"embeddable":true,"href":"https:\/\/www.diarioimagen.net\/index.php?rest_route=\/wp\/v2\/users\/14"}],"replies":[{"embeddable":true,"href":"https:\/\/www.diarioimagen.net\/index.php?rest_route=%2Fwp%2Fv2%2Fcomments&post=708459"}],"version-history":[{"count":1,"href":"https:\/\/www.diarioimagen.net\/index.php?rest_route=\/wp\/v2\/posts\/708459\/revisions"}],"predecessor-version":[{"id":708461,"href":"https:\/\/www.diarioimagen.net\/index.php?rest_route=\/wp\/v2\/posts\/708459\/revisions\/708461"}],"wp:featuredmedia":[{"embeddable":true,"href":"https:\/\/www.diarioimagen.net\/index.php?rest_route=\/wp\/v2\/media\/708460"}],"wp:attachment":[{"href":"https:\/\/www.diarioimagen.net\/index.php?rest_route=%2Fwp%2Fv2%2Fmedia&parent=708459"}],"wp:term":[{"taxonomy":"category","embeddable":true,"href":"https:\/\/www.diarioimagen.net\/index.php?rest_route=%2Fwp%2Fv2%2Fcategories&post=708459"},{"taxonomy":"post_tag","embeddable":true,"href":"https:\/\/www.diarioimagen.net\/index.php?rest_route=%2Fwp%2Fv2%2Ftags&post=708459"}],"curies":[{"name":"wp","href":"https:\/\/api.w.org\/{rel}","templated":true}]}}