{"id":708535,"date":"2026-02-22T20:00:00","date_gmt":"2026-02-23T02:00:00","guid":{"rendered":"https:\/\/www.diarioimagen.net\/?p=708535"},"modified":"2026-02-22T20:00:00","modified_gmt":"2026-02-23T02:00:00","slug":"proteger-a-la-sociedad-responsabilidad-del-gobierno-romina-contreras","status":"publish","type":"post","link":"https:\/\/www.diarioimagen.net\/?p=708535","title":{"rendered":"Proteger a la sociedad, responsabilidad del gobierno: Romina Contreras"},"content":{"rendered":"<div id=\"attachment_708536\" style=\"width: 458px\" class=\"wp-caption alignnone\"><img loading=\"lazy\" decoding=\"async\" aria-describedby=\"caption-attachment-708536\" class=\"wp-image-708536 size-large\" src=\"https:\/\/www.diarioimagen.net\/wp-content\/uploads\/2026\/02\/BAENA-4-ok-13-448x270.jpg\" alt=\"\" width=\"448\" height=\"270\" srcset=\"https:\/\/www.diarioimagen.net\/wp-content\/uploads\/2026\/02\/BAENA-4-ok-13-448x270.jpg 448w, https:\/\/www.diarioimagen.net\/wp-content\/uploads\/2026\/02\/BAENA-4-ok-13-240x145.jpg 240w, https:\/\/www.diarioimagen.net\/wp-content\/uploads\/2026\/02\/BAENA-4-ok-13-768x463.jpg 768w, https:\/\/www.diarioimagen.net\/wp-content\/uploads\/2026\/02\/BAENA-4-ok-13.jpg 1500w\" sizes=\"auto, (max-width: 448px) 100vw, 448px\" \/><p id=\"caption-attachment-708536\" class=\"wp-caption-text\">Proteger a la sociedad, responsabilidad del gobierno: Romina Contreras<\/p><\/div>\n<p>Huixquilucan, Mex.- Para proteger el patrimonio de la poblaci\u00f3n y reducir el riesgo de deslizamiento de tierra, el gobierno municipal,\u00a0 entreg\u00f3 la estabilizaci\u00f3n del talud de la calle Parque de C\u00e1diz, ubicado en el fraccionamiento Parques de la Herradura; acci\u00f3n que forma parte del Programa Anual de Obra P\u00fablica, que ha incluido la construcci\u00f3n de siete de estas estructuras para disminuir los riesgos ante la pr\u00f3xima temporada de lluvias y cuidar a las familias. La alcaldesa Romina Contreras Carrasco, indic\u00f3 que esta obra, la cual contempl\u00f3 la estabilizaci\u00f3n de 360 metros cuadrados de zona de talud y la colocaci\u00f3n de 19 anclas con 15 metros de profundidad para prevenir desgajamientos de tierra, es resultado de una administraci\u00f3n responsable y que maneja finanzas sanas, en beneficio de todos los habitantes de Huixquilucan.<\/p>\n<p>&nbsp;<\/p>\n<p>&nbsp;<\/p>\n<p>&nbsp;<\/p>\n","protected":false},"excerpt":{"rendered":"<p>Huixquilucan, Mex.- Para proteger el patrimonio de la poblaci\u00f3n y reducir el riesgo de deslizamiento de tierra, el gobierno municipal,\u00a0 entreg\u00f3 la estabilizaci\u00f3n del talud de la calle Parque de C\u00e1diz, ubicado en el fraccionamiento Parques de la Herradura; acci\u00f3n que forma parte del Programa Anual de Obra P\u00fablica, que ha incluido la construcci\u00f3n de [&hellip;]<\/p>\n","protected":false},"author":14,"featured_media":708536,"comment_status":"open","ping_status":"open","sticky":false,"template":"","format":"standard","meta":{"_monsterinsights_skip_tracking":false,"_monsterinsights_sitenote_active":false,"_monsterinsights_sitenote_note":"","_monsterinsights_sitenote_category":0,"footnotes":""},"categories":[5],"tags":[],"class_list":["post-708535","post","type-post","status-publish","format-standard","has-post-thumbnail","hentry","category-estado-de-mexico"],"_links":{"self":[{"href":"https:\/\/www.diarioimagen.net\/index.php?rest_route=\/wp\/v2\/posts\/708535","targetHints":{"allow":["GET"]}}],"collection":[{"href":"https:\/\/www.diarioimagen.net\/index.php?rest_route=\/wp\/v2\/posts"}],"about":[{"href":"https:\/\/www.diarioimagen.net\/index.php?rest_route=\/wp\/v2\/types\/post"}],"author":[{"embeddable":true,"href":"https:\/\/www.diarioimagen.net\/index.php?rest_route=\/wp\/v2\/users\/14"}],"replies":[{"embeddable":true,"href":"https:\/\/www.diarioimagen.net\/index.php?rest_route=%2Fwp%2Fv2%2Fcomments&post=708535"}],"version-history":[{"count":1,"href":"https:\/\/www.diarioimagen.net\/index.php?rest_route=\/wp\/v2\/posts\/708535\/revisions"}],"predecessor-version":[{"id":708537,"href":"https:\/\/www.diarioimagen.net\/index.php?rest_route=\/wp\/v2\/posts\/708535\/revisions\/708537"}],"wp:featuredmedia":[{"embeddable":true,"href":"https:\/\/www.diarioimagen.net\/index.php?rest_route=\/wp\/v2\/media\/708536"}],"wp:attachment":[{"href":"https:\/\/www.diarioimagen.net\/index.php?rest_route=%2Fwp%2Fv2%2Fmedia&parent=708535"}],"wp:term":[{"taxonomy":"category","embeddable":true,"href":"https:\/\/www.diarioimagen.net\/index.php?rest_route=%2Fwp%2Fv2%2Fcategories&post=708535"},{"taxonomy":"post_tag","embeddable":true,"href":"https:\/\/www.diarioimagen.net\/index.php?rest_route=%2Fwp%2Fv2%2Ftags&post=708535"}],"curies":[{"name":"wp","href":"https:\/\/api.w.org\/{rel}","templated":true}]}}