{"id":708731,"date":"2026-02-23T15:32:13","date_gmt":"2026-02-23T21:32:13","guid":{"rendered":"https:\/\/www.diarioimagen.net\/?p=708731"},"modified":"2026-02-23T15:32:13","modified_gmt":"2026-02-23T21:32:13","slug":"el-gobierno-de-mexico-fortalece-el-uso-legal-del-agua-para-mejorar-su-acceso-a-la-poblacion","status":"publish","type":"post","link":"https:\/\/www.diarioimagen.net\/?p=708731","title":{"rendered":"El gobierno de M\u00e9xico fortalece el uso legal  del agua para mejorar su acceso a la poblaci\u00f3n"},"content":{"rendered":"<ul>\n<li><strong>Clausuran obra para la extracci\u00f3n de agua en Veracruz<\/strong><\/li>\n<\/ul>\n<div id=\"attachment_708732\" style=\"width: 373px\" class=\"wp-caption alignnone\"><img loading=\"lazy\" decoding=\"async\" aria-describedby=\"caption-attachment-708732\" class=\"wp-image-708732 size-large\" src=\"https:\/\/www.diarioimagen.net\/wp-content\/uploads\/2026\/02\/CONAGUA-ok-4-363x270.jpg\" alt=\"\" width=\"363\" height=\"270\" srcset=\"https:\/\/www.diarioimagen.net\/wp-content\/uploads\/2026\/02\/CONAGUA-ok-4-363x270.jpg 363w, https:\/\/www.diarioimagen.net\/wp-content\/uploads\/2026\/02\/CONAGUA-ok-4-240x179.jpg 240w, https:\/\/www.diarioimagen.net\/wp-content\/uploads\/2026\/02\/CONAGUA-ok-4-768x572.jpg 768w, https:\/\/www.diarioimagen.net\/wp-content\/uploads\/2026\/02\/CONAGUA-ok-4.jpg 1500w\" sizes=\"auto, (max-width: 363px) 100vw, 363px\" \/><p id=\"caption-attachment-708732\" class=\"wp-caption-text\">La Conagua realiza clausuras de sitios de extracci\u00f3n de agua que no cuentan con las autorizaciones o concesiones correspondientes.<\/p><\/div>\n<p>&nbsp;<\/p>\n<p>Como parte de las acciones del Gobierno de M\u00e9xico para realizar una gesti\u00f3n eficaz, ordenada y sustentable en materia de concesiones, que permita mejorar su distribuci\u00f3n y el acceso para la poblaci\u00f3n, impulsadas por la Presidenta Claudia Sheinbaum Pardo, la Comisi\u00f3n Nacional del Agua (Conagua) realiza clausuras de sitios de extracci\u00f3n de agua que no cuentan con las autorizaciones o concesiones correspondientes.<\/p>\n<p>A partir de la vigilancia de las aguas nacionales y sus bienes p\u00fablicos inherentes, en Veracruz, en el r\u00edo la Antigua, a escasos metros de la obra de captaci\u00f3n que abastece al Distrito de Riego 035 La Antigua, se clausur\u00f3 temporalmente una obra para la extracci\u00f3n de agua y se inhabilitaron los equipos de bombeo correspondientes, como medida de urgente aplicaci\u00f3n y protecci\u00f3n de los recursos h\u00eddricos.<\/p>\n<p>Esta acci\u00f3n fue resultado de la detecci\u00f3n de dicha toma para extraer agua y la subsecuente inspecci\u00f3n llevada a cabo con el fin de determinar su legal operaci\u00f3n.<\/p>\n<p>Durante dicha visita de inspecci\u00f3n, se determin\u00f3 que ese aprovechamiento es empleado para el riego del cultivo de ca\u00f1a, sin contar con las autorizaciones correspondientes para el uso y explotaci\u00f3n de aguas nacionales superficiales ni para ocupar la zona federal para la colocaci\u00f3n de dicha toma. Asimismo, se detect\u00f3 que los equipos de medici\u00f3n de la extracci\u00f3n del agua est\u00e1n fuera de operaci\u00f3n.<\/p>\n<p>Por ello, Conagua realiz\u00f3 las acciones correspondientes para suspender la extracci\u00f3n del agua sin autorizaci\u00f3n e inici\u00f3 los procedimientos necesarios, con el fin de que la autoridad judicial determine las medidas legales definitivas.<\/p>\n<p>Conagua reitera el compromiso establecido por el Gobierno de M\u00e9xico de realizar las acciones necesarias, en coordinaci\u00f3n con otras dependencias federales y locales, para consolidar un uso legal y sustentable del agua, que permita garantizar el acceso a este recurso a toda la poblaci\u00f3n, especialmente a quienes hist\u00f3ricamente han sido relegados.<\/p>\n<p>&nbsp;<\/p>\n<p><strong>\u00a0<\/strong><\/p>\n<p>&nbsp;<\/p>\n<p>&nbsp;<\/p>\n<p>&nbsp;<\/p>\n","protected":false},"excerpt":{"rendered":"<p>Clausuran obra para la extracci\u00f3n de agua en Veracruz &nbsp; Como parte de las acciones del Gobierno de M\u00e9xico para realizar una gesti\u00f3n eficaz, ordenada y sustentable en materia de concesiones, que permita mejorar su distribuci\u00f3n y el acceso para la poblaci\u00f3n, impulsadas por la Presidenta Claudia Sheinbaum Pardo, la Comisi\u00f3n Nacional del Agua (Conagua) [&hellip;]<\/p>\n","protected":false},"author":14,"featured_media":708732,"comment_status":"open","ping_status":"open","sticky":false,"template":"","format":"standard","meta":{"_monsterinsights_skip_tracking":false,"_monsterinsights_sitenote_active":false,"_monsterinsights_sitenote_note":"","_monsterinsights_sitenote_category":0,"footnotes":""},"categories":[3],"tags":[],"class_list":["post-708731","post","type-post","status-publish","format-standard","has-post-thumbnail","hentry","category-nacional"],"_links":{"self":[{"href":"https:\/\/www.diarioimagen.net\/index.php?rest_route=\/wp\/v2\/posts\/708731","targetHints":{"allow":["GET"]}}],"collection":[{"href":"https:\/\/www.diarioimagen.net\/index.php?rest_route=\/wp\/v2\/posts"}],"about":[{"href":"https:\/\/www.diarioimagen.net\/index.php?rest_route=\/wp\/v2\/types\/post"}],"author":[{"embeddable":true,"href":"https:\/\/www.diarioimagen.net\/index.php?rest_route=\/wp\/v2\/users\/14"}],"replies":[{"embeddable":true,"href":"https:\/\/www.diarioimagen.net\/index.php?rest_route=%2Fwp%2Fv2%2Fcomments&post=708731"}],"version-history":[{"count":1,"href":"https:\/\/www.diarioimagen.net\/index.php?rest_route=\/wp\/v2\/posts\/708731\/revisions"}],"predecessor-version":[{"id":708733,"href":"https:\/\/www.diarioimagen.net\/index.php?rest_route=\/wp\/v2\/posts\/708731\/revisions\/708733"}],"wp:featuredmedia":[{"embeddable":true,"href":"https:\/\/www.diarioimagen.net\/index.php?rest_route=\/wp\/v2\/media\/708732"}],"wp:attachment":[{"href":"https:\/\/www.diarioimagen.net\/index.php?rest_route=%2Fwp%2Fv2%2Fmedia&parent=708731"}],"wp:term":[{"taxonomy":"category","embeddable":true,"href":"https:\/\/www.diarioimagen.net\/index.php?rest_route=%2Fwp%2Fv2%2Fcategories&post=708731"},{"taxonomy":"post_tag","embeddable":true,"href":"https:\/\/www.diarioimagen.net\/index.php?rest_route=%2Fwp%2Fv2%2Ftags&post=708731"}],"curies":[{"name":"wp","href":"https:\/\/api.w.org\/{rel}","templated":true}]}}