{"id":708734,"date":"2026-02-23T19:59:08","date_gmt":"2026-02-24T01:59:08","guid":{"rendered":"https:\/\/www.diarioimagen.net\/?p=708734"},"modified":"2026-02-23T19:59:08","modified_gmt":"2026-02-24T01:59:08","slug":"mucha-propaganda-pero-la-jornada-de-5-dias-entrara-en-vigor-hasta-2030","status":"publish","type":"post","link":"https:\/\/www.diarioimagen.net\/?p=708734","title":{"rendered":"Mucha propaganda, pero la jornada  de 5 d\u00edas entrar\u00e1 en vigor hasta 2030"},"content":{"rendered":"<p><strong>CLASE POLITICA. <\/strong>Miguel \u00c1ngel Rivera<\/p>\n<p><strong>\u00a0<\/strong><\/p>\n<p>&nbsp;<\/p>\n<p>&nbsp;<\/p>\n<p>La captura y muerte del capo de la delincuencia organizada Nemesio Oceguera Cervantes, alias \u201cEl Mencho\u201d, le sirvi\u00f3 al gobierno de\u00a0la llamada Cuarta Transformaci\u00f3n para comprobar su decisi\u00f3n de erradicar a las organizaciones dedicadas al tr\u00e1fico de drogas y por lo tanto declaradas \u201cterroristas\u201d por nuestros vecinos de los Estados Unidos, pero tambi\u00e9n le sirve para reducir el impacto de otras de sus promociones, en las cuales no ha conseguido el respaldo del resto de la sociedad.<\/p>\n<p>Uno de esos casos en los cuales el actual r\u00e9gimen federal\u00a0\u00a0ha tratado, sin \u00e9xito, de conseguir el aplauso y el respaldo de todo el sector obrero es la reforma a la Constituci\u00f3n y a la Ley Federal del Trabajo para establecer una jornada laboral de 40 horas.<\/p>\n<p>El gobierno de la Presidenta (con A) y sus incondicionales del Poder Legislativo se han esforzado por presentar esta iniciativa como un gran avance en beneficio de la clase trabajadora.<\/p>\n<p>Sin embargo, a pesar de tan intensa propaganda, la oposici\u00f3n pronto descubri\u00f3 grietas que anulan el supuesto avance que se atribuye el gobierno que se dice construir el segundo piso de la llamada Cuarta Transformaci\u00f3n, pues, de ser aprobado, el cambio no entrar\u00e1 en vigor de inmediato, sino en forma gradual hasta el a\u00f1o 2030 y, adem\u00e1s, no hace obligatorio que se reduzca los d\u00edas de trabajo de seis a cinco por semana. Lo que ordena la reforma es reducir una hora diaria de trabajo por d\u00eda, durante seis d\u00edas.<\/p>\n<p>Los partidos de oposici\u00f3n y organizaciones sindicales han procurado impulsar otras iniciativas, en las cuales se precisa que la jornada semanal se debe reducir a s\u00f3lo cinco d\u00edas por semana, con ocho horas diarias. Pero esas propuestas no avanzan, debido a que la mayor\u00eda oficialista en las c\u00e1maras de Diputados y se Senadores se esfuerza por sacar adelante el documento enviado por la presidenta Sheinbaum, \u201csin cambiarle ni una coma\u201d, tal como se ha hecho costumbre durante los gobiernos de la 4T.<\/p>\n<p>De hecho, la reforma ya est\u00e1 aprobada a la mitad. Primero fue revisada y sancionada en el Senado, en donde los partidos de oposici\u00f3n procuraron introducir alg\u00fan cambio, para que sea obligatoria la jornada de cinco d\u00edas con ocho horas.<\/p>\n<p>La reforma se aprob\u00f3 en sesi\u00f3n del reciente d\u00eda 11. Con tal motivo, la directiva de la C\u00e1mara public\u00f3 un documento en el cual sostiene:<\/p>\n<p>\u201cEl d\u00eda de ayer, el Senado de la Rep\u00fablica aprob\u00f3 la reforma constitucional para reducir la jornada laboral semanal de 48 a 40 horas, una transformaci\u00f3n hist\u00f3rica que coloca en el centro la salud mental , la dignidad y el bienestar de millones de trabajadoras y trabajadores en el pa\u00eds.<\/p>\n<p>\u201cLa reforma, impulsada por la Presidenta de M\u00e9xico, Claudia Sheinbaum, establece una implementaci\u00f3n gradual entre 2026 y 2030, garantiza la protecci\u00f3n del salario \u00edntegro y regula el trabajo extraordinario, asegurando una transici\u00f3n responsable para el sector productivo.<\/p>\n<p>La senadora Cynthia L\u00f3pez Castro (claro, de Morena) destac\u00f3 que \u201cesta reforma representa un avance significativo, especialmente para las mujeres trabajadoras\u201d.<\/p>\n<p>\u201cM\u00e9xico es uno de los pa\u00edses donde m\u00e1s se trabaja y donde el estr\u00e9s laboral es m\u00e1s alto. Esa realidad tiene rostro de mujer. Las mujeres enfrentan una doble jornada: trabajan fuera de casa y contin\u00faan trabajando en el hogar. Reducir la jornada laboral es reducir el desgaste f\u00edsico y emocional que viven millones de mexicanas todos los d\u00edas\u201d, se\u00f1al\u00f3.<\/p>\n<p>\u201cReducir la jornada no es un privilegio, es justicia social. Es reconocer que el tiempo tambi\u00e9n es un derecho. Cuando una mujer tiene tiempo, tiene salud, libertad y oportunidades.<\/p>\n<p>\u201cCon esta aprobaci\u00f3n, M\u00e9xico avanza hacia un modelo laboral m\u00e1s humano, m\u00e1s productivo y m\u00e1s justo, alineado con est\u00e1ndares internacionales y con una visi\u00f3n de desarrollo que pone a las personas en el centro\u201d, a\u00f1adi\u00f3 la legisladora \u201cmorena\u201d.<\/p>\n<p>El bolet\u00edn oficial no incluy\u00f3 comentarios de la oposici\u00f3n.<\/p>\n<p>Por ejemplo, omiti\u00f3 lo expuesto por Karla Guadalupe Toledo Zamora, del PRI:<\/p>\n<p>\u201cEn el grupo parlamentario del PRI estamos a favor de reducir la jornada laboral a 40 horas semanales porque esto es un acto de justicia. Pero pedimos dos d\u00edas de descanso a la semana. En lugar de un d\u00eda, como lo est\u00e1 proponiendo Morena.<\/p>\n<p>\u201cD\u00edganme ustedes a qui\u00e9n quieren enga\u00f1ar.<\/p>\n<p>\u201cEn esta propuesta s\u00f3lo est\u00e1n acortando las jornadas laborales, pero est\u00e1n conservando los seis d\u00edas de trabajo y solamente est\u00e1n dejando un d\u00eda de descanso.<\/p>\n<p>\u201cEso, se\u00f1oras y se\u00f1ores, no est\u00e1 garantizando un descanso real.<\/p>\n<p>\u201cPero el desgaste, quiero decirles, que no se mide en horas. Se mide en d\u00edas. Un trabajador que est\u00e1 cansado no es m\u00e1s productivo; sino al contrario, es una persona que se vuelve m\u00e1s vulnerable.<\/p>\n<p>\u201cY esta es una lucha que se viene dando desde el sector obrero, en los sindicatos y en el PRI desde hace much\u00edsimos a\u00f1os. Porque M\u00e9xico no puede seguir siendo un pa\u00eds que vive para trabajar en lugar de trabajar para vivir\u201d, sentenci\u00f3 la legisladora del tricolor.<\/p>\n<p>Nada valieron las protestas. La reforma enviada por el Ejecutivo se aprob\u00f3 en sus t\u00e9rminos y lleg\u00f3 a la C\u00e1mara de Diputados, en donde ayer, tambi\u00e9n en medio del regocijo del oficialismo, recibi\u00f3 el benepl\u00e1cito de la coalici\u00f3n gobernante.<\/p>\n<p>En efecto, se inform\u00f3 que las comisiones Unidas de Puntos Constitucionales y del Trabajo aprobaron por unanimidad el dictamen que reducir\u00e1 a 40 horas la semana laboral en el a\u00f1o 2030 y la oposici\u00f3n anticip\u00f3 que en el debate este martes en el pleno plantear\u00e1 que la reforma entre en vigor en 2027.<\/p>\n<p>El dictamen remitido por el Senado se aprob\u00f3 con 34 votos de los integrantes de la Comisi\u00f3n de Puntos Constitucionales y de 27 de la del Trabajo, despu\u00e9s de una amplia discusi\u00f3n.<\/p>\n<p>Por si hiciera falta, el trabajo de los diputados fue supervisado por el secretario federal del Trabajo, Marath Bola\u00f1os, quien acudi\u00f3 para aclarar cualquier duda de los legisladores.<\/p>\n<p>En respuesta a las cr\u00edticas de los opositores de PAN, PRI y MC que exigieron dejar expl\u00edcito que la jornada semanal sea de cinco d\u00edas de trabajo por dos de descanso: \u201cSi ustedes nos obligan, y hay un decreto que obligue a un segundo d\u00eda de descanso, ser\u00e1 un impacto sustancial a la actividad econ\u00f3mica\u201d, respondi\u00f3 el funcionario de la 4T.<\/p>\n<p>Tambi\u00e9n, a pesar de las cr\u00edticas, Baruch sostuvo que la reforma significa un paso hist\u00f3rico y una necesidad que beneficiar\u00e1 a las y los trabajadores del pa\u00eds.<\/p>\n<p>Adem\u00e1s, en conferencia de prensa, el titular del Trabajo subray\u00f3 que reducir la jornada laboral es una necesidad de la que no se hab\u00eda hablado en cerca de 100 a\u00f1os.<\/p>\n<p>\u201cEsto es un paso m\u00e1s de lo que hemos implementado en los \u00faltimos tiempos, el de reducir de manera gradual esta jornada de trabajo de 48 a 40 horas, con ello garantizando el que exista un mayor descanso, un equilibrio entre la vida personal, la familiar y la laboral, y con ello pues tambi\u00e9n abonar al beneficio de las mayor\u00edas en el pa\u00eds, pero tambi\u00e9n de sus familias\u201d, enfatiz\u00f3.<\/p>\n<p>Adem\u00e1s, el funcionario consider\u00f3 positivo el encuentro en comisiones, al que asistieron diputadas y diputados de todas las fuerzas pol\u00edticas.<\/p>\n<p>\u201cEsperamos con ello tambi\u00e9n, que esto refleje la convicci\u00f3n que existe como pa\u00eds, como naci\u00f3n, de que ya es tiempo de que nuestros trabajadores puedan ser reconocidos, no solamente por su ingreso, sino tambi\u00e9n en t\u00e9rminos del tiempo y que les devolvamos el tiempo para que, con \u00e9l, ellas y ellos puedan determinar lo que mejor les convenga abonando a su bienestar\u201d, indic\u00f3.<\/p>\n<p>\u201cYo dir\u00eda que es un dictamen de much\u00edsima solidez, porque no solamente recoge este di\u00e1logo que ya mencion\u00e9, de propuestas que de alguna manera pudieran en algunas ocasiones ser contrapuestas, pues se hizo un esfuerzo muy importante para llegar a un punto de acuerdo, pero tambi\u00e9n tiene el respaldo tanto de la jurisprudencia internacional, como lo que ha recomendado la OIT, y las buenas pr\u00e1cticas en otros pa\u00edses y que nos dan la claridad de que vamos por la direcci\u00f3n correcta\u201d, asegur\u00f3 Marath Bola\u00f1os.<\/p>\n<p>Los presidentes de las comisiones del Trabajo, Maiella G\u00f3mez Maldonado, y de Puntos Constitucionales Leonel Godoy, ambos de Morena, se\u00f1alaron que \u00e9ste ser\u00e1 un paso hist\u00f3rico que beneficiar\u00e1 a las y los trabajadores del pa\u00eds.<\/p>\n<p>Como sea, la reforma ser\u00e1 aprobada en la sesi\u00f3n de hoy de la C\u00e1mara de Diputados, pero la jornada de cinco d\u00edas no es obligatoria y no lo ser\u00e1 antes del 2030.<\/p>\n<p>&nbsp;<\/p>\n<p>&nbsp;<\/p>\n","protected":false},"excerpt":{"rendered":"<p>CLASE POLITICA. Miguel \u00c1ngel Rivera \u00a0 &nbsp; &nbsp; La captura y muerte del capo de la delincuencia organizada Nemesio Oceguera Cervantes, alias \u201cEl Mencho\u201d, le sirvi\u00f3 al gobierno de\u00a0la llamada Cuarta Transformaci\u00f3n para comprobar su decisi\u00f3n de erradicar a las organizaciones dedicadas al tr\u00e1fico de drogas y por lo tanto declaradas \u201cterroristas\u201d por nuestros vecinos [&hellip;]<\/p>\n","protected":false},"author":14,"featured_media":0,"comment_status":"open","ping_status":"open","sticky":false,"template":"","format":"standard","meta":{"_monsterinsights_skip_tracking":false,"_monsterinsights_sitenote_active":false,"_monsterinsights_sitenote_note":"","_monsterinsights_sitenote_category":0,"footnotes":""},"categories":[84119,4],"tags":[],"class_list":["post-708734","post","type-post","status-publish","format-standard","hentry","category-miguel-angel-rivera","category-opinion"],"_links":{"self":[{"href":"https:\/\/www.diarioimagen.net\/index.php?rest_route=\/wp\/v2\/posts\/708734","targetHints":{"allow":["GET"]}}],"collection":[{"href":"https:\/\/www.diarioimagen.net\/index.php?rest_route=\/wp\/v2\/posts"}],"about":[{"href":"https:\/\/www.diarioimagen.net\/index.php?rest_route=\/wp\/v2\/types\/post"}],"author":[{"embeddable":true,"href":"https:\/\/www.diarioimagen.net\/index.php?rest_route=\/wp\/v2\/users\/14"}],"replies":[{"embeddable":true,"href":"https:\/\/www.diarioimagen.net\/index.php?rest_route=%2Fwp%2Fv2%2Fcomments&post=708734"}],"version-history":[{"count":1,"href":"https:\/\/www.diarioimagen.net\/index.php?rest_route=\/wp\/v2\/posts\/708734\/revisions"}],"predecessor-version":[{"id":708735,"href":"https:\/\/www.diarioimagen.net\/index.php?rest_route=\/wp\/v2\/posts\/708734\/revisions\/708735"}],"wp:attachment":[{"href":"https:\/\/www.diarioimagen.net\/index.php?rest_route=%2Fwp%2Fv2%2Fmedia&parent=708734"}],"wp:term":[{"taxonomy":"category","embeddable":true,"href":"https:\/\/www.diarioimagen.net\/index.php?rest_route=%2Fwp%2Fv2%2Fcategories&post=708734"},{"taxonomy":"post_tag","embeddable":true,"href":"https:\/\/www.diarioimagen.net\/index.php?rest_route=%2Fwp%2Fv2%2Ftags&post=708734"}],"curies":[{"name":"wp","href":"https:\/\/api.w.org\/{rel}","templated":true}]}}