{"id":708742,"date":"2026-02-23T20:50:24","date_gmt":"2026-02-24T02:50:24","guid":{"rendered":"https:\/\/www.diarioimagen.net\/?p=708742"},"modified":"2026-02-23T20:50:24","modified_gmt":"2026-02-24T02:50:24","slug":"refuerza-tlalnepantla-vigilancia-ante-la-situacion-nacional-y-estatal","status":"publish","type":"post","link":"https:\/\/www.diarioimagen.net\/?p=708742","title":{"rendered":"Refuerza Tlalnepantla vigilancia ante la situaci\u00f3n nacional y estatal\u00a0"},"content":{"rendered":"<p><img loading=\"lazy\" decoding=\"async\" class=\"alignnone wp-image-708743 size-large\" src=\"https:\/\/www.diarioimagen.net\/wp-content\/uploads\/2026\/02\/BAENA4-ok-460x244.jpg\" alt=\"\" width=\"460\" height=\"244\" srcset=\"https:\/\/www.diarioimagen.net\/wp-content\/uploads\/2026\/02\/BAENA4-ok-460x244.jpg 460w, https:\/\/www.diarioimagen.net\/wp-content\/uploads\/2026\/02\/BAENA4-ok-240x127.jpg 240w, https:\/\/www.diarioimagen.net\/wp-content\/uploads\/2026\/02\/BAENA4-ok-768x407.jpg 768w, https:\/\/www.diarioimagen.net\/wp-content\/uploads\/2026\/02\/BAENA4-ok.jpg 1500w\" sizes=\"auto, (max-width: 460px) 100vw, 460px\" \/><\/p>\n<p>Tlalnepantla, M\u00e9x. &#8211; Ante los hechos de seguridad que son de conocimiento p\u00fablico a nivel nacional, la gesti\u00f3n de Raciel P\u00e9rez \u00a0hace un atento llamado a las y los habitantes del municipio a no ser v\u00edctimas del caos ni de la desinformaci\u00f3n, y los exhorta a mantener la calma y realizar sus actividades con normalidad; hacer caso omiso a rumores o noticias no confirmadas en redes sociales y consultar \u00fanicamente las fuentes oficiales del Gobierno de M\u00e9xico, estatal y municipal. El alcalde reiter\u00f3 el compromiso con la seguridad de Tlalnepantla y pone a su disposici\u00f3n los n\u00fameros de emergencia ante cualquier situaci\u00f3n sospechosa: 911 Emergencias. 089 Denuncia An\u00f3nima. C4 Poniente: 55 5366 4444 y C4 Oriente: 55 5714 5077.<\/p>\n","protected":false},"excerpt":{"rendered":"<p>Tlalnepantla, M\u00e9x. &#8211; Ante los hechos de seguridad que son de conocimiento p\u00fablico a nivel nacional, la gesti\u00f3n de Raciel P\u00e9rez \u00a0hace un atento llamado a las y los habitantes del municipio a no ser v\u00edctimas del caos ni de la desinformaci\u00f3n, y los exhorta a mantener la calma y realizar sus actividades con normalidad; [&hellip;]<\/p>\n","protected":false},"author":14,"featured_media":708743,"comment_status":"open","ping_status":"open","sticky":false,"template":"","format":"standard","meta":{"_monsterinsights_skip_tracking":false,"_monsterinsights_sitenote_active":false,"_monsterinsights_sitenote_note":"","_monsterinsights_sitenote_category":0,"footnotes":""},"categories":[5],"tags":[],"class_list":["post-708742","post","type-post","status-publish","format-standard","has-post-thumbnail","hentry","category-estado-de-mexico"],"_links":{"self":[{"href":"https:\/\/www.diarioimagen.net\/index.php?rest_route=\/wp\/v2\/posts\/708742","targetHints":{"allow":["GET"]}}],"collection":[{"href":"https:\/\/www.diarioimagen.net\/index.php?rest_route=\/wp\/v2\/posts"}],"about":[{"href":"https:\/\/www.diarioimagen.net\/index.php?rest_route=\/wp\/v2\/types\/post"}],"author":[{"embeddable":true,"href":"https:\/\/www.diarioimagen.net\/index.php?rest_route=\/wp\/v2\/users\/14"}],"replies":[{"embeddable":true,"href":"https:\/\/www.diarioimagen.net\/index.php?rest_route=%2Fwp%2Fv2%2Fcomments&post=708742"}],"version-history":[{"count":1,"href":"https:\/\/www.diarioimagen.net\/index.php?rest_route=\/wp\/v2\/posts\/708742\/revisions"}],"predecessor-version":[{"id":708744,"href":"https:\/\/www.diarioimagen.net\/index.php?rest_route=\/wp\/v2\/posts\/708742\/revisions\/708744"}],"wp:featuredmedia":[{"embeddable":true,"href":"https:\/\/www.diarioimagen.net\/index.php?rest_route=\/wp\/v2\/media\/708743"}],"wp:attachment":[{"href":"https:\/\/www.diarioimagen.net\/index.php?rest_route=%2Fwp%2Fv2%2Fmedia&parent=708742"}],"wp:term":[{"taxonomy":"category","embeddable":true,"href":"https:\/\/www.diarioimagen.net\/index.php?rest_route=%2Fwp%2Fv2%2Fcategories&post=708742"},{"taxonomy":"post_tag","embeddable":true,"href":"https:\/\/www.diarioimagen.net\/index.php?rest_route=%2Fwp%2Fv2%2Ftags&post=708742"}],"curies":[{"name":"wp","href":"https:\/\/api.w.org\/{rel}","templated":true}]}}