{"id":708767,"date":"2026-02-23T21:43:58","date_gmt":"2026-02-24T03:43:58","guid":{"rendered":"https:\/\/www.diarioimagen.net\/?p=708767"},"modified":"2026-02-23T21:43:58","modified_gmt":"2026-02-24T03:43:58","slug":"riesgos-latentes","status":"publish","type":"post","link":"https:\/\/www.diarioimagen.net\/?p=708767","title":{"rendered":"Riesgos latentes"},"content":{"rendered":"<p><strong>\u00a0<\/strong><\/p>\n<p><strong>Aunque Pese\u00a0 <\/strong><strong>Salvador Mart\u00ednez G.<\/strong><\/p>\n<p><strong>\u00a0<\/strong><\/p>\n<p><strong>\u00a0<\/strong><\/p>\n<p>&nbsp;<\/p>\n<p>&nbsp;<\/p>\n<p>Indiscutiblemente, la detenci\u00f3n y muerte de Nemesio Oceguera, mundialmente conocido como \u201cEl Mencho\u201d, es un logro del r\u00e9gimen, espec\u00edficamente de la presidenta Claudia Sheinbaum, quien con ello dio, tanto interna como externamente, un gran paso en la consolidaci\u00f3n de su gobierno.<\/p>\n<p>Fue amplia la reacci\u00f3n del C\u00e1rtel Jalisco Nueva Generaci\u00f3n (CJNG); lleg\u00f3 al menos a 23 estados de la Rep\u00fablica, con centenares de bloqueos carreteros, incendios de veh\u00edculos, comercios y sucursales bancarias, con un saldo de m\u00e1s de 30 fallecidos y decenas de detenidos.<\/p>\n<p>Pasada la reacci\u00f3n inmediata del mayor c\u00e1rtel criminal del pa\u00eds y el orbe, se espera una recuperaci\u00f3n del control en todo el territorio nacional, como ya aconteci\u00f3 este lunes, en el que el temor llev\u00f3 a suspender clases en Jalisco y Michoac\u00e1n, adem\u00e1s de cierres de algunas cadenas comerciales y bancarias.<\/p>\n<p>Toca ahora mantener el f\u00e9rreo combate al crimen organizado para evitar su reproducci\u00f3n y el surgimiento de nuevas cabezas igual o m\u00e1s beligerantes que el CJNG.<\/p>\n<p>Esta labor deber\u00e1 ser, como ha sido, encabezada por el Gobierno Federal, pero debe contar con el respaldo irrestricto de los gobiernos estatales y municipales, as\u00ed como tambi\u00e9n del sector privado y social.<\/p>\n<p>Los riesgos de violencia, nuevos bloqueos y mantenimiento de la actividad delictiva del narcotr\u00e1fico y otros delitos como la trata de personas y la extorsi\u00f3n, entre otros, siguen latentes, por lo que se debe profundizar con las detenciones, decomisos de enervantes, cierre del tr\u00e1fico de drogas y principalmente cancelaci\u00f3n de los flujos de capitales il\u00edcitos a la delincuencia.<\/p>\n<p>Es una labor amplia y compleja, pero impostergable. La lucha no ha concluido; apenas se gan\u00f3 una gran batalla, pero los c\u00e1rteles siguen ah\u00ed, quiz\u00e1s descontrolados y diezmados, pero no acabados. \u00a1Cuidado!<\/p>\n<p>&nbsp;<\/p>\n<p><strong>Susurros<\/strong><\/p>\n<p>&nbsp;<\/p>\n<p>Hay confianza en que el orden, tranquilidad y paz p\u00fablica queden plenamente restablecidos a lo largo y ancho del pa\u00eds, y muy especialmente en las ciudades de M\u00e9xico, Guadalajara y Monterrey, donde en unos meses habr\u00e1n de desarrollarse importantes jornadas del campeonato mundial de futbol.<\/p>\n<p>Ya surgen voces alarmistas en Europa sobre los peligros de los encuentros futboleros en el pa\u00eds, pero hasta el momento la fuerza del Estado y el control de las instituciones de gobierno ofrecen garant\u00edas para un buen desarrollo de la cumbre deportiva que espera congregar en el pa\u00eds hasta cinco millones de personas de todas partes del mundo.<\/p>\n<p>&nbsp;<\/p>\n<p>&nbsp;<\/p>\n<p>&nbsp;<\/p>\n<p><strong><em>\u00a0<\/em><\/strong><a href=\"mailto:salvadormartinez@visionmx.com\"><strong><em>salvadormartinez@visionmx.com<\/em><\/strong><\/a><\/p>\n<p><strong><em>X: @salvador_mtz<\/em><\/strong><\/p>\n<p>&nbsp;<\/p>\n","protected":false},"excerpt":{"rendered":"<p>\u00a0 Aunque Pese\u00a0 Salvador Mart\u00ednez G. \u00a0 \u00a0 &nbsp; &nbsp; Indiscutiblemente, la detenci\u00f3n y muerte de Nemesio Oceguera, mundialmente conocido como \u201cEl Mencho\u201d, es un logro del r\u00e9gimen, espec\u00edficamente de la presidenta Claudia Sheinbaum, quien con ello dio, tanto interna como externamente, un gran paso en la consolidaci\u00f3n de su gobierno. Fue amplia la reacci\u00f3n [&hellip;]<\/p>\n","protected":false},"author":14,"featured_media":0,"comment_status":"open","ping_status":"open","sticky":false,"template":"","format":"standard","meta":{"_monsterinsights_skip_tracking":false,"_monsterinsights_sitenote_active":false,"_monsterinsights_sitenote_note":"","_monsterinsights_sitenote_category":0,"footnotes":""},"categories":[4,96743],"tags":[],"class_list":["post-708767","post","type-post","status-publish","format-standard","hentry","category-opinion","category-salvador-martinez-garcia"],"_links":{"self":[{"href":"https:\/\/www.diarioimagen.net\/index.php?rest_route=\/wp\/v2\/posts\/708767","targetHints":{"allow":["GET"]}}],"collection":[{"href":"https:\/\/www.diarioimagen.net\/index.php?rest_route=\/wp\/v2\/posts"}],"about":[{"href":"https:\/\/www.diarioimagen.net\/index.php?rest_route=\/wp\/v2\/types\/post"}],"author":[{"embeddable":true,"href":"https:\/\/www.diarioimagen.net\/index.php?rest_route=\/wp\/v2\/users\/14"}],"replies":[{"embeddable":true,"href":"https:\/\/www.diarioimagen.net\/index.php?rest_route=%2Fwp%2Fv2%2Fcomments&post=708767"}],"version-history":[{"count":1,"href":"https:\/\/www.diarioimagen.net\/index.php?rest_route=\/wp\/v2\/posts\/708767\/revisions"}],"predecessor-version":[{"id":708768,"href":"https:\/\/www.diarioimagen.net\/index.php?rest_route=\/wp\/v2\/posts\/708767\/revisions\/708768"}],"wp:attachment":[{"href":"https:\/\/www.diarioimagen.net\/index.php?rest_route=%2Fwp%2Fv2%2Fmedia&parent=708767"}],"wp:term":[{"taxonomy":"category","embeddable":true,"href":"https:\/\/www.diarioimagen.net\/index.php?rest_route=%2Fwp%2Fv2%2Fcategories&post=708767"},{"taxonomy":"post_tag","embeddable":true,"href":"https:\/\/www.diarioimagen.net\/index.php?rest_route=%2Fwp%2Fv2%2Ftags&post=708767"}],"curies":[{"name":"wp","href":"https:\/\/api.w.org\/{rel}","templated":true}]}}