{"id":708874,"date":"2026-02-23T22:23:03","date_gmt":"2026-02-24T04:23:03","guid":{"rendered":"https:\/\/www.diarioimagen.net\/?p=708874"},"modified":"2026-02-23T22:23:03","modified_gmt":"2026-02-24T04:23:03","slug":"muerto-el-mencho-acabo-el-pacto-de-malos-con-amlo-4t","status":"publish","type":"post","link":"https:\/\/www.diarioimagen.net\/?p=708874","title":{"rendered":"Muerto \u201cEl Mencho\u201d, \u00bfacab\u00f3 el  pacto de malos con AMLO-4T?"},"content":{"rendered":"<p>&nbsp;<\/p>\n<p><strong>TRAS LA PUERTA DEL PODER Roberto Vizca\u00edno<\/strong><\/p>\n<p><strong>\u00a0<\/strong><\/p>\n<p>&nbsp;<\/p>\n<p><strong>\u00a0<\/strong><\/p>\n<p>&nbsp;<\/p>\n<p>\u00bfLa eliminaci\u00f3n del jefe narco y criminal m\u00e1s poderoso de M\u00e9xico -y buena parte del mundo- inicia realmente la limpia de nuestros problemas de sometimiento pol\u00edtico-electoral, inseguridad, muerte y violencia en M\u00e9xico?<\/p>\n<p>Puede ser.<\/p>\n<p>Sin embargo, para lograrlo en verdad, no hay que desde\u00f1ar lo dicho ayer mismo por el presidente\u00a0<strong>Donald Trump,<\/strong>\u00a0luego de saber de la muerte de\u00a0<strong>Nemesio Oseguera Cervantes<\/strong>.<\/p>\n<p>\u201cEn M\u00e9xico falta todav\u00eda mucho, mucho por hacer\u201d<\/p>\n<p>Tiene raz\u00f3n.<\/p>\n<p>De entrada, a la evidente decisi\u00f3n pol\u00edtica, de poder, de ir decididamente por\u00a0\u201c<strong>El Mencho\u201d<\/strong>, sea o no por presiones y con la intervenci\u00f3n directa de EU, lo que debe continuar es al deslinde entre la pol\u00edtica y estos capos.<\/p>\n<p>Se requiere de capturar y enjuiciar en M\u00e9xico a pol\u00edticos vinculados y permisivos de carteles y crimen organizado.<\/p>\n<p>En primer\u00edsimo lugar darle curso ya, sin m\u00e1s retrasos, al proceso penal de\u00a0<strong>Hern\u00e1n Bermudez<\/strong>\u00a0como creador y operador desde la Secretar\u00eda de Seguridad de Tabasco del c\u00e1rtel de La Barredora y todo el grupo de otros funcionarios participaron en eso, y sobre todo para saber a fondo y de una vez por todas los alcances de la vinculaci\u00f3n del ex gobernador, ex titular de Gobernaci\u00f3n, ex precandidato de Morena a su candidatura presidencial en 2024 y hasta hace poco coordinador de los senadores y presidente de la Junta de Coordinaci\u00f3n Pol\u00edtica del Senado,\u00a0<strong>Ad\u00e1n Augusto L\u00f3pez<\/strong>.<\/p>\n<p>Al parejo de eso debe igualmente destrabarse la investigaci\u00f3n y el proceso judicial por la red de huachicol fiscal que hasta ahora involucra al ex secretario de Marina, <strong>Jos\u00e9 Rafael Ojeda,\u00a0\u00a0 y a sus sobrinos pol\u00edticos Manuel Roberto Far\u00edas Laguna<\/strong>\u00a0y\u00a0<strong>Fernando Far\u00edas Laguna<\/strong>, a la vez vicealmirante y contralmirante de la misma dependencia y en el mismo gobierno, a quienes se les encontr\u00f3 que operaban desde puertos a su cargo la red de \u201chuachicol fiscal\u201d que se dice representaba unos 200 mil millones de pesos anuales.<\/p>\n<p>En esta red, hay que recordar, afirma la indagatoria involucr\u00f3 a gobernadores, alcaldes, directores de aduanas, jefes policiacos, y otros muchos funcionarios, as\u00ed como al entonces presidente de Morena,\u00a0<strong>Mario Delgado<\/strong>, hoy titular de Educaci\u00f3n en el gobierno de\u00a0<strong>Claudia Sheibaum<\/strong>, quien habr\u00eda utilizado gran parte de ese flujo financiero ilegal, delincuencial, para financiar campa\u00f1as de la 4T y para su propio beneficio y el de sus jefes y aliados pol\u00edticos y en el poder.<\/p>\n<p>Esto mismo fue denunciado en su tiempo por el entonces presidente de la C\u00e1mara de Diputados,\u00a0<strong>Porfirio Mu\u00f1oz Ledo<\/strong>.<\/p>\n<p>Ni qu\u00e9 decir que esta misma investigaci\u00f3n y proceso judicial debe incluir por igual al expresidente\u00a0<strong>Andr\u00e9s Manuel L\u00f3pez Obrador,<\/strong>\u00a0quien seg\u00fan su propio ex jefe de su jur\u00eddico en su gobierno,\u00a0<strong>Julio Scherer Ibarra <\/strong>\u00a0relata en su libro Ni venganza ni perd\u00f3n fue quien dio el banderazo a la red de huachicol fiscal para financiar campa\u00f1as electorales de Morena, una vez que su jefe de comunicaci\u00f3n,\u00a0<strong>Jes\u00fas Ram\u00edrez Cuevas,<\/strong>\u00a0le llev\u00f3 al despacho presidencial de Palacio Nacional y le present\u00f3 a\u00a0<strong>Sergio Carmona<\/strong>, se\u00f1alado luego como \u201c<em>El rey del huachicol<\/em>\u201d, quien ser\u00eda ejecutado por sicarios en el municipio de San Pedro Garza en Nuevo Le\u00f3n.<\/p>\n<p>Desde entonces, se afirm\u00f3 que\u00a0<strong>Carmona\u00a0<\/strong>fue eliminado para no denunciar lo que sab\u00eda.<\/p>\n<p>Mucho se ha hablado de los \u201cacuerdos\u201d que se hicieron para que\u00a0<strong>Andr\u00e9s Manel L\u00f3pez Obrador<\/strong>\u00a0estableciera una pol\u00edtica de \u201cabrazos y no balazos\u201d hacia el narco y la delincuencia organizada que permiti\u00f3 el crecimiento de estos delincuentes al grado de que el propio presidente\u00a0<strong>Donald Trump<\/strong>, al tomar posesi\u00f3n a fines de enero del 2024 ante Washington y ante el mundo entero dijera que M\u00e9xico estaba cogobernado por los carteles de la droga.<\/p>\n<p>Y para que el Comando Norte de EU afirmara que el 40 por ciento de M\u00e9xico era controlado por el crimen organizado y los capos de la droga.<\/p>\n<p>Eso qued\u00f3 comprobado luego de que se supo que\u00a0\u201d<strong>El Mencho\u201d<\/strong>\u00a0hab\u00eda sido muerto por el Ej\u00e9rcito mexicano la ma\u00f1ana del domingo pasado y de que en 20 estados del pa\u00eds hab\u00edan ocurrido 250 o m\u00e1s ataques en respuesta a la eliminaci\u00f3n del C\u00e1rtel Jalisco Nueva Generaci\u00f3n.<\/p>\n<p>Eso ocurri\u00f3 inmediatamente despu\u00e9s de su muerte. De ese tama\u00f1o es la presencia del CJNG en M\u00e9xico.<\/p>\n<p>La influencia de todo esto en la vida de los 130 millones de mexicanos est\u00e1 en toda una red de extorsiones, cobro de piso, secuestro, establecimiento de precios en alimentos b\u00e1sicos en productos como el huevo o el kilo de carne en municipios o estados enteros y en el cobro de piso en la producci\u00f3n del aguacate o en la miner\u00eda y hasta en el surgimiento de complejos hoteleros vacacionales en las costas mexicanas.<\/p>\n<p>Una presencia del crimen organizado en muchas de las actividades econ\u00f3micas o sociales.<\/p>\n<p>En lo electoral, queda el testimonio de c\u00f3mo hasta han secuestrado a presidentes de casillas y c\u00f3mo han coaccionado a votantes. Detr\u00e1s de esto hay ya como 150 ejecuciones de candidatos y de alcaldes como Carlos Manzo en Uruapan.<\/p>\n<p>Todo esto se tiene que comenzar a limpiar ahora que ya cay\u00f3\u00a0\u201c<strong>El Mencho\u201d<\/strong>. Es lo que\u00a0<strong>Donald Trump<\/strong>\u00a0dice que falta por hacer.<\/p>\n<p>\u00bfO exagero?<\/p>\n<p>&nbsp;<\/p>\n<p>Twitter: @_Vizcaino \/ Facebook<\/p>\n<p>\/\u00a0<a href=\"https:\/\/www.facebook.com\/rvizcainoa\">https:\/\/www.facebook.com\/rvizcainoa<\/a>\u00a0\/<\/p>\n<p>e-mail:\u00a0<a href=\"mailto:rvizcainoa@gmail.com\">rvizcainoa@gmail.com<\/a><\/p>\n<p>&nbsp;<\/p>\n","protected":false},"excerpt":{"rendered":"<p>&nbsp; TRAS LA PUERTA DEL PODER Roberto Vizca\u00edno \u00a0 &nbsp; \u00a0 &nbsp; \u00bfLa eliminaci\u00f3n del jefe narco y criminal m\u00e1s poderoso de M\u00e9xico -y buena parte del mundo- inicia realmente la limpia de nuestros problemas de sometimiento pol\u00edtico-electoral, inseguridad, muerte y violencia en M\u00e9xico? Puede ser. Sin embargo, para lograrlo en verdad, no hay que [&hellip;]<\/p>\n","protected":false},"author":14,"featured_media":0,"comment_status":"open","ping_status":"open","sticky":false,"template":"","format":"standard","meta":{"_monsterinsights_skip_tracking":false,"_monsterinsights_sitenote_active":false,"_monsterinsights_sitenote_note":"","_monsterinsights_sitenote_category":0,"footnotes":""},"categories":[4,136],"tags":[],"class_list":["post-708874","post","type-post","status-publish","format-standard","hentry","category-opinion","category-roberto-vizcaino-opinion"],"_links":{"self":[{"href":"https:\/\/www.diarioimagen.net\/index.php?rest_route=\/wp\/v2\/posts\/708874","targetHints":{"allow":["GET"]}}],"collection":[{"href":"https:\/\/www.diarioimagen.net\/index.php?rest_route=\/wp\/v2\/posts"}],"about":[{"href":"https:\/\/www.diarioimagen.net\/index.php?rest_route=\/wp\/v2\/types\/post"}],"author":[{"embeddable":true,"href":"https:\/\/www.diarioimagen.net\/index.php?rest_route=\/wp\/v2\/users\/14"}],"replies":[{"embeddable":true,"href":"https:\/\/www.diarioimagen.net\/index.php?rest_route=%2Fwp%2Fv2%2Fcomments&post=708874"}],"version-history":[{"count":1,"href":"https:\/\/www.diarioimagen.net\/index.php?rest_route=\/wp\/v2\/posts\/708874\/revisions"}],"predecessor-version":[{"id":708875,"href":"https:\/\/www.diarioimagen.net\/index.php?rest_route=\/wp\/v2\/posts\/708874\/revisions\/708875"}],"wp:attachment":[{"href":"https:\/\/www.diarioimagen.net\/index.php?rest_route=%2Fwp%2Fv2%2Fmedia&parent=708874"}],"wp:term":[{"taxonomy":"category","embeddable":true,"href":"https:\/\/www.diarioimagen.net\/index.php?rest_route=%2Fwp%2Fv2%2Fcategories&post=708874"},{"taxonomy":"post_tag","embeddable":true,"href":"https:\/\/www.diarioimagen.net\/index.php?rest_route=%2Fwp%2Fv2%2Ftags&post=708874"}],"curies":[{"name":"wp","href":"https:\/\/api.w.org\/{rel}","templated":true}]}}