{"id":708924,"date":"2026-02-24T19:42:47","date_gmt":"2026-02-25T01:42:47","guid":{"rendered":"https:\/\/www.diarioimagen.net\/?p=708924"},"modified":"2026-02-24T19:42:47","modified_gmt":"2026-02-25T01:42:47","slug":"los-presupuestos-deben-aplicarse-de-manera-correcta-anuar-azar-figueroa","status":"publish","type":"post","link":"https:\/\/www.diarioimagen.net\/?p=708924","title":{"rendered":"Los presupuestos deben aplicarse de  manera correcta: Anuar Azar Figueroa"},"content":{"rendered":"<ul>\n<li><strong>A favor de una gesti\u00f3n responsable<\/strong><\/li>\n<\/ul>\n<p><strong>\u00a0<\/strong><\/p>\n<p><img loading=\"lazy\" decoding=\"async\" class=\"alignnone wp-image-708925 size-large\" src=\"https:\/\/www.diarioimagen.net\/wp-content\/uploads\/2026\/02\/BAENA-2-ok-14-216x270.jpg\" alt=\"\" width=\"216\" height=\"270\" srcset=\"https:\/\/www.diarioimagen.net\/wp-content\/uploads\/2026\/02\/BAENA-2-ok-14-216x270.jpg 216w, https:\/\/www.diarioimagen.net\/wp-content\/uploads\/2026\/02\/BAENA-2-ok-14-192x240.jpg 192w, https:\/\/www.diarioimagen.net\/wp-content\/uploads\/2026\/02\/BAENA-2-ok-14-768x960.jpg 768w, https:\/\/www.diarioimagen.net\/wp-content\/uploads\/2026\/02\/BAENA-2-ok-14-1229x1536.jpg 1229w, https:\/\/www.diarioimagen.net\/wp-content\/uploads\/2026\/02\/BAENA-2-ok-14-1639x2048.jpg 1639w\" sizes=\"auto, (max-width: 216px) 100vw, 216px\" \/><\/p>\n<p>&nbsp;<\/p>\n<p>Por Arturo Baena<\/p>\n<p>&nbsp;<\/p>\n<p>Valle de M\u00e9xico.- El PAN del Estado de M\u00e9xico est\u00e1 a favor de\u00a0 la transparencia y la rendici\u00f3n de cuentas. Hoy, con la aprobaci\u00f3n que se lleva a cabo del presupuesto de Ingresos y Egresos para el Ejercicio Fiscal 2026 de los municipios, estaremos atentos para\u00a0 que estos se apliquen de manera correcta en favor de las familias mexiquenses.<\/p>\n<p>&nbsp;<\/p>\n<p>As\u00ed lo expres\u00f3 en entrevista, Anuar Azar Figueroa, dirigente de ese instituto pol\u00edtico en la entidad, despu\u00e9s de reiterar qu\u00e9, \u00abel uso acertado de los presupuestos de los Ayuntamientos, contribuyen a la confianza ciudadana. Se debe garantizar la gesti\u00f3n responsable para combatir la corrupci\u00f3n\u00bb, dijo.<\/p>\n<p>&nbsp;<\/p>\n<p>El tambi\u00e9n diputado local abund\u00f3 que, efectivamente, la transparencia de recursos p\u00fablicos, mejora la eficiencia gubernamental<\/p>\n<p>&nbsp;<\/p>\n<p>\u201cEs obligaci\u00f3n de los servidores p\u00fablicos informar, explicar y ser sujetos de evaluaci\u00f3n por sus acciones, pues a trav\u00e9s de ello habr\u00e1 confianza ciudadana hacia sus gobernantes\u201d, reiter\u00f3.<\/p>\n<p>&nbsp;<\/p>\n<p>Finalmente, Azar Figueroa, asegur\u00f3 que la claridad de los presupuestos\u00a0 \u201cpermite garantizar que los programas sociales cumplan su prop\u00f3sito, que las obras p\u00fablicas beneficien a la gente y que los recursos se ejerzan con eficiencia y honestidad\u00bb, concluy\u00f3.<\/p>\n<p>&nbsp;<\/p>\n<p>&nbsp;<\/p>\n","protected":false},"excerpt":{"rendered":"<p>A favor de una gesti\u00f3n responsable \u00a0 &nbsp; Por Arturo Baena &nbsp; Valle de M\u00e9xico.- El PAN del Estado de M\u00e9xico est\u00e1 a favor de\u00a0 la transparencia y la rendici\u00f3n de cuentas. Hoy, con la aprobaci\u00f3n que se lleva a cabo del presupuesto de Ingresos y Egresos para el Ejercicio Fiscal 2026 de los municipios, [&hellip;]<\/p>\n","protected":false},"author":14,"featured_media":708925,"comment_status":"open","ping_status":"open","sticky":false,"template":"","format":"standard","meta":{"_monsterinsights_skip_tracking":false,"_monsterinsights_sitenote_active":false,"_monsterinsights_sitenote_note":"","_monsterinsights_sitenote_category":0,"footnotes":""},"categories":[5],"tags":[],"class_list":["post-708924","post","type-post","status-publish","format-standard","has-post-thumbnail","hentry","category-estado-de-mexico"],"_links":{"self":[{"href":"https:\/\/www.diarioimagen.net\/index.php?rest_route=\/wp\/v2\/posts\/708924","targetHints":{"allow":["GET"]}}],"collection":[{"href":"https:\/\/www.diarioimagen.net\/index.php?rest_route=\/wp\/v2\/posts"}],"about":[{"href":"https:\/\/www.diarioimagen.net\/index.php?rest_route=\/wp\/v2\/types\/post"}],"author":[{"embeddable":true,"href":"https:\/\/www.diarioimagen.net\/index.php?rest_route=\/wp\/v2\/users\/14"}],"replies":[{"embeddable":true,"href":"https:\/\/www.diarioimagen.net\/index.php?rest_route=%2Fwp%2Fv2%2Fcomments&post=708924"}],"version-history":[{"count":1,"href":"https:\/\/www.diarioimagen.net\/index.php?rest_route=\/wp\/v2\/posts\/708924\/revisions"}],"predecessor-version":[{"id":708926,"href":"https:\/\/www.diarioimagen.net\/index.php?rest_route=\/wp\/v2\/posts\/708924\/revisions\/708926"}],"wp:featuredmedia":[{"embeddable":true,"href":"https:\/\/www.diarioimagen.net\/index.php?rest_route=\/wp\/v2\/media\/708925"}],"wp:attachment":[{"href":"https:\/\/www.diarioimagen.net\/index.php?rest_route=%2Fwp%2Fv2%2Fmedia&parent=708924"}],"wp:term":[{"taxonomy":"category","embeddable":true,"href":"https:\/\/www.diarioimagen.net\/index.php?rest_route=%2Fwp%2Fv2%2Fcategories&post=708924"},{"taxonomy":"post_tag","embeddable":true,"href":"https:\/\/www.diarioimagen.net\/index.php?rest_route=%2Fwp%2Fv2%2Ftags&post=708924"}],"curies":[{"name":"wp","href":"https:\/\/api.w.org\/{rel}","templated":true}]}}