{"id":709102,"date":"2026-02-25T19:46:52","date_gmt":"2026-02-26T01:46:52","guid":{"rendered":"https:\/\/www.diarioimagen.net\/?p=709102"},"modified":"2026-02-25T19:46:52","modified_gmt":"2026-02-26T01:46:52","slug":"mas-sanciones-por-pirotecnia-ilegal-plantea-el-senador-vargas-del-villar","status":"publish","type":"post","link":"https:\/\/www.diarioimagen.net\/?p=709102","title":{"rendered":"\u00a0  M\u00e1s sanciones por pirotecnia ilegal,  plantea el senador Vargas del Villar"},"content":{"rendered":"<ul>\n<li><strong>Presenta iniciativa de ley<\/strong><\/li>\n<\/ul>\n<div id=\"attachment_709103\" style=\"width: 414px\" class=\"wp-caption alignnone\"><img loading=\"lazy\" decoding=\"async\" aria-describedby=\"caption-attachment-709103\" class=\"size-large wp-image-709103\" src=\"https:\/\/www.diarioimagen.net\/wp-content\/uploads\/2026\/02\/BAENA-3-ok-16-404x270.jpg\" alt=\"\" width=\"404\" height=\"270\" srcset=\"https:\/\/www.diarioimagen.net\/wp-content\/uploads\/2026\/02\/BAENA-3-ok-16-404x270.jpg 404w, https:\/\/www.diarioimagen.net\/wp-content\/uploads\/2026\/02\/BAENA-3-ok-16-240x160.jpg 240w, https:\/\/www.diarioimagen.net\/wp-content\/uploads\/2026\/02\/BAENA-3-ok-16-768x514.jpg 768w, https:\/\/www.diarioimagen.net\/wp-content\/uploads\/2026\/02\/BAENA-3-ok-16.jpg 1500w\" sizes=\"auto, (max-width: 404px) 100vw, 404px\" \/><p id=\"caption-attachment-709103\" class=\"wp-caption-text\">Enrique Vargas del Villar plantea elevar sanciones por venta o transportaci\u00f3n ilegal de pirotecnia que ponga en riesgo a terceros.<\/p><\/div>\n<p>Valle de M\u00e9xico. &#8211; Con el fin de evitar m\u00e1s accidentes relacionados con la pirotecnia, el senador Enrique Vargas del Villar present\u00f3 una iniciativa de ley para reformar la Ley Federal de Armas de Fuego y Explosivos, con la intenci\u00f3n de establecer como agravante la venta y transportaci\u00f3n de estos artefactos, especialmente, cuando se ponga en riesgo a terceros y se realice en zonas urbanas o exista reincidencia sobre esta actividad.<\/p>\n<p>&nbsp;<\/p>\n<p>Explic\u00f3 que a pesar de que la pirotecnia es considerada un arte y una actividad tradicional y cultural, su uso recreativo, venta, transporte y manejo sin permisos oficiales, representa un riesgo grave para la seguridad p\u00fablica, la integridad f\u00edsica y el patrimonio de familias enteras.<\/p>\n<p>&nbsp;<\/p>\n<p>\u201cEn M\u00e9xico, se estima que existen alrededor de 40 mil negocios clandestinos dedicados a actividades pirot\u00e9cnicas y solo dos mil operan con permisos vigentes de la Secretar\u00eda de la Defensa Nacional (Sedena) Esta misma falta de un control estricto, contribuye a que estas pr\u00e1cticas sigan causando da\u00f1os materiales y en las personas<\/p>\n<p>&nbsp;<\/p>\n<p>Vargas del Villar detall\u00f3 que la ley federal en la materia no prev\u00e9 sanciones espec\u00edficas con agravantes claras para quienes realicen la venta o transportaci\u00f3n ilegal de pirotecnia que ponga en riesgo a terceros, a la ni\u00f1ez, adolescencia o se realice en zonas urbanas densas, pues actualmente estas conductas se sancionan solo de manera administrativa.<\/p>\n<p>&nbsp;<\/p>\n<p>\u201cLa ausencia de una actualizaci\u00f3n normativa robusta ha dejado vac\u00edos legales que favorecen la impunidad en la comercializaci\u00f3n il\u00edcita y en el transporte inadecuado de pirotecnia, lo que exige acci\u00f3n legislativa urgente desde el \u00e1mbito federal, estatal y municipal. Para Acci\u00f3n Nacional, la seguridad de las familias mexicanas, la protecci\u00f3n de la vida humana y el fortalecimiento del Estado de derecho constituyen prioridades irrenunciables de la funci\u00f3n legislativa\u201d, apunt\u00f3.<\/p>\n<p>&nbsp;<\/p>\n<p>&nbsp;<\/p>\n<p>&nbsp;<\/p>\n<p>&nbsp;<\/p>\n","protected":false},"excerpt":{"rendered":"<p>Presenta iniciativa de ley Valle de M\u00e9xico. &#8211; Con el fin de evitar m\u00e1s accidentes relacionados con la pirotecnia, el senador Enrique Vargas del Villar present\u00f3 una iniciativa de ley para reformar la Ley Federal de Armas de Fuego y Explosivos, con la intenci\u00f3n de establecer como agravante la venta y transportaci\u00f3n de estos artefactos, [&hellip;]<\/p>\n","protected":false},"author":14,"featured_media":709103,"comment_status":"open","ping_status":"open","sticky":false,"template":"","format":"standard","meta":{"_monsterinsights_skip_tracking":false,"_monsterinsights_sitenote_active":false,"_monsterinsights_sitenote_note":"","_monsterinsights_sitenote_category":0,"footnotes":""},"categories":[5],"tags":[],"class_list":["post-709102","post","type-post","status-publish","format-standard","has-post-thumbnail","hentry","category-estado-de-mexico"],"_links":{"self":[{"href":"https:\/\/www.diarioimagen.net\/index.php?rest_route=\/wp\/v2\/posts\/709102","targetHints":{"allow":["GET"]}}],"collection":[{"href":"https:\/\/www.diarioimagen.net\/index.php?rest_route=\/wp\/v2\/posts"}],"about":[{"href":"https:\/\/www.diarioimagen.net\/index.php?rest_route=\/wp\/v2\/types\/post"}],"author":[{"embeddable":true,"href":"https:\/\/www.diarioimagen.net\/index.php?rest_route=\/wp\/v2\/users\/14"}],"replies":[{"embeddable":true,"href":"https:\/\/www.diarioimagen.net\/index.php?rest_route=%2Fwp%2Fv2%2Fcomments&post=709102"}],"version-history":[{"count":1,"href":"https:\/\/www.diarioimagen.net\/index.php?rest_route=\/wp\/v2\/posts\/709102\/revisions"}],"predecessor-version":[{"id":709104,"href":"https:\/\/www.diarioimagen.net\/index.php?rest_route=\/wp\/v2\/posts\/709102\/revisions\/709104"}],"wp:featuredmedia":[{"embeddable":true,"href":"https:\/\/www.diarioimagen.net\/index.php?rest_route=\/wp\/v2\/media\/709103"}],"wp:attachment":[{"href":"https:\/\/www.diarioimagen.net\/index.php?rest_route=%2Fwp%2Fv2%2Fmedia&parent=709102"}],"wp:term":[{"taxonomy":"category","embeddable":true,"href":"https:\/\/www.diarioimagen.net\/index.php?rest_route=%2Fwp%2Fv2%2Fcategories&post=709102"},{"taxonomy":"post_tag","embeddable":true,"href":"https:\/\/www.diarioimagen.net\/index.php?rest_route=%2Fwp%2Fv2%2Ftags&post=709102"}],"curies":[{"name":"wp","href":"https:\/\/api.w.org\/{rel}","templated":true}]}}