{"id":709321,"date":"2026-02-26T19:06:46","date_gmt":"2026-02-27T01:06:46","guid":{"rendered":"https:\/\/www.diarioimagen.net\/?p=709321"},"modified":"2026-02-26T19:06:46","modified_gmt":"2026-02-27T01:06:46","slug":"el-alcalde-pedro-rodriguez-villegas-fortalece-la-educacion-en-atizapan","status":"publish","type":"post","link":"https:\/\/www.diarioimagen.net\/?p=709321","title":{"rendered":"El alcalde Pedro Rodr\u00edguez Villegas  fortalece\u00a0la educaci\u00f3n en Atizap\u00e1n\u00a0"},"content":{"rendered":"<p>&nbsp;<\/p>\n<ul>\n<li><strong>Construcci\u00f3n de arcotechos<\/strong><\/li>\n<\/ul>\n<div id=\"attachment_709322\" style=\"width: 465px\" class=\"wp-caption alignnone\"><img loading=\"lazy\" decoding=\"async\" aria-describedby=\"caption-attachment-709322\" class=\"wp-image-709322 size-large\" src=\"https:\/\/www.diarioimagen.net\/wp-content\/uploads\/2026\/02\/BAENA-3-ok-17-455x270.jpg\" alt=\"\" width=\"455\" height=\"270\" srcset=\"https:\/\/www.diarioimagen.net\/wp-content\/uploads\/2026\/02\/BAENA-3-ok-17-455x270.jpg 455w, https:\/\/www.diarioimagen.net\/wp-content\/uploads\/2026\/02\/BAENA-3-ok-17-240x142.jpg 240w, https:\/\/www.diarioimagen.net\/wp-content\/uploads\/2026\/02\/BAENA-3-ok-17-768x456.jpg 768w, https:\/\/www.diarioimagen.net\/wp-content\/uploads\/2026\/02\/BAENA-3-ok-17.jpg 1500w\" sizes=\"auto, (max-width: 455px) 100vw, 455px\" \/><p id=\"caption-attachment-709322\" class=\"wp-caption-text\">El alcalde Pedro Rodr\u00edguez Villegas exhort\u00f3 a los padres de familia a mantenerse cercanos a sus hijos, a fin de fortalecer la seguridad desde el n\u00facleo familiar.<\/p><\/div>\n<p><strong>\u00a0<\/strong><\/p>\n<p>&nbsp;<\/p>\n<p>&nbsp;<\/p>\n<p>Atizap\u00e1n de Zaragoza,\u00a0 M\u00e9x.- Al entregar la construcci\u00f3n de un arcotecho en la Preparatoria Oficial y en el Jard\u00edn de Ni\u00f1os Anexa a la Normal, el presidente municipal Pedro Rodr\u00edguez Villegas exhort\u00f3 a los padres de familia a mantenerse cercanos a sus hijos, a fin de fortalecer la seguridad desde el n\u00facleo familiar.<\/p>\n<p>&nbsp;<\/p>\n<p>\u201cA veces nos quejamos de la falta de seguridad; yo solo les recuerdo que detr\u00e1s de cada delincuente existe una familia que no supo formar adecuadamente a sus hijos, porque la formaci\u00f3n desde el hogar es primordial para que ni\u00f1as, ni\u00f1os y j\u00f3venes se conviertan en adultos respetuosos, responsables y cumplidos con sus obligaciones\u201d, afirm\u00f3 el alcalde.<\/p>\n<p>&nbsp;<\/p>\n<p>Acompa\u00f1ado de la presidenta honoraria del DIF, Paty Ar\u00e9valo, Pedro Rodr\u00edguez destac\u00f3 que desde el gobierno se han impulsado acciones que abonan a la formaci\u00f3n de la ni\u00f1ez y juventud, tales como becas educativas y una mejor infraestructura para garantizar una educaci\u00f3n de calidad.<\/p>\n<p>&nbsp;<\/p>\n<p>Ejemplo de ello dijo, es este centro educativo, donde adem\u00e1s de los nuevos arcotechos con los que las y los estudiantes podr\u00e1n desarrollar sus actividades f\u00edsicas protegidos del sol, previamente se entregaron dos aulas digitales en la secundaria, una en la preparatoria y una m\u00e1s en la Normal, adem\u00e1s de computadoras para el turno matutino.<\/p>\n<p>&nbsp;<\/p>\n<p>\u201cEstoy muy contento de estar aqu\u00ed entregando obras que benefician a todas y todos ustedes. Ya tuvimos la oportunidad, en fechas anteriores, de apoyar a este plantel y hoy regresamos para continuar respaldando a la educaci\u00f3n, porque somos un gobierno comprometido con ella\u201d, se\u00f1al\u00f3 el alcalde.<\/p>\n<p><strong>\u00a0<\/strong><\/p>\n<p>&nbsp;<\/p>\n","protected":false},"excerpt":{"rendered":"<p>&nbsp; Construcci\u00f3n de arcotechos \u00a0 &nbsp; &nbsp; Atizap\u00e1n de Zaragoza,\u00a0 M\u00e9x.- Al entregar la construcci\u00f3n de un arcotecho en la Preparatoria Oficial y en el Jard\u00edn de Ni\u00f1os Anexa a la Normal, el presidente municipal Pedro Rodr\u00edguez Villegas exhort\u00f3 a los padres de familia a mantenerse cercanos a sus hijos, a fin de fortalecer la [&hellip;]<\/p>\n","protected":false},"author":14,"featured_media":709322,"comment_status":"open","ping_status":"open","sticky":false,"template":"","format":"standard","meta":{"_monsterinsights_skip_tracking":false,"_monsterinsights_sitenote_active":false,"_monsterinsights_sitenote_note":"","_monsterinsights_sitenote_category":0,"footnotes":""},"categories":[5],"tags":[],"class_list":["post-709321","post","type-post","status-publish","format-standard","has-post-thumbnail","hentry","category-estado-de-mexico"],"_links":{"self":[{"href":"https:\/\/www.diarioimagen.net\/index.php?rest_route=\/wp\/v2\/posts\/709321","targetHints":{"allow":["GET"]}}],"collection":[{"href":"https:\/\/www.diarioimagen.net\/index.php?rest_route=\/wp\/v2\/posts"}],"about":[{"href":"https:\/\/www.diarioimagen.net\/index.php?rest_route=\/wp\/v2\/types\/post"}],"author":[{"embeddable":true,"href":"https:\/\/www.diarioimagen.net\/index.php?rest_route=\/wp\/v2\/users\/14"}],"replies":[{"embeddable":true,"href":"https:\/\/www.diarioimagen.net\/index.php?rest_route=%2Fwp%2Fv2%2Fcomments&post=709321"}],"version-history":[{"count":1,"href":"https:\/\/www.diarioimagen.net\/index.php?rest_route=\/wp\/v2\/posts\/709321\/revisions"}],"predecessor-version":[{"id":709323,"href":"https:\/\/www.diarioimagen.net\/index.php?rest_route=\/wp\/v2\/posts\/709321\/revisions\/709323"}],"wp:featuredmedia":[{"embeddable":true,"href":"https:\/\/www.diarioimagen.net\/index.php?rest_route=\/wp\/v2\/media\/709322"}],"wp:attachment":[{"href":"https:\/\/www.diarioimagen.net\/index.php?rest_route=%2Fwp%2Fv2%2Fmedia&parent=709321"}],"wp:term":[{"taxonomy":"category","embeddable":true,"href":"https:\/\/www.diarioimagen.net\/index.php?rest_route=%2Fwp%2Fv2%2Fcategories&post=709321"},{"taxonomy":"post_tag","embeddable":true,"href":"https:\/\/www.diarioimagen.net\/index.php?rest_route=%2Fwp%2Fv2%2Ftags&post=709321"}],"curies":[{"name":"wp","href":"https:\/\/api.w.org\/{rel}","templated":true}]}}