{"id":709336,"date":"2026-02-26T19:46:42","date_gmt":"2026-02-27T01:46:42","guid":{"rendered":"https:\/\/www.diarioimagen.net\/?p=709336"},"modified":"2026-02-26T19:46:42","modified_gmt":"2026-02-27T01:46:42","slug":"gobierno-del-edomex-apuesta-por-el-campo-con-una-inversion-historica-en-maquinaria-agricola","status":"publish","type":"post","link":"https:\/\/www.diarioimagen.net\/?p=709336","title":{"rendered":"Gobierno del Edomex apuesta por el campo con una inversi\u00f3n hist\u00f3rica en maquinaria agr\u00edcola"},"content":{"rendered":"<ul>\n<li><strong>Agua, caminos y cosechas:<\/strong><\/li>\n<li><strong>&#8211; Entregan 12 unidades y veh\u00edculos pesados destinados a obras de infraestructura para la tecnificaci\u00f3n y uso eficiente del agua<\/strong><\/li>\n<\/ul>\n<p>&nbsp;<\/p>\n<div id=\"attachment_709337\" style=\"width: 415px\" class=\"wp-caption alignnone\"><img loading=\"lazy\" decoding=\"async\" aria-describedby=\"caption-attachment-709337\" class=\"wp-image-709337 size-large\" src=\"https:\/\/www.diarioimagen.net\/wp-content\/uploads\/2026\/02\/DUARTE-01-405x270.jpg\" alt=\"\" width=\"405\" height=\"270\" srcset=\"https:\/\/www.diarioimagen.net\/wp-content\/uploads\/2026\/02\/DUARTE-01-405x270.jpg 405w, https:\/\/www.diarioimagen.net\/wp-content\/uploads\/2026\/02\/DUARTE-01-240x160.jpg 240w, https:\/\/www.diarioimagen.net\/wp-content\/uploads\/2026\/02\/DUARTE-01-768x512.jpg 768w, https:\/\/www.diarioimagen.net\/wp-content\/uploads\/2026\/02\/DUARTE-01-1536x1025.jpg 1536w, https:\/\/www.diarioimagen.net\/wp-content\/uploads\/2026\/02\/DUARTE-01-2048x1366.jpg 2048w\" sizes=\"auto, (max-width: 405px) 100vw, 405px\" \/><p id=\"caption-attachment-709337\" class=\"wp-caption-text\">La inversi\u00f3n para la adquisici\u00f3n de los 12 equipos, destinados a obras de infraestructura para la tecnificaci\u00f3n y uso eficiente del agua, fue de 49 millones 600 mil pesos, inform\u00f3 Horacio Duarte Olivares, Secretario General de Gobierno.<\/p><\/div>\n<p>El gobierno del Estado de M\u00e9xico, encabezado por Delfina G\u00f3mez \u00c1lvarez, entreg\u00f3 12 unidades y veh\u00edculos pesados destinados a obras de infraestructura para la tecnificaci\u00f3n y uso eficiente del agua, como parte del programa \u201cMaquinaria para Transformar el Campo Mexiquense\u201d.<\/p>\n<p>La inversi\u00f3n para la adquisici\u00f3n de los 12 equipos fue de 49 millones 600 mil pesos, inform\u00f3 Horacio Duarte Olivares, Secretario General de Gobierno.<\/p>\n<p>Mar\u00eda Eugenia Rojano Vald\u00e9s, Secretaria del Campo, se\u00f1al\u00f3 que estas 12 unidades se integran al parque de maquinaria de la dependencia, el cual suma 56 equipos. Los ayuntamientos pueden solicitar las unidades de manera directa en la Secretar\u00eda del Campo.<\/p>\n<p>El lote de maquinaria est\u00e1 conformado por:<br \/>\n\u2022 Tres motoniveladoras.<br \/>\n\u2022 Dos retroexcavadoras.<br \/>\n\u2022 Un tractocami\u00f3n.<br \/>\n\u2022 Dos camiones tipo volteo 4&#215;2, con capacidad de carga de siete metros c\u00fabicos.<br \/>\n\u2022 Dos camiones tipo volteo 6&#215;4, con capacidad de carga de 14 metros c\u00fabicos.<br \/>\n\u2022 Dos camiones tipo cisterna, con capacidad de 10 mil litros.<\/p>\n<p>Entre septiembre de 2023 y febrero de 2026, el uso de la maquinaria ha beneficiado a 10 mil productores en 65 municipios, con impacto en 25 mil hect\u00e1reas. Las obras realizadas incluyen la construcci\u00f3n de 211 bordos de almacenamiento, m\u00e1s de 100 ollas de captaci\u00f3n de agua, y cerca de mil kil\u00f3metros de desazolve en r\u00edos, canales, arroyos, presas y jag\u00fceyes. Tambi\u00e9n se han intervenido 2 mil 600 kil\u00f3metros de caminos saca cosecha, adem\u00e1s de trabajos de nivelaci\u00f3n de parcelas y terrenos.<\/p>\n<p>Los productores pueden gestionar el apoyo a trav\u00e9s de su municipio o directamente en la Secretar\u00eda del Campo. Los ayuntamientos, por su parte, realizan una aportaci\u00f3n en combustible o mantenimiento de la maquinaria cuando el proyecto lo requiere.<\/p>\n<p>&nbsp;<\/p>\n","protected":false},"excerpt":{"rendered":"<p>Agua, caminos y cosechas: &#8211; Entregan 12 unidades y veh\u00edculos pesados destinados a obras de infraestructura para la tecnificaci\u00f3n y uso eficiente del agua &nbsp; El gobierno del Estado de M\u00e9xico, encabezado por Delfina G\u00f3mez \u00c1lvarez, entreg\u00f3 12 unidades y veh\u00edculos pesados destinados a obras de infraestructura para la tecnificaci\u00f3n y uso eficiente del agua, [&hellip;]<\/p>\n","protected":false},"author":14,"featured_media":709337,"comment_status":"open","ping_status":"open","sticky":false,"template":"","format":"standard","meta":{"_monsterinsights_skip_tracking":false,"_monsterinsights_sitenote_active":false,"_monsterinsights_sitenote_note":"","_monsterinsights_sitenote_category":0,"footnotes":""},"categories":[16,5],"tags":[],"class_list":["post-709336","post","type-post","status-publish","format-standard","has-post-thumbnail","hentry","category-destacadas","category-estado-de-mexico"],"_links":{"self":[{"href":"https:\/\/www.diarioimagen.net\/index.php?rest_route=\/wp\/v2\/posts\/709336","targetHints":{"allow":["GET"]}}],"collection":[{"href":"https:\/\/www.diarioimagen.net\/index.php?rest_route=\/wp\/v2\/posts"}],"about":[{"href":"https:\/\/www.diarioimagen.net\/index.php?rest_route=\/wp\/v2\/types\/post"}],"author":[{"embeddable":true,"href":"https:\/\/www.diarioimagen.net\/index.php?rest_route=\/wp\/v2\/users\/14"}],"replies":[{"embeddable":true,"href":"https:\/\/www.diarioimagen.net\/index.php?rest_route=%2Fwp%2Fv2%2Fcomments&post=709336"}],"version-history":[{"count":1,"href":"https:\/\/www.diarioimagen.net\/index.php?rest_route=\/wp\/v2\/posts\/709336\/revisions"}],"predecessor-version":[{"id":709338,"href":"https:\/\/www.diarioimagen.net\/index.php?rest_route=\/wp\/v2\/posts\/709336\/revisions\/709338"}],"wp:featuredmedia":[{"embeddable":true,"href":"https:\/\/www.diarioimagen.net\/index.php?rest_route=\/wp\/v2\/media\/709337"}],"wp:attachment":[{"href":"https:\/\/www.diarioimagen.net\/index.php?rest_route=%2Fwp%2Fv2%2Fmedia&parent=709336"}],"wp:term":[{"taxonomy":"category","embeddable":true,"href":"https:\/\/www.diarioimagen.net\/index.php?rest_route=%2Fwp%2Fv2%2Fcategories&post=709336"},{"taxonomy":"post_tag","embeddable":true,"href":"https:\/\/www.diarioimagen.net\/index.php?rest_route=%2Fwp%2Fv2%2Ftags&post=709336"}],"curies":[{"name":"wp","href":"https:\/\/api.w.org\/{rel}","templated":true}]}}