{"id":709398,"date":"2026-02-26T21:18:46","date_gmt":"2026-02-27T03:18:46","guid":{"rendered":"https:\/\/www.diarioimagen.net\/?p=709398"},"modified":"2026-02-26T21:18:46","modified_gmt":"2026-02-27T03:18:46","slug":"mexico-esta-de-moda-y-los-datos-lo-confirman-sectur","status":"publish","type":"post","link":"https:\/\/www.diarioimagen.net\/?p=709398","title":{"rendered":"M\u00e9xico est\u00e1 de moda y los datos lo confirman: Sectur"},"content":{"rendered":"<ul>\n<li><strong>Esfuerzo colectivo<\/strong><\/li>\n<\/ul>\n<p>&nbsp;<\/p>\n<div id=\"attachment_709399\" style=\"width: 415px\" class=\"wp-caption alignnone\"><img loading=\"lazy\" decoding=\"async\" aria-describedby=\"caption-attachment-709399\" class=\"wp-image-709399 size-large\" src=\"https:\/\/www.diarioimagen.net\/wp-content\/uploads\/2026\/02\/SECTUR-405x270.jpeg\" alt=\"\" width=\"405\" height=\"270\" srcset=\"https:\/\/www.diarioimagen.net\/wp-content\/uploads\/2026\/02\/SECTUR-405x270.jpeg 405w, https:\/\/www.diarioimagen.net\/wp-content\/uploads\/2026\/02\/SECTUR-240x160.jpeg 240w, https:\/\/www.diarioimagen.net\/wp-content\/uploads\/2026\/02\/SECTUR-768x512.jpeg 768w, https:\/\/www.diarioimagen.net\/wp-content\/uploads\/2026\/02\/SECTUR.jpeg 1280w\" sizes=\"auto, (max-width: 405px) 100vw, 405px\" \/><p id=\"caption-attachment-709399\" class=\"wp-caption-text\">La secretaria de Turismo, Josefina Rodr\u00edguez Zamora que el crecimiento del turismo en el pa\u00eds no es casualidad: es resultado de una estrategia conjunta y del trabajo en equipo del Gobierno de M\u00e9xico, junto a los 32 estados, c\u00e1maras, asociaciones, empresas y, sobre todo, el pueblo de M\u00e9xico.<\/p><\/div>\n<p>&nbsp;<\/p>\n<p>&nbsp;<\/p>\n<p>El crecimiento del turismo en el pa\u00eds no es casualidad: es resultado de una estrategia conjunta y del trabajo en equipo del Gobierno de M\u00e9xico, encabezado por la presidenta Claudia Sheinbaum, junto a los 32 estados, c\u00e1maras, asociaciones, empresas y, sobre todo, el pueblo de M\u00e9xico, motor y principal beneficiario de esta gran cadena de valor tur\u00edstica.<\/p>\n<p>Se trata de un esfuerzo colectivo que consolida a M\u00e9xico como uno de los destinos m\u00e1s atractivos del mundo, destac\u00f3 la secretaria de Turismo, Josefina Rodr\u00edguez Zamora.<\/p>\n<p>La funcionaria federal destac\u00f3 que durante 2025 la llegada de turistas internacionales creci\u00f3 un 6.1 por ciento, con 47.8 millones de personas; mientras que a puertos mexicanos llegaron 11.4 millones de cruceristas, es decir, un aumento de 12.6 por ciento, con una derrama econ\u00f3mica de 966.7 mdd.<\/p>\n<p>Los pasajeros en vuelos regulares nacionales crecieron un 3.3 por ciento, y en vuelos regulares internacionales un 1.5 por ciento. Adem\u00e1s, 11.53 millones de personas visitaron los museos del pa\u00eds, lo que representa un aumento del 16.8 por ciento; en zonas arqueol\u00f3gicas se registraron 9.90 millones de visitantes, es decir, un 1.4 por ciento m\u00e1s. Y en el Tren Maya viajaron 97 mil 152 pasajeros extranjeros, que es 141 por ciento m\u00e1s que el a\u00f1o anterior.<\/p>\n<p>Detall\u00f3 que, en el caso de los 78 aeropuertos que tiene el pa\u00eds, en 2025, viajaron 191.2 millones de pasajeros, lo que representa un 2.6 por ciento m\u00e1s que en 2024. Los turistas nacionales en cuartos de hotel registraron 109.3 millones; con ello la ocupaci\u00f3n hotelera nacional alcanz\u00f3 el 58.2 por ciento.<\/p>\n<p>Rodr\u00edguez Zamora anunci\u00f3 que durante el primer semestre de 2026 entrar\u00e1n en operaci\u00f3n 32 nuevas rutas a\u00e9reas nacionales y 22 nuevas rutas internacionales. Adem\u00e1s, detall\u00f3 que en 2026, M\u00e9xico estar\u00e1 presente en 18 Ferias y 5 caravanas en diferentes partes del mundo, en donde se promueven los destinos del pa\u00eds y se implementan las \u201cVentanas a M\u00e9xico\u201d, espacios donde danzantes, artesanas, artesanos, cocineras y, cocineros tienen un lugar para vender y exponer sus creaciones.<\/p>\n<p>Como ejemplo de ello, se\u00f1al\u00f3 que, en la Fitur en Espa\u00f1a, en la que M\u00e9xico fue pa\u00eds invitado, se recibieron 255 mil asistentes y se realizaron m\u00e1s de 100 actividades de los 32 estados. Mientras tanto, en la Feria de Anato en Bogot\u00e1, Colombia, se fortalecen los mercados latinoamericanos y la conexi\u00f3n con dicho pa\u00eds mediante dos nuevas rutas desde el Aeropuerto Internacional Felipe \u00c1ngeles (AIFA) a Medell\u00edn y Cartagena.<\/p>\n<p>&nbsp;<\/p>\n<p><strong>\u00a0<\/strong><\/p>\n<p><strong>\u00a0<\/strong><\/p>\n<p><strong>\u00a0<\/strong><\/p>\n","protected":false},"excerpt":{"rendered":"<p>Esfuerzo colectivo &nbsp; &nbsp; &nbsp; El crecimiento del turismo en el pa\u00eds no es casualidad: es resultado de una estrategia conjunta y del trabajo en equipo del Gobierno de M\u00e9xico, encabezado por la presidenta Claudia Sheinbaum, junto a los 32 estados, c\u00e1maras, asociaciones, empresas y, sobre todo, el pueblo de M\u00e9xico, motor y principal beneficiario [&hellip;]<\/p>\n","protected":false},"author":14,"featured_media":709399,"comment_status":"open","ping_status":"open","sticky":false,"template":"","format":"standard","meta":{"_monsterinsights_skip_tracking":false,"_monsterinsights_sitenote_active":false,"_monsterinsights_sitenote_note":"","_monsterinsights_sitenote_category":0,"footnotes":""},"categories":[11],"tags":[],"class_list":["post-709398","post","type-post","status-publish","format-standard","has-post-thumbnail","hentry","category-turismo"],"_links":{"self":[{"href":"https:\/\/www.diarioimagen.net\/index.php?rest_route=\/wp\/v2\/posts\/709398","targetHints":{"allow":["GET"]}}],"collection":[{"href":"https:\/\/www.diarioimagen.net\/index.php?rest_route=\/wp\/v2\/posts"}],"about":[{"href":"https:\/\/www.diarioimagen.net\/index.php?rest_route=\/wp\/v2\/types\/post"}],"author":[{"embeddable":true,"href":"https:\/\/www.diarioimagen.net\/index.php?rest_route=\/wp\/v2\/users\/14"}],"replies":[{"embeddable":true,"href":"https:\/\/www.diarioimagen.net\/index.php?rest_route=%2Fwp%2Fv2%2Fcomments&post=709398"}],"version-history":[{"count":1,"href":"https:\/\/www.diarioimagen.net\/index.php?rest_route=\/wp\/v2\/posts\/709398\/revisions"}],"predecessor-version":[{"id":709400,"href":"https:\/\/www.diarioimagen.net\/index.php?rest_route=\/wp\/v2\/posts\/709398\/revisions\/709400"}],"wp:featuredmedia":[{"embeddable":true,"href":"https:\/\/www.diarioimagen.net\/index.php?rest_route=\/wp\/v2\/media\/709399"}],"wp:attachment":[{"href":"https:\/\/www.diarioimagen.net\/index.php?rest_route=%2Fwp%2Fv2%2Fmedia&parent=709398"}],"wp:term":[{"taxonomy":"category","embeddable":true,"href":"https:\/\/www.diarioimagen.net\/index.php?rest_route=%2Fwp%2Fv2%2Fcategories&post=709398"},{"taxonomy":"post_tag","embeddable":true,"href":"https:\/\/www.diarioimagen.net\/index.php?rest_route=%2Fwp%2Fv2%2Ftags&post=709398"}],"curies":[{"name":"wp","href":"https:\/\/api.w.org\/{rel}","templated":true}]}}