{"id":709508,"date":"2026-03-01T20:44:05","date_gmt":"2026-03-02T02:44:05","guid":{"rendered":"https:\/\/www.diarioimagen.net\/?p=709508"},"modified":"2026-03-01T20:44:05","modified_gmt":"2026-03-02T02:44:05","slug":"en-apariencia-el-pt-mantiene-oposicion-a-la-reforma-electoral-impulsada-por-morena","status":"publish","type":"post","link":"https:\/\/www.diarioimagen.net\/?p=709508","title":{"rendered":"En apariencia, el PT mantiene oposici\u00f3n a  la reforma electoral impulsada por Morena"},"content":{"rendered":"<p><strong>CLASE POLITICA<\/strong><strong>\u00a0 \u00a0<\/strong>Miguel \u00c1ngel Rivera<\/p>\n<p><strong>\u00a0<\/strong><\/p>\n<p>&nbsp;<\/p>\n<p>&nbsp;<\/p>\n<p>\u201c\u00a1No permitiremos ning\u00fan retroceso democr\u00e1tico en M\u00e9xico!\u201d.<\/p>\n<p>Lo anterior lo afirm\u00f3 el dirigente nacional -sus cr\u00edticos dicen que es el propietario- del Partido del Trabajo (PT), el senador Alberto Anaya Guti\u00e9rrez, en relaci\u00f3n con la iniciativa de la presidenta (con A)\u00a0Claudia Sheinbaum Pardo de reforma electoral que incluye reducir el n\u00famero de senadores mediante\u00a0la eliminaci\u00f3n 32 de ellos por la v\u00eda plurinominal, as\u00ed como modificar la forma como se\u00a0asignan las diputaciones federales plurinominales.<\/p>\n<p>Ambas propuestas, as\u00ed como la reducci\u00f3n del presupuesto para los organismos electorales (INE y TEPJF) y para los partidos pol\u00edticos, han generado desacuerdos inclusive dentro de la coalici\u00f3n gobernante, que comprende a Morena y sus \u201csat\u00e9lites\u201d, del PVEM y, en este caso, al PT.<\/p>\n<p>\u201c\u00a1Decimos no al regreso del viejo partido de Estado que domin\u00f3 M\u00e9xico de 1929 a 2018!\u201d, expres\u00f3 el dirigente, quien agreg\u00f3: \u00ablucharemos por preservar la pluralidad pol\u00edtica y evitar la desaparici\u00f3n del sistema de partidos en nuestro pa\u00eds\u201d.<\/p>\n<p>En un comunicado, el por tercera ocasi\u00f3n senador y diputado federal cuatro veces, agreg\u00f3 que los espacios democr\u00e1ticos que las izquierdas lograron conquistar con las reformas de 1977 y 1996, y los cuales defini\u00f3 como un \u201cfruto de innumerables luchas, represiones, encarcelamientos, desapariciones e incluso levantamientos armados\u201d, obligan a esta fuerza pol\u00edtica a \u201cmantener con dignidad y congruencia nuestra postura\u201d.<\/p>\n<p>Adem\u00e1s, afirm\u00f3 que el PT se mantendr\u00e1 firme en la defensa de las banderas de la Cuarta Transformaci\u00f3n junto con la presidenta Claudia Sheinbaum Pardo, as\u00ed como en la lucha por las mejores causas del pueblo mexicano.<\/p>\n<p>\u201cEl compromiso del Partido del Trabajo es inquebrantable. En este momento crucial de nuestra historia, reafirmamos nuestra dedicaci\u00f3n a la lucha por la justicia social, la democracia y el bienestar del pueblo mexicano. La defensa de nuestros principios y valores es lo que nos gu\u00eda y motiva. Continuaremos trabajando convencidos de que un M\u00e9xico m\u00e1s justo y plural es posible\u201d, dijo el petista, a quien se ha ligado a los hermanos Salinas de Gortari, Ra\u00fal y Carlos, a quienes se supone ligados en su juventud a organizaciones populares como el Comit\u00e9 de Defensa Popular de Durango.<\/p>\n<p>En la actualidad, han surgido denuncias en el sentido de que, adem\u00e1s del financiamiento p\u00fablico que reciben todos los partidos con registro oficial, el PT tiene otra fuente de ingresos en una partida oficial destinada a los Centros de Desarrollo Infantil (Cendis) que dirige la esposa de Anaya, Guadalupe Rodr\u00edguez Mart\u00ednez.<\/p>\n<p>Al respecto, el senador Anaya asever\u00f3 que los 81 Cendis impulsados por esta fuerza pol\u00edtica, y que se localizan en 15 estados, son instituciones p\u00fablicas cuyos recursos son administrados tanto por el gobierno federal como por los gobiernos estatales.<\/p>\n<p>De acuerdo con una nota publicada por el portal\u00a0<strong><em>La Pol\u00edtica on Line<\/em><\/strong>, los Cendi (Centro de Desarrollo Infantil) son una instituci\u00f3n que ofrece cuidado, educaci\u00f3n y desarrollo integral a ni\u00f1os peque\u00f1os (desde lactantes hasta preescolares, aproximadamente 45 d\u00edas a 6 a\u00f1os), especialmente para hijos de trabajadores.<\/p>\n<p>\u201cEstos centros est\u00e1n adscritos a Autoridad Educativa Federal (AEFCM) y proporcionan servicios de nutrici\u00f3n, salud, atenci\u00f3n psicol\u00f3gica, actividades educativas y recreativas en horarios diversos. Funcionan bajo modelos p\u00fablicos, privados o mixtos, buscando garantizar los derechos de la ni\u00f1ez mediante programas que cubren aspectos f\u00edsicos, cognitivos y sociales\u201d.<\/p>\n<p>A finales del anterior febrero, sostiene la nota, \u201cel gobierno federal public\u00f3 las reglas para la operaci\u00f3n de los Cendis, los cuales -detalle no menor- dirige en 15 estados la diputada del PT en el Congreso de Nuevo Le\u00f3n, Guadalupe Rodr\u00edguez Mart\u00ednez, esposa de Beto Anaya.<\/p>\n<p>En seguida viene lo sobresaliente: \u201cpara este a\u00f1o el gobierno federal asign\u00f3 828 millones de pesos a los Cendis, de los cuales cada Centro de Atenci\u00f3n Infantil recibir\u00eda 2 millones de pesos. \u00abLos Cendis no deben ser una moneda de cambio\u00bb, ataj\u00f3 Guadalupe Rodr\u00edguez, directora general de los Cendis.<\/p>\n<p>De no ocurrir cambios de \u00faltima hora, es de suponer que la iniciativa presidencial de reforma electoral ser\u00e1 empezada a revisar en la presente semana, previsiblemente en la C\u00e1mara de Diputados. All\u00ed se ver\u00e1 si para el PT son m\u00e1s importantes su financiamiento p\u00fablico y la forma de asignar los legisladores de representaci\u00f3n proporcional o los recursos destinados a los cendis conducidos por la esposa de su dirigente nacional.<\/p>\n<p>&nbsp;<\/p>\n<p><strong>Volver al federalismo o continuar con el disfrazado centralismo<\/strong><\/p>\n<p>&nbsp;<\/p>\n<p>Desde el nacimiento de M\u00e9xico como pa\u00eds, la principal diferencia entre las diferentes corrientes pol\u00edticas, el principal punto a dirimir consist\u00eda en decidir si se eleg\u00eda un sistema federal o centralista.<\/p>\n<p>Ganaron los partidarios del federalismo, aunque en la pr\u00e1ctica el pa\u00eds se rige por un sistema central de gobierno y la llamada Cuarta Transformaci\u00f3n parece esforzarse por fortalecerlo.<\/p>\n<p>Por eso resulta notable que alcaldes de las ciudades capitales de los estados del pa\u00eds se reunieron para demandar una mayor coordinaci\u00f3n con el gobierno federal, los gobiernos estatales, la iniciativa privada y la sociedad en general para hacerle frente a la inseguridad.<\/p>\n<p>Al asumir la presidencia de la Asociaci\u00f3n de Ciudades Capitales de M\u00e9xico (ACCM), el alcalde de Saltillo, Coahuila, Javier D\u00edaz Gonz\u00e1lez, destac\u00f3 que el desarrollo econ\u00f3mico, el impulso a la tecnolog\u00eda y, de manera prioritaria, la seguridad, demandan alianzas s\u00f3lidas entre instituciones y \u00f3rdenes de gobierno. \u201cSolo as\u00ed podremos ofrecer a la ciudadan\u00eda las condiciones necesarias para avanzar al siguiente nivel de bienestar y competitividad\u201d.<\/p>\n<p>Durante la XVI Sesi\u00f3n Plenaria de este organismo celebrado en la Ciudad de M\u00e9xico, se formaliz\u00f3 el cambio de presidencia del organismo, as\u00ed como la entrega del Distintivo ACCM a la Excelencia Municipal 2025, en su segunda edici\u00f3n.<\/p>\n<p>Con la presencia del gobernador de Coahuila, Manolo Jim\u00e9nez Salinas, quien acudi\u00f3 como uno de los fundadores de este organismo, Javier D\u00edaz Gonz\u00e1lez, presidente municipal de Saltillo, asumi\u00f3 la presidencia de la ACCM y destac\u00f3 que la seguridad es la prioridad de sus integrantes porque \u201cla seguridad no se politiza ni se regatea; no tiene colores partidistas. Es, y debe ser, la prioridad de prioridades\u201d<\/p>\n<p>Por ello dijo que durante su gesti\u00f3n impulsar\u00e1 una agenda amplia de coordinaci\u00f3n institucional y cercan\u00eda con la iniciativa privada y la sociedad civil para fortalecer la seguridad, elevar la competitividad, aprovechar la tecnolog\u00eda, promover el desarrollo humano e innovar en los servicios p\u00fablicos, dejando bases s\u00f3lidas para las pr\u00f3ximas generaciones.<\/p>\n<p>\u201cLa coordinaci\u00f3n, el dise\u00f1o estrat\u00e9gico y el trabajo sostenido con visi\u00f3n de largo plazo deben traducirse en una mejor calidad de vida para quienes habitan las capitales del pa\u00eds. La Asociaci\u00f3n de Ciudades Capitales de M\u00e9xico est\u00e1 lista para dar un paso adelante y trabajar todos los d\u00edas, con responsabilidad y compromiso, por amor a M\u00e9xico\u201d<\/p>\n<p>En conferencia de prensa, los integrantes de la Asociaci\u00f3n hicieron un p\u00fablico reconocimiento a la presidenta Claudia Sheinbaum Pardo, as\u00ed como al secretario de la Defensa Nacional, general Ricardo Trevilla Trejo, y al secretario de Seguridad y Protecci\u00f3n Ciudadana, Omar Garc\u00eda Harfuch, por el operativo implementado en el cual fue abatido el capo del C\u00e1rtel Jalisco Nueva Generaci\u00f3n (CJNG), Rub\u00e9n Nemesio Oceguera, alias \u201cEl Mencho\u201d.<\/p>\n<p>El reconocimiento se extiende al Gabinete de Seguridad y, de manera especial, a nuestras fuerzas armadas, orgullo de la naci\u00f3n, precisaron los alcaldes.<\/p>\n<p>\u201cA nombre de las y los presidentes municipales que integran la Asociaci\u00f3n, se expresa el m\u00e1s sentido p\u00e9same y reconocimiento a las familias y compa\u00f1eros de los elementos ca\u00eddos en el cumplimiento de su deber. Su valent\u00eda y lealtad a la patria merecen respeto y memoria permanente\u201d.<\/p>\n<p>Adem\u00e1s, se entreg\u00f3 el Distintivo ACCM a la Excelencia Municipal 2025.<\/p>\n<p>Este reconocimiento se ha consolidado como uno de los distintivos municipalistas m\u00e1s relevantes del pa\u00eds, al premiar a los gobiernos municipales de las capitales de M\u00e9xico que implementan pol\u00edticas p\u00fablicas con impacto positivo en sus comunidades.<\/p>\n<p>&nbsp;<\/p>\n<p>&nbsp;<\/p>\n","protected":false},"excerpt":{"rendered":"<p>CLASE POLITICA\u00a0 \u00a0Miguel \u00c1ngel Rivera \u00a0 &nbsp; &nbsp; \u201c\u00a1No permitiremos ning\u00fan retroceso democr\u00e1tico en M\u00e9xico!\u201d. Lo anterior lo afirm\u00f3 el dirigente nacional -sus cr\u00edticos dicen que es el propietario- del Partido del Trabajo (PT), el senador Alberto Anaya Guti\u00e9rrez, en relaci\u00f3n con la iniciativa de la presidenta (con A)\u00a0Claudia Sheinbaum Pardo de reforma electoral que [&hellip;]<\/p>\n","protected":false},"author":14,"featured_media":0,"comment_status":"open","ping_status":"open","sticky":false,"template":"","format":"standard","meta":{"_monsterinsights_skip_tracking":false,"_monsterinsights_sitenote_active":false,"_monsterinsights_sitenote_note":"","_monsterinsights_sitenote_category":0,"footnotes":""},"categories":[84119,4],"tags":[],"class_list":["post-709508","post","type-post","status-publish","format-standard","hentry","category-miguel-angel-rivera","category-opinion"],"_links":{"self":[{"href":"https:\/\/www.diarioimagen.net\/index.php?rest_route=\/wp\/v2\/posts\/709508","targetHints":{"allow":["GET"]}}],"collection":[{"href":"https:\/\/www.diarioimagen.net\/index.php?rest_route=\/wp\/v2\/posts"}],"about":[{"href":"https:\/\/www.diarioimagen.net\/index.php?rest_route=\/wp\/v2\/types\/post"}],"author":[{"embeddable":true,"href":"https:\/\/www.diarioimagen.net\/index.php?rest_route=\/wp\/v2\/users\/14"}],"replies":[{"embeddable":true,"href":"https:\/\/www.diarioimagen.net\/index.php?rest_route=%2Fwp%2Fv2%2Fcomments&post=709508"}],"version-history":[{"count":1,"href":"https:\/\/www.diarioimagen.net\/index.php?rest_route=\/wp\/v2\/posts\/709508\/revisions"}],"predecessor-version":[{"id":709510,"href":"https:\/\/www.diarioimagen.net\/index.php?rest_route=\/wp\/v2\/posts\/709508\/revisions\/709510"}],"wp:attachment":[{"href":"https:\/\/www.diarioimagen.net\/index.php?rest_route=%2Fwp%2Fv2%2Fmedia&parent=709508"}],"wp:term":[{"taxonomy":"category","embeddable":true,"href":"https:\/\/www.diarioimagen.net\/index.php?rest_route=%2Fwp%2Fv2%2Fcategories&post=709508"},{"taxonomy":"post_tag","embeddable":true,"href":"https:\/\/www.diarioimagen.net\/index.php?rest_route=%2Fwp%2Fv2%2Ftags&post=709508"}],"curies":[{"name":"wp","href":"https:\/\/api.w.org\/{rel}","templated":true}]}}