{"id":709511,"date":"2026-03-01T21:09:57","date_gmt":"2026-03-02T03:09:57","guid":{"rendered":"https:\/\/www.diarioimagen.net\/?p=709511"},"modified":"2026-03-01T22:20:08","modified_gmt":"2026-03-02T04:20:08","slug":"horacio-duarte-olivares-se-reune-con-integrantes-del-pt-acuerdan-impulsar-transformacion-mexiquense","status":"publish","type":"post","link":"https:\/\/www.diarioimagen.net\/?p=709511","title":{"rendered":"Horacio Duarte Olivares se re\u00fane  con integrantes del PT, acuerdan  impulsar transformaci\u00f3n mexiquense"},"content":{"rendered":"<p>&nbsp;<\/p>\n<p><strong>\u00a0<\/strong><\/p>\n<ul>\n<li><strong>La bancada petista coincide y respalda el liderazgo y proyecto de la gobernadora Delfina G\u00f3mez \u00c1lvarez<\/strong><\/li>\n<\/ul>\n<p><img loading=\"lazy\" decoding=\"async\" class=\"alignnone wp-image-709512 size-large\" src=\"https:\/\/www.diarioimagen.net\/wp-content\/uploads\/2026\/03\/DUARTE-1-360x270.jpg\" alt=\"\" width=\"360\" height=\"270\" srcset=\"https:\/\/www.diarioimagen.net\/wp-content\/uploads\/2026\/03\/DUARTE-1-360x270.jpg 360w, https:\/\/www.diarioimagen.net\/wp-content\/uploads\/2026\/03\/DUARTE-1-240x180.jpg 240w, https:\/\/www.diarioimagen.net\/wp-content\/uploads\/2026\/03\/DUARTE-1-768x576.jpg 768w, https:\/\/www.diarioimagen.net\/wp-content\/uploads\/2026\/03\/DUARTE-1.jpg 1280w\" sizes=\"auto, (max-width: 360px) 100vw, 360px\" \/><\/p>\n<p>Toluca, Estado de M\u00e9xico.- Con el objetivo de coordinar la transformaci\u00f3n mexiquense con las diferentes fuerzas partidistas, Horacio Duarte Olivares, Secretario General de Gobierno mantuvo una reuni\u00f3n de trabajo con el diputado Oscar Gonz\u00e1lez Y\u00e1\u00f1ez, Coordinador de la bancada del Partido del Trabajo (PT) en el Congreso local.<\/p>\n<p>&nbsp;<\/p>\n<p>\u201cDialogamos sobre la transformaci\u00f3n que en nuestra entidad est\u00e1 realizando nuestra gobernadora Delfina G\u00f3mez \u00c1lvarez y coincidimos en continuar impulsando el Segundo Piso de la Cuarta Transformaci\u00f3n, con bienestar para las y los mexiquenses\u201d, se\u00f1al\u00f3 Duarte Olivares en sus redes sociales.<\/p>\n<p>&nbsp;<\/p>\n<p>Adem\u00e1s, dialog\u00f3 con la diputada Ana\u00ed Esparza y los diputados Issac Josu\u00e9 Hern\u00e1ndez y Ernesto Santill\u00e1n, quienes integran la bancada petista en el Congreso local con quienes mencion\u00f3 est\u00e1 haciendo equipo.<\/p>\n<p>&nbsp;<\/p>\n<p>Duarte Olivares, explic\u00f3 en sus redes sociales que, la bancada del PT coincide y respalda el liderazgo y proyecto de la Gobernadora Delfina G\u00f3mez \u00c1lvarez.<\/p>\n<p>&nbsp;<\/p>\n<p>Dicha reuni\u00f3n, se suma a las que Duarte Olivares ha establecido durante enero y febrero con diferentes actores pol\u00edticos, reflejando la suma de esfuerzos en el proyecto de transformaci\u00f3n de la Gobernadora Delfina G\u00f3mez.<\/p>\n<p>&nbsp;<\/p>\n<p>&nbsp;<\/p>\n<p>&nbsp;<\/p>\n","protected":false},"excerpt":{"rendered":"<p>&nbsp; \u00a0 La bancada petista coincide y respalda el liderazgo y proyecto de la gobernadora Delfina G\u00f3mez \u00c1lvarez Toluca, Estado de M\u00e9xico.- Con el objetivo de coordinar la transformaci\u00f3n mexiquense con las diferentes fuerzas partidistas, Horacio Duarte Olivares, Secretario General de Gobierno mantuvo una reuni\u00f3n de trabajo con el diputado Oscar Gonz\u00e1lez Y\u00e1\u00f1ez, Coordinador de [&hellip;]<\/p>\n","protected":false},"author":14,"featured_media":709512,"comment_status":"open","ping_status":"open","sticky":false,"template":"","format":"standard","meta":{"_monsterinsights_skip_tracking":false,"_monsterinsights_sitenote_active":false,"_monsterinsights_sitenote_note":"","_monsterinsights_sitenote_category":0,"footnotes":""},"categories":[16,5],"tags":[],"class_list":["post-709511","post","type-post","status-publish","format-standard","has-post-thumbnail","hentry","category-destacadas","category-estado-de-mexico"],"_links":{"self":[{"href":"https:\/\/www.diarioimagen.net\/index.php?rest_route=\/wp\/v2\/posts\/709511","targetHints":{"allow":["GET"]}}],"collection":[{"href":"https:\/\/www.diarioimagen.net\/index.php?rest_route=\/wp\/v2\/posts"}],"about":[{"href":"https:\/\/www.diarioimagen.net\/index.php?rest_route=\/wp\/v2\/types\/post"}],"author":[{"embeddable":true,"href":"https:\/\/www.diarioimagen.net\/index.php?rest_route=\/wp\/v2\/users\/14"}],"replies":[{"embeddable":true,"href":"https:\/\/www.diarioimagen.net\/index.php?rest_route=%2Fwp%2Fv2%2Fcomments&post=709511"}],"version-history":[{"count":2,"href":"https:\/\/www.diarioimagen.net\/index.php?rest_route=\/wp\/v2\/posts\/709511\/revisions"}],"predecessor-version":[{"id":709547,"href":"https:\/\/www.diarioimagen.net\/index.php?rest_route=\/wp\/v2\/posts\/709511\/revisions\/709547"}],"wp:featuredmedia":[{"embeddable":true,"href":"https:\/\/www.diarioimagen.net\/index.php?rest_route=\/wp\/v2\/media\/709512"}],"wp:attachment":[{"href":"https:\/\/www.diarioimagen.net\/index.php?rest_route=%2Fwp%2Fv2%2Fmedia&parent=709511"}],"wp:term":[{"taxonomy":"category","embeddable":true,"href":"https:\/\/www.diarioimagen.net\/index.php?rest_route=%2Fwp%2Fv2%2Fcategories&post=709511"},{"taxonomy":"post_tag","embeddable":true,"href":"https:\/\/www.diarioimagen.net\/index.php?rest_route=%2Fwp%2Fv2%2Ftags&post=709511"}],"curies":[{"name":"wp","href":"https:\/\/api.w.org\/{rel}","templated":true}]}}