{"id":709517,"date":"2026-03-01T21:15:36","date_gmt":"2026-03-02T03:15:36","guid":{"rendered":"https:\/\/www.diarioimagen.net\/?p=709517"},"modified":"2026-03-01T21:15:36","modified_gmt":"2026-03-02T03:15:36","slug":"vigilaremos-una-aplicacion-correcta-del-presupuesto-de-atizapan-leylany-richard","status":"publish","type":"post","link":"https:\/\/www.diarioimagen.net\/?p=709517","title":{"rendered":"Vigilaremos una aplicaci\u00f3n correcta del  presupuesto de Atizap\u00e1n: Leylany Richard"},"content":{"rendered":"<p><strong>\u201cAtenta a cualquier omisi\u00f3n\u201d<\/strong><\/p>\n<p>&nbsp;<\/p>\n<div id=\"attachment_709518\" style=\"width: 269px\" class=\"wp-caption alignnone\"><img loading=\"lazy\" decoding=\"async\" aria-describedby=\"caption-attachment-709518\" class=\"wp-image-709518 size-large\" src=\"https:\/\/www.diarioimagen.net\/wp-content\/uploads\/2026\/03\/BAENA-2-ok-259x270.jpg\" alt=\"\" width=\"259\" height=\"270\" srcset=\"https:\/\/www.diarioimagen.net\/wp-content\/uploads\/2026\/03\/BAENA-2-ok-259x270.jpg 259w, https:\/\/www.diarioimagen.net\/wp-content\/uploads\/2026\/03\/BAENA-2-ok-230x240.jpg 230w, https:\/\/www.diarioimagen.net\/wp-content\/uploads\/2026\/03\/BAENA-2-ok-768x801.jpg 768w, https:\/\/www.diarioimagen.net\/wp-content\/uploads\/2026\/03\/BAENA-2-ok-1473x1536.jpg 1473w, https:\/\/www.diarioimagen.net\/wp-content\/uploads\/2026\/03\/BAENA-2-ok-1964x2048.jpg 1964w\" sizes=\"auto, (max-width: 259px) 100vw, 259px\" \/><p id=\"caption-attachment-709518\" class=\"wp-caption-text\">La segunda s\u00edndico Leylany Richard reiter\u00f3 su compromiso de seguir trabajando por las familias de Atizap\u00e1n de Zaragoza, tal y como lo ha hecho desde que asumi\u00f3 el cargo como representante de Morena.<\/p><\/div>\n<p>Atizap\u00e1n de Zaragoza, M\u00e9x.- \u201cPese a presiones, ignorancia a la exigencia de expedientes, oficios,\u00a0 y rechazo generalizado (en todos los aspectos) hacia m\u00ed persona, seguir\u00e9 ejerciendo mi responsabilidad como segunda s\u00edndico municipal. Estar\u00e9 muy atenta a que la aplicaci\u00f3n del presupuesto que votaron a ciegas, se aplique correctamente\u201d.<\/p>\n<p>&nbsp;<\/p>\n<p>As\u00ed lo expres\u00f3 Leylany Richard, representante popular de Morena, luego de destacar qu\u00e9 \u201cestar\u00e9 muy atenta a qu\u00e9 se aplique correctamente el presupuesto que a ciegas aprobaron. No permitir\u00e9 que se atente contra las familias atizapenses\u201d, dijo.<\/p>\n<p>&nbsp;<\/p>\n<p>Por otra parte, Leylany Richard asegur\u00f3 que\u00a0 como segunda s\u00edndico, tiene la obligaci\u00f3n de\u00a0 estar atenta\u00a0 de cualquier acto u omisi\u00f3n que incumpla los principios de legalidad, honradez, lealtad, imparcialidad y eficiencia de la administraci\u00f3n que encabeza el alcalde Pedro Rodr\u00edguez.<\/p>\n<p>&nbsp;<\/p>\n<p>\u201cVamos a seguir recorriendo colonias y todas sus calles,\u00a0 para escuchar y atender las necesidades y demandas de la ciudadan\u00eda, pues tienen en m\u00ed a una verdadera aliada\u201d, asegur\u00f3.<\/p>\n<p>&nbsp;<\/p>\n<p>Finalmente, la segunda s\u00edndico reiter\u00f3 su compromiso de seguir trabajando 24\/ y velar por las familias de Atizap\u00e1n de Zaragoza, tal y como lo ha hecho desde que asumi\u00f3 el cargo como representante popular de Morena.<\/p>\n<p>&nbsp;<\/p>\n<p>&nbsp;<\/p>\n","protected":false},"excerpt":{"rendered":"<p>\u201cAtenta a cualquier omisi\u00f3n\u201d &nbsp; Atizap\u00e1n de Zaragoza, M\u00e9x.- \u201cPese a presiones, ignorancia a la exigencia de expedientes, oficios,\u00a0 y rechazo generalizado (en todos los aspectos) hacia m\u00ed persona, seguir\u00e9 ejerciendo mi responsabilidad como segunda s\u00edndico municipal. Estar\u00e9 muy atenta a que la aplicaci\u00f3n del presupuesto que votaron a ciegas, se aplique correctamente\u201d. &nbsp; As\u00ed [&hellip;]<\/p>\n","protected":false},"author":14,"featured_media":709518,"comment_status":"open","ping_status":"open","sticky":false,"template":"","format":"standard","meta":{"_monsterinsights_skip_tracking":false,"_monsterinsights_sitenote_active":false,"_monsterinsights_sitenote_note":"","_monsterinsights_sitenote_category":0,"footnotes":""},"categories":[5],"tags":[],"class_list":["post-709517","post","type-post","status-publish","format-standard","has-post-thumbnail","hentry","category-estado-de-mexico"],"_links":{"self":[{"href":"https:\/\/www.diarioimagen.net\/index.php?rest_route=\/wp\/v2\/posts\/709517","targetHints":{"allow":["GET"]}}],"collection":[{"href":"https:\/\/www.diarioimagen.net\/index.php?rest_route=\/wp\/v2\/posts"}],"about":[{"href":"https:\/\/www.diarioimagen.net\/index.php?rest_route=\/wp\/v2\/types\/post"}],"author":[{"embeddable":true,"href":"https:\/\/www.diarioimagen.net\/index.php?rest_route=\/wp\/v2\/users\/14"}],"replies":[{"embeddable":true,"href":"https:\/\/www.diarioimagen.net\/index.php?rest_route=%2Fwp%2Fv2%2Fcomments&post=709517"}],"version-history":[{"count":1,"href":"https:\/\/www.diarioimagen.net\/index.php?rest_route=\/wp\/v2\/posts\/709517\/revisions"}],"predecessor-version":[{"id":709519,"href":"https:\/\/www.diarioimagen.net\/index.php?rest_route=\/wp\/v2\/posts\/709517\/revisions\/709519"}],"wp:featuredmedia":[{"embeddable":true,"href":"https:\/\/www.diarioimagen.net\/index.php?rest_route=\/wp\/v2\/media\/709518"}],"wp:attachment":[{"href":"https:\/\/www.diarioimagen.net\/index.php?rest_route=%2Fwp%2Fv2%2Fmedia&parent=709517"}],"wp:term":[{"taxonomy":"category","embeddable":true,"href":"https:\/\/www.diarioimagen.net\/index.php?rest_route=%2Fwp%2Fv2%2Fcategories&post=709517"},{"taxonomy":"post_tag","embeddable":true,"href":"https:\/\/www.diarioimagen.net\/index.php?rest_route=%2Fwp%2Fv2%2Ftags&post=709517"}],"curies":[{"name":"wp","href":"https:\/\/api.w.org\/{rel}","templated":true}]}}