{"id":709523,"date":"2026-03-01T21:18:21","date_gmt":"2026-03-02T03:18:21","guid":{"rendered":"https:\/\/www.diarioimagen.net\/?p=709523"},"modified":"2026-03-01T21:18:21","modified_gmt":"2026-03-02T03:18:21","slug":"tlalnepantla-refuerza-movilidad-con-operativo-liberacion-de-vialidades","status":"publish","type":"post","link":"https:\/\/www.diarioimagen.net\/?p=709523","title":{"rendered":"Tlalnepantla refuerza\u00a0movilidad con\u00a0Operativo Liberaci\u00f3n de Vialidades"},"content":{"rendered":"<p><img loading=\"lazy\" decoding=\"async\" class=\"alignnone wp-image-709524 size-large\" src=\"https:\/\/www.diarioimagen.net\/wp-content\/uploads\/2026\/03\/BAENA-4-ok-360x270.jpg\" alt=\"\" width=\"360\" height=\"270\" srcset=\"https:\/\/www.diarioimagen.net\/wp-content\/uploads\/2026\/03\/BAENA-4-ok-360x270.jpg 360w, https:\/\/www.diarioimagen.net\/wp-content\/uploads\/2026\/03\/BAENA-4-ok-240x180.jpg 240w, https:\/\/www.diarioimagen.net\/wp-content\/uploads\/2026\/03\/BAENA-4-ok-768x576.jpg 768w, https:\/\/www.diarioimagen.net\/wp-content\/uploads\/2026\/03\/BAENA-4-ok.jpg 1500w\" sizes=\"auto, (max-width: 360px) 100vw, 360px\" \/><\/p>\n<p>&nbsp;<\/p>\n<p>Tlalnepantla, M\u00e9x.-\u00a0El gobierno de\u00a0 Raciel P\u00e9rez Cruz, reafirm\u00f3 su compromiso con el ordenamiento urbano y la seguridad vial a trav\u00e9s de la implementaci\u00f3n estrat\u00e9gica del operativo \u00abLiberaci\u00f3n de Vialidades\u00bb.\u00a0 Estas acciones, coordinadas por la Comisar\u00eda General de Proximidad y Seguridad Ciudadana, tienen como objetivo principal garantizar el derecho al libre tr\u00e1nsito de los peatones y agilizar el flujo vehicular en los puntos de mayor conflicto en la demarcaci\u00f3n. Las labores se centraron en zonas clave como la colonia La Romana, las inmediaciones del Rastro y el cruce de Lerma con Toltecas en el \u00e1rea de abarroteras, donde hist\u00f3ricamente se ha reportado la presencia de obst\u00e1culos en la v\u00eda p\u00fablica.<\/p>\n<p>En un esfuerzo interinstitucional, se cont\u00f3 con la participaci\u00f3n activa de distintas \u00e1reas de la actual administraci\u00f3n, quienes aportaron una cuadrilla de 10 elementos apoyados por dos gr\u00faas y un veh\u00edculo tipo estaquita.<\/p>\n","protected":false},"excerpt":{"rendered":"<p>&nbsp; Tlalnepantla, M\u00e9x.-\u00a0El gobierno de\u00a0 Raciel P\u00e9rez Cruz, reafirm\u00f3 su compromiso con el ordenamiento urbano y la seguridad vial a trav\u00e9s de la implementaci\u00f3n estrat\u00e9gica del operativo \u00abLiberaci\u00f3n de Vialidades\u00bb.\u00a0 Estas acciones, coordinadas por la Comisar\u00eda General de Proximidad y Seguridad Ciudadana, tienen como objetivo principal garantizar el derecho al libre tr\u00e1nsito de los peatones [&hellip;]<\/p>\n","protected":false},"author":14,"featured_media":709524,"comment_status":"open","ping_status":"open","sticky":false,"template":"","format":"standard","meta":{"_monsterinsights_skip_tracking":false,"_monsterinsights_sitenote_active":false,"_monsterinsights_sitenote_note":"","_monsterinsights_sitenote_category":0,"footnotes":""},"categories":[5],"tags":[],"class_list":["post-709523","post","type-post","status-publish","format-standard","has-post-thumbnail","hentry","category-estado-de-mexico"],"_links":{"self":[{"href":"https:\/\/www.diarioimagen.net\/index.php?rest_route=\/wp\/v2\/posts\/709523","targetHints":{"allow":["GET"]}}],"collection":[{"href":"https:\/\/www.diarioimagen.net\/index.php?rest_route=\/wp\/v2\/posts"}],"about":[{"href":"https:\/\/www.diarioimagen.net\/index.php?rest_route=\/wp\/v2\/types\/post"}],"author":[{"embeddable":true,"href":"https:\/\/www.diarioimagen.net\/index.php?rest_route=\/wp\/v2\/users\/14"}],"replies":[{"embeddable":true,"href":"https:\/\/www.diarioimagen.net\/index.php?rest_route=%2Fwp%2Fv2%2Fcomments&post=709523"}],"version-history":[{"count":1,"href":"https:\/\/www.diarioimagen.net\/index.php?rest_route=\/wp\/v2\/posts\/709523\/revisions"}],"predecessor-version":[{"id":709525,"href":"https:\/\/www.diarioimagen.net\/index.php?rest_route=\/wp\/v2\/posts\/709523\/revisions\/709525"}],"wp:featuredmedia":[{"embeddable":true,"href":"https:\/\/www.diarioimagen.net\/index.php?rest_route=\/wp\/v2\/media\/709524"}],"wp:attachment":[{"href":"https:\/\/www.diarioimagen.net\/index.php?rest_route=%2Fwp%2Fv2%2Fmedia&parent=709523"}],"wp:term":[{"taxonomy":"category","embeddable":true,"href":"https:\/\/www.diarioimagen.net\/index.php?rest_route=%2Fwp%2Fv2%2Fcategories&post=709523"},{"taxonomy":"post_tag","embeddable":true,"href":"https:\/\/www.diarioimagen.net\/index.php?rest_route=%2Fwp%2Fv2%2Ftags&post=709523"}],"curies":[{"name":"wp","href":"https:\/\/api.w.org\/{rel}","templated":true}]}}