{"id":709602,"date":"2026-03-01T22:30:43","date_gmt":"2026-03-02T04:30:43","guid":{"rendered":"https:\/\/www.diarioimagen.net\/?p=709602"},"modified":"2026-03-01T22:30:43","modified_gmt":"2026-03-02T04:30:43","slug":"la-ciudad-de-mexico-se-viste-de-gala-el-mundial-2026-ya-esta-aqui","status":"publish","type":"post","link":"https:\/\/www.diarioimagen.net\/?p=709602","title":{"rendered":"La Ciudad de M\u00e9xico se viste de gala: El Mundial 2026 ya est\u00e1 aqu\u00ed"},"content":{"rendered":"<ul>\n<li><strong>A menos de 105 d\u00edas del inicio de la justa deportiva<\/strong><\/li>\n<li><strong>El trofeo viaja a M\u00e9xico, placas conmemorativas se agotan y la UNAM expande la cancha<\/strong><\/li>\n<\/ul>\n<div id=\"attachment_709603\" style=\"width: 417px\" class=\"wp-caption alignnone\"><img loading=\"lazy\" decoding=\"async\" aria-describedby=\"caption-attachment-709603\" class=\"wp-image-709603 size-large\" src=\"https:\/\/www.diarioimagen.net\/wp-content\/uploads\/2026\/03\/MUNDIAL01-ok-407x270.jpg\" alt=\"\" width=\"407\" height=\"270\" srcset=\"https:\/\/www.diarioimagen.net\/wp-content\/uploads\/2026\/03\/MUNDIAL01-ok-407x270.jpg 407w, https:\/\/www.diarioimagen.net\/wp-content\/uploads\/2026\/03\/MUNDIAL01-ok-240x159.jpg 240w, https:\/\/www.diarioimagen.net\/wp-content\/uploads\/2026\/03\/MUNDIAL01-ok-768x509.jpg 768w, https:\/\/www.diarioimagen.net\/wp-content\/uploads\/2026\/03\/MUNDIAL01-ok.jpg 1500w\" sizes=\"auto, (max-width: 407px) 100vw, 407px\" \/><p id=\"caption-attachment-709603\" class=\"wp-caption-text\">El trofeo original de la Copa Mundial de la FIFA 2026, de 18 quilates de oro macizo durante su gira por M\u00e9xico.<\/p><\/div>\n<p><strong>Por Arturo Arellano <\/strong><\/p>\n<p>&nbsp;<\/p>\n<p>A menos de 105 d\u00edas del inicio de la Copa Mundial de la FIFA 2026, la Ciudad de M\u00e9xico enciende motores con una oleada de eventos, amenidades y actividades culturales que transformar\u00e1n calles, plazas y estadios en un carnaval futbolero sin precedentes. Desde la llegada del trofeo original hasta iniciativas acad\u00e9micas que cuestionan el impacto del balompi\u00e9, la capital mexicana demuestra que el Mundial va mucho m\u00e1s all\u00e1 de los 90 minutos de juego.<\/p>\n<p>El pasado 26 de febrero, la Ciudad de M\u00e9xico fue testigo de un momento hist\u00f3rico: el trofeo original de la Copa Mundial de la FIFA 2026 aterriz\u00f3 en suelo azteca para iniciar un recorrido sin precedentes por territorio nacional. No se trata de una r\u00e9plica ni de un objeto decorativo: es el mismo trofeo de 18 quilates que el pr\u00f3ximo 19 de julio ser\u00e1 levantado por el capit\u00e1n de la selecci\u00f3n campeona en el MetLife Stadium de Nueva Jersey.<\/p>\n<p>La gira del trofeo, patrocinada por Coca-Cola, forma parte del FIFA World Cup 26 Trophy Tour, el recorrido m\u00e1s extenso en la historia de los mundiales. Desde su arranque en Riad, Arabia Saudita, el 3 de enero de 2026, el codiciado objeto ha visitado 30 pa\u00edses en 75 paradas durante m\u00e1s de 150 d\u00edas. Su paso por M\u00e9xico contempla diez ciudades estrat\u00e9gicas, todas ellas hambrientas de futbol y listas para abrazarlo con fervor.<\/p>\n<p>El calendario mexicano del trofeo arranc\u00f3 en la capital los d\u00edas 26 y 27 de febrero, para luego desplazarse a Guadalajara (del 28 de febrero al 2 de marzo), Le\u00f3n (4 y 5 de marzo), Veracruz (6 y 7 de marzo), Chihuahua (9 y 10 de marzo), Quer\u00e9taro (11 y 12 de marzo), Monterrey (del 14 al 17 de marzo), Puebla (18 y 19 de marzo), y finalmente arribar a la pen\u00ednsula yucateca con doble parada: Chich\u00e9n Itz\u00e1 y M\u00e9rida (21 y 22 de marzo). Pero la historia no termina ah\u00ed: el trofeo regresar\u00e1 triunfalmente a la CDMX del 5 al 8 de junio, justo cuando el frenes\u00ed mundialista est\u00e9 en su punto m\u00e1s \u00e1lgido.<\/p>\n<p>La gira no se limita a M\u00e9xico: despu\u00e9s de conquistar corazones aztecas, el trofeo cruzar\u00e1 la frontera norte para visitar ciudades estadounidenses como Los \u00c1ngeles, Las Vegas, San Francisco, Seattle, Chicago, Dallas y Houston, entre otras, antes de cumplir su cita con el destino en julio.<\/p>\n<p>&nbsp;<\/p>\n<p><strong>Placas mundialistas: la fiebre<br \/>\ndel coleccionismo automotriz<\/strong><\/p>\n<p>Mientras el trofeo viaja, otro fen\u00f3meno ha encendido las redes sociales y los m\u00f3dulos de tr\u00e1mites vehiculares: las placas conmemorativas del Mundial 2026. La jefa de Gobierno, Clara Brugada, anunci\u00f3 que a partir del 9 de marzo estar\u00e1n disponibles f\u00edsicamente estas matr\u00edculas de edici\u00f3n limitada, aunque desde la \u00faltima semana de febrero los automovilistas ya pueden tramitarlas en l\u00ednea a trav\u00e9s del portal placasmundial2026.cdmx.gob.mx o la App CDMX.<\/p>\n<p>&nbsp;<\/p>\n<p>El costo de estas placas es de 1,500 pesos, el mismo monto que se cobra habitualmente por un cambio de placas convencional. Sin embargo, el atractivo radica en su exclusividad: la autoridad confirm\u00f3 que en esta primera emisi\u00f3n solo se expedir\u00e1n 60 mil unidades de los tres modelos disponibles, lo que las convierte en objetos de colecci\u00f3n instant\u00e1nea para los aficionados al futbol y los automovilistas orgullosos de formar parte de la historia mundialista.<\/p>\n<p>El proceso de adquisici\u00f3n es sencillo y moderno. Los interesados deben ingresar al portal con su cuenta Llave CDMX, elegir el color de las placas (entre tres opciones disponibles), realizar el pago seguro en l\u00ednea de 1,500 pesos y, finalmente, decidir si prefieren que las placas les sean enviadas a domicilio o si desean recogerlas personalmente en un m\u00f3dulo oficial. El env\u00edo a domicilio, que incluye las placas conmemorativas, la tarjeta de circulaci\u00f3n y la calcoman\u00eda vehicular, tiene un costo adicional de 290 pesos m\u00e1s IVA, seg\u00fan lo establecido por la Secretar\u00eda de Administraci\u00f3n y Finanzas de la CDMX.<\/p>\n<p>&nbsp;<\/p>\n<p>Lo interesante es que los propietarios de veh\u00edculos no necesitan dar de baja sus placas anteriores para adquirir las mundialistas, lo que facilita la transici\u00f3n y elimina burocracia innecesaria. La demanda se prev\u00e9 alta: en redes sociales ya circulan im\u00e1genes de los dise\u00f1os y grupos de coleccionistas discuten cu\u00e1l modelo ser\u00e1 el m\u00e1s codiciado en el futuro.<\/p>\n<p>&nbsp;<\/p>\n<p><strong>La UNAM expande la cancha: futbol, cr\u00edtica y cultura<\/strong><\/p>\n<p>Pero no todo es celebraci\u00f3n acr\u00edtica y comercio de souvenirs. La Universidad Nacional Aut\u00f3noma de M\u00e9xico (UNAM) lanz\u00f3 el programa cultural \u00abCancha expandida\u00bb, una iniciativa acad\u00e9mica que busca analizar el impacto social, pol\u00edtico y econ\u00f3mico del futbol m\u00e1s all\u00e1 de los l\u00edmites del terreno de juego. Para la m\u00e1xima casa de estudios, el balompi\u00e9 no es solo un deporte: es un fen\u00f3meno cultural de masas que produce sentimientos de identidad, desata fen\u00f3menos medi\u00e1ticos y genera movimientos econ\u00f3micos de proporciones gigantescas.<\/p>\n<p>\u00abEl balompi\u00e9 es algo m\u00e1s que un deporte, es un fen\u00f3meno cultural de masas que produce sentimientos de identidad e involucra posiciones pol\u00edticas, desata fen\u00f3menos medi\u00e1ticos y genera fuertes movimientos econ\u00f3micos\u00bb, apunt\u00f3 la Coordinaci\u00f3n de Difusi\u00f3n Cultural de la UNAM (CulturaUNAM) al difundir el programa. La pregunta que plantea la iniciativa es provocadora: \u00abHoy, \u00bfqu\u00e9 territorios est\u00e1n en juego?\u00bb.<\/p>\n<p>El programa incluye exposiciones, proyecciones de documentales y pel\u00edculas, presentaciones editoriales y actividades p\u00fablicas dise\u00f1adas para reflexionar sobre el papel del futbol en el contexto de la Copa del Mundo que se celebrar\u00e1 en menos de tres meses en M\u00e9xico, Estados Unidos y Canad\u00e1. Entre las actividades m\u00e1s destacadas figura la exposici\u00f3n \u00abSportswashing. Las celebraciones deportivas como campa\u00f1a de blanqueamiento pol\u00edtico\u00bb, que se presentar\u00e1 del 26 de marzo al 2 de agosto en el Centro Cultural Universitario Tlatelolco. Esta muestra promete ser pol\u00e9mica: analiza c\u00f3mo los grandes eventos deportivos pueden ser utilizados por gobiernos para ocultar violaciones a derechos humanos o crisis pol\u00edticas.<\/p>\n<p>El programa tambi\u00e9n contempla un ciclo de charlas sobre ideolog\u00eda, censura en la FIFA y un episodio hist\u00f3rico poco conocido: la Copa de 1971, donde la selecci\u00f3n mexicana femenil result\u00f3 triunfante sin el respaldo institucional. Asimismo, se realizar\u00e1 el conversatorio \u00abCambio de cancha: f\u00fatbol, literatura y g\u00e9nero\u00bb, que explorar\u00e1 los v\u00ednculos entre el balompi\u00e9 y la creaci\u00f3n literaria, rompiendo estereotipos sobre qui\u00e9n puede hablar y escribir sobre futbol.<\/p>\n<p>A trav\u00e9s de la C\u00e1tedra Nelson Mandela, CulturaUNAM difundir\u00e1 contenidos en redes sociales sobre derechos humanos, f\u00fatbol femenil, derechos laborales en el deporte y diversidad sexual, con el objetivo de abrir una discusi\u00f3n cr\u00edtica en torno al torneo. En cuanto al programa de cine y televisi\u00f3n, TV UNAM transmitir\u00e1 el ciclo documental \u00abEl mundo real: El mundo tras un bal\u00f3n\u00bb, con t\u00edtulos como \u00abMaradona. El ni\u00f1o de oro\u00bb, \u00abEl beso espa\u00f1ol\u00bb y \u00abEl hermoso soborno: Corrupci\u00f3n en la Copa Mundial\u00bb, documentales que exploran el futbol como fen\u00f3meno pol\u00edtico, social y econ\u00f3mico.<\/p>\n<p>&nbsp;<\/p>\n<p>En las salas del Centro Cultural Universitario y el Cinemat\u00f3grafo del Chopo se proyectar\u00e1n ciclos de pel\u00edculas dedicados al \u00absportswashing\u00bb y filmes que muestran el juego desde una dimensi\u00f3n m\u00e1s humana y recreativa, alejada de la l\u00f3gica del espect\u00e1culo y el marketing profesional. La oferta universitaria contrasta y complementa el ambiente festivo de la ciudad, recordando que el futbol tambi\u00e9n puede ser objeto de an\u00e1lisis riguroso y pensamiento cr\u00edtico.<\/p>\n<p>&nbsp;<\/p>\n<p><strong>CDMX se transforma: festivales, r\u00e9cords Guinness y pantallas gigantes<\/strong><\/p>\n<p>M\u00e1s all\u00e1 del trofeo, las placas y la reflexi\u00f3n acad\u00e9mica, la Ciudad de M\u00e9xico prepara una transformaci\u00f3n urbana sin precedentes para recibir el Mundial 2026. El Comit\u00e9 de la CDMX para el Mundial FIFA 2026, instalado desde enero de 2025, ha dise\u00f1ado una agenda monumental que contempla 50 festivales futboleros distribuidos en distintos puntos de la ciudad, con actividades culturales, deportivas y familiares pensadas para quienes no asistan a los partidos en el Estadio Azteca.<\/p>\n<p>El Z\u00f3calo capitalino ser\u00e1 el epicentro de la fiesta mundialista. Ah\u00ed se instalar\u00e1n pantallas gigantes para transmitir los partidos en vivo, activaciones, conciertos y eventos especiales que convertir\u00e1n la plancha en el punto de reuni\u00f3n obligado para la afici\u00f3n durante todo el certamen. El FIFA Fan Festival en el Z\u00f3calo se llevar\u00e1 a cabo del 19 al 24 de julio de 2026 e incluir\u00e1 zonas gastron\u00f3micas para degustar lo mejor de la comida local, adem\u00e1s de la exposici\u00f3n arqueol\u00f3gica \u00abEl juego eterno\u00bb, que mostrar\u00e1 c\u00f3mo se jugaba el juego de pelota en Mesoam\u00e9rica hace m\u00e1s de 3,000 a\u00f1os. Lo mejor: todas estas actividades ser\u00e1n gratuitas.<\/p>\n<p>Paseo de la Reforma tambi\u00e9n lucir\u00e1 espectacular: se planean exposiciones, proyecciones nocturnas e iluminaci\u00f3n especial con los colores oficiales del torneo. Las glorietas principales, incluido el ic\u00f3nico \u00c1ngel de la Independencia, lucir\u00e1n decoraci\u00f3n tem\u00e1tica futbolera e iluminaci\u00f3n en tonos verdes y dorados, los colores que identifican a la CDMX como sede del Mundial.<\/p>\n<p>Pero la ciudad no se conforma con ser anfitriona pasiva: quiere romper r\u00e9cords mundiales. El 31 de mayo de 2026 se intentar\u00e1 conseguir la ola humana m\u00e1s grande del mundo, una din\u00e1mica que conectar\u00e1 a miles de personas desde el Estadio Azteca hasta el Z\u00f3calo. Adem\u00e1s, el 1 de marzo de 2026 se realizar\u00e1 la clase de f\u00fatbol m\u00e1s grande del mundo, con ensayos previos en cada colonia y barrio de la capital. Si se logran ambos r\u00e9cords Guinness, la CDMX entrar\u00e1 en la historia deportiva no solo como sede, sino como protagonista creativa del Mundial.<\/p>\n<p>&nbsp;<\/p>\n<p>El desfile mundialista del 21 de junio recorrer\u00e1 Paseo de la Reforma y tendr\u00e1 como eje la diversidad cultural de M\u00e9xico. Participar\u00e1n comunidades representativas de todo el pa\u00eds, as\u00ed como delegaciones de los pa\u00edses que disputar\u00e1n el torneo, convirtiendo las calles en un mosaico humano de colores, idiomas y tradiciones.<\/p>\n<p>La CDMX y Guadalajara son las \u00fanicas sedes de las 16 del Mundial que planean mantener abierto el Fan Fest durante todo el certamen, lo que implica una inversi\u00f3n millonaria pero tambi\u00e9n la oportunidad de crear un carnaval futbolero de m\u00e1s de un mes de duraci\u00f3n. Pantallas gigantes, conciertos en vivo, programaci\u00f3n cultural, canchas para jugar, zonas de comida y entretenimiento permanecer\u00e1n activos desde junio hasta julio, consolidando a la capital mexicana como la fiesta mundialista m\u00e1s larga y generosa del continente.<\/p>\n<p>En materia de seguridad, la jefa de Gobierno Clara Brugada garantiz\u00f3 que la capital est\u00e1 preparada para proteger a millones de visitantes con plena coordinaci\u00f3n entre autoridades locales y federales. Se instal\u00f3 un gabinete de seguridad permanente y se desplegar\u00e1 personal en todas las \u00e1reas estrat\u00e9gicas donde se realicen actividades del Mundial, m\u00e1s all\u00e1 de los estadios.<\/p>\n<p>&nbsp;<\/p>\n<p><strong>El Mundial en cada esquina<\/strong><\/p>\n<p>La Copa Mundial de la FIFA 2026 est\u00e1 demostrando que un evento deportivo de esta magnitud puede trascender las gradas y los balones para convertirse en un catalizador cultural, social y hasta acad\u00e9mico. La Ciudad de M\u00e9xico, que ser\u00e1 la primera ciudad en el mundo en albergar tres partidos inaugurales (tras 1970 y 1986), no se conforma con ser anfitriona: quiere ser protagonista, narradora y tambi\u00e9n cr\u00edtica de su propio papel en la historia del futbol.<\/p>\n<p>Desde el brillo dorado del trofeo hasta las reflexiones inc\u00f3modas sobre sportswashing, pasando por las placas de colecci\u00f3n y los r\u00e9cords Guinness, la capital mexicana se prepara para recibir al mundo con los brazos abiertos, pero tambi\u00e9n con los ojos bien abiertos. Porque en el fondo, como pregunta la UNAM, lo importante no es solo qui\u00e9n gane el trofeo el 19 de julio, sino qu\u00e9 territorios \u2014pol\u00edticos, sociales, econ\u00f3micos y culturales\u2014 est\u00e1n realmente en juego cuando el planeta entero se detiene a mirar un bal\u00f3n rodar sobre el c\u00e9sped.<\/p>\n<p>El Mundial 2026 ya lleg\u00f3 a M\u00e9xico. Y promete ser mucho m\u00e1s que 90 minutos de emociones.<\/p>\n<p>&nbsp;<\/p>\n<p>&nbsp;<\/p>\n<p><strong>\u00a0<\/strong><\/p>\n","protected":false},"excerpt":{"rendered":"<p>A menos de 105 d\u00edas del inicio de la justa deportiva El trofeo viaja a M\u00e9xico, placas conmemorativas se agotan y la UNAM expande la cancha Por Arturo Arellano &nbsp; A menos de 105 d\u00edas del inicio de la Copa Mundial de la FIFA 2026, la Ciudad de M\u00e9xico enciende motores con una oleada de [&hellip;]<\/p>\n","protected":false},"author":14,"featured_media":709603,"comment_status":"open","ping_status":"open","sticky":false,"template":"","format":"standard","meta":{"_monsterinsights_skip_tracking":false,"_monsterinsights_sitenote_active":false,"_monsterinsights_sitenote_note":"","_monsterinsights_sitenote_category":0,"footnotes":""},"categories":[16,10,101309],"tags":[],"class_list":["post-709602","post","type-post","status-publish","format-standard","has-post-thumbnail","hentry","category-destacadas","category-deportes","category-mundial-mx-2026"],"_links":{"self":[{"href":"https:\/\/www.diarioimagen.net\/index.php?rest_route=\/wp\/v2\/posts\/709602","targetHints":{"allow":["GET"]}}],"collection":[{"href":"https:\/\/www.diarioimagen.net\/index.php?rest_route=\/wp\/v2\/posts"}],"about":[{"href":"https:\/\/www.diarioimagen.net\/index.php?rest_route=\/wp\/v2\/types\/post"}],"author":[{"embeddable":true,"href":"https:\/\/www.diarioimagen.net\/index.php?rest_route=\/wp\/v2\/users\/14"}],"replies":[{"embeddable":true,"href":"https:\/\/www.diarioimagen.net\/index.php?rest_route=%2Fwp%2Fv2%2Fcomments&post=709602"}],"version-history":[{"count":1,"href":"https:\/\/www.diarioimagen.net\/index.php?rest_route=\/wp\/v2\/posts\/709602\/revisions"}],"predecessor-version":[{"id":709604,"href":"https:\/\/www.diarioimagen.net\/index.php?rest_route=\/wp\/v2\/posts\/709602\/revisions\/709604"}],"wp:featuredmedia":[{"embeddable":true,"href":"https:\/\/www.diarioimagen.net\/index.php?rest_route=\/wp\/v2\/media\/709603"}],"wp:attachment":[{"href":"https:\/\/www.diarioimagen.net\/index.php?rest_route=%2Fwp%2Fv2%2Fmedia&parent=709602"}],"wp:term":[{"taxonomy":"category","embeddable":true,"href":"https:\/\/www.diarioimagen.net\/index.php?rest_route=%2Fwp%2Fv2%2Fcategories&post=709602"},{"taxonomy":"post_tag","embeddable":true,"href":"https:\/\/www.diarioimagen.net\/index.php?rest_route=%2Fwp%2Fv2%2Ftags&post=709602"}],"curies":[{"name":"wp","href":"https:\/\/api.w.org\/{rel}","templated":true}]}}