{"id":709611,"date":"2026-03-01T22:40:37","date_gmt":"2026-03-02T04:40:37","guid":{"rendered":"https:\/\/www.diarioimagen.net\/?p=709611"},"modified":"2026-03-01T22:40:37","modified_gmt":"2026-03-02T04:40:37","slug":"toda-experiencia-cuenta-el-autoconocimiento-como-eje-de-crecimiento-personal","status":"publish","type":"post","link":"https:\/\/www.diarioimagen.net\/?p=709611","title":{"rendered":"Toda experiencia cuenta: el autoconocimiento como eje de crecimiento personal"},"content":{"rendered":"<p>&nbsp;<\/p>\n<p>&nbsp;<\/p>\n<p><strong>Por redacci\u00f3n<\/strong><\/p>\n<p><strong>psicoterapeuta Regina de los <\/strong><strong>R\u00edos\u00a0<\/strong><\/p>\n<p>&nbsp;<\/p>\n<p>En una cultura que clasifica los acontecimientos como \u201cbuenos\u201d o \u201cmalos\u201d con rapidez casi autom\u00e1tica, emerge una perspectiva distinta: cada experiencia, sin excepci\u00f3n, puede convertirse en un recurso de autoconocimiento. Desde esta \u00f3ptica, los hechos no son \u00fanicamente sucesos externos, sino insumos para el desarrollo de la conciencia personal.<\/p>\n<p>&nbsp;<\/p>\n<p>El planteamiento no implica negar el dolor ni romantizar la adversidad. Significa, m\u00e1s bien, reconocer que la forma en que interpretamos lo vivido influye directamente en nuestra identidad, nuestras decisiones y nuestro rumbo vital. En t\u00e9rminos de psicolog\u00eda conductual y cognitiva, la experiencia act\u00faa como est\u00edmulo; la interpretaci\u00f3n que hacemos de ella configura nuestra respuesta emocional y conductual.<\/p>\n<p>&nbsp;<\/p>\n<p><strong>Experiencias \u201cbuenas\u201d y \u201cmalas\u201d: una construcci\u00f3n subjetiva<\/strong><\/p>\n<p>&nbsp;<\/p>\n<p>La categorizaci\u00f3n de un evento como positivo o negativo depende, en gran medida, del sistema de valores, las expectativas y la historia personal de cada individuo. Una ruptura sentimental puede percibirse como fracaso o como punto de inflexi\u00f3n. Un error laboral puede vivirse como verg\u00fcenza paralizante o como retroalimentaci\u00f3n estrat\u00e9gica.<\/p>\n<p>&nbsp;<\/p>\n<p>Desde el enfoque del aprendizaje experiencial \u2014desarrollado por autores como David Kolb\u2014 la experiencia concreta es solo el primer paso. Lo verdaderamente transformador ocurre cuando la persona reflexiona, conceptualiza y experimenta de nuevo con base en lo aprendido. Sin reflexi\u00f3n, la vivencia se diluye; con reflexi\u00f3n, se convierte en conocimiento aplicado.<\/p>\n<p>&nbsp;<\/p>\n<p><strong>\u00bfElegimos nuestras experiencias?<\/strong><\/p>\n<p>&nbsp;<\/p>\n<p>La afirmaci\u00f3n de que \u201celegimos\u201d nuestras experiencias puede interpretarse en dos niveles. En el plano literal, no siempre controlamos los acontecimientos externos. Sin embargo, en el plano psicol\u00f3gico, s\u00ed elegimos \u2014con mayor o menor conciencia\u2014 la narrativa que construimos en torno a ellos.<\/p>\n<p>&nbsp;<\/p>\n<p>La psicolog\u00eda cognitiva, representada por figuras como Aaron T. Beck, ha demostrado que la interpretaci\u00f3n de los hechos impacta directamente en el estado emocional. Dos personas ante la misma situaci\u00f3n pueden desarrollar respuestas radicalmente distintas seg\u00fan sus creencias nucleares.<\/p>\n<p>&nbsp;<\/p>\n<p>Elegir resignificar una experiencia no es un acto ingenuo; es un ejercicio de responsabilidad psicol\u00f3gica. Supone preguntarse: \u00bfqu\u00e9 revela esto sobre m\u00ed?, \u00bfqu\u00e9 patr\u00f3n se repite?, \u00bfqu\u00e9 necesito modificar?<\/p>\n<p>&nbsp;<\/p>\n<p><strong>El autoconocimiento como ventaja competitiva en la vida<\/strong><\/p>\n<p>&nbsp;<\/p>\n<p>El autoconocimiento no es un concepto abstracto ni exclusivamente espiritual. Es una competencia transversal. En el \u00e1mbito profesional, permite identificar fortalezas y \u00e1reas de mejora. En el plano relacional, facilita establecer l\u00edmites claros y v\u00ednculos m\u00e1s conscientes. En el terreno emocional, reduce la reactividad y aumenta la regulaci\u00f3n.<\/p>\n<p>&nbsp;<\/p>\n<p>Las experiencias dif\u00edciles suelen funcionar como catalizadores. Exponen inseguridades, activan miedos y revelan dependencias. Pero tambi\u00e9n muestran recursos internos que, en contextos c\u00f3modos, permanecen invisibles. La resiliencia no surge en la ausencia de conflicto, sino en su procesamiento adecuado.<\/p>\n<p>&nbsp;<\/p>\n<p><strong>Aprender para ser mejores<\/strong><\/p>\n<p>&nbsp;<\/p>\n<p>Convertir la experiencia en autoconocimiento requiere tres procesos clave:<\/p>\n<ol>\n<li>Observaci\u00f3n honesta: reconocer la emoci\u00f3n sin negarla ni exagerarla.<\/li>\n<li>An\u00e1lisis cr\u00edtico: identificar patrones de pensamiento y conducta.<\/li>\n<li>Integraci\u00f3n pr\u00e1ctica: modificar decisiones futuras con base en lo aprendido.<\/li>\n<\/ol>\n<p>&nbsp;<\/p>\n<p>No se trata de buscar experiencias negativas para \u201ccrecer\u201d, sino de no desperdiciar ninguna vivencia. Cada error contiene informaci\u00f3n. Cada logro, tambi\u00e9n. Ambos aportan datos sobre qui\u00e9nes somos y hacia d\u00f3nde queremos dirigirnos.<\/p>\n<p>&nbsp;<\/p>\n<p>En \u00faltima instancia, la calidad de vida no depende \u00fanicamente de lo que sucede, sino del nivel de conciencia con el que se procesa lo sucedido. Cuando la experiencia deja de ser un accidente y se convierte en maestro, el autoconocimiento deja de ser teor\u00eda y se transforma en herramienta.<\/p>\n<p>&nbsp;<\/p>\n<p>Porque vivir no es solo acumular momentos, sino comprenderlos.<\/p>\n<p>&nbsp;<\/p>\n<p>C O M U N I C A T E<\/p>\n<p><a href=\"mailto:almasagrada.corp@gmail.com\">almasagrada.corp@gmail.com<\/a><\/p>\n<p>IG @almasagrada<\/p>\n<p>&nbsp;<\/p>\n","protected":false},"excerpt":{"rendered":"<p>&nbsp; &nbsp; Por redacci\u00f3n psicoterapeuta Regina de los R\u00edos\u00a0 &nbsp; En una cultura que clasifica los acontecimientos como \u201cbuenos\u201d o \u201cmalos\u201d con rapidez casi autom\u00e1tica, emerge una perspectiva distinta: cada experiencia, sin excepci\u00f3n, puede convertirse en un recurso de autoconocimiento. Desde esta \u00f3ptica, los hechos no son \u00fanicamente sucesos externos, sino insumos para el desarrollo [&hellip;]<\/p>\n","protected":false},"author":14,"featured_media":0,"comment_status":"open","ping_status":"open","sticky":false,"template":"","format":"standard","meta":{"_monsterinsights_skip_tracking":false,"_monsterinsights_sitenote_active":false,"_monsterinsights_sitenote_note":"","_monsterinsights_sitenote_category":0,"footnotes":""},"categories":[4,877],"tags":[],"class_list":["post-709611","post","type-post","status-publish","format-standard","hentry","category-opinion","category-salud"],"_links":{"self":[{"href":"https:\/\/www.diarioimagen.net\/index.php?rest_route=\/wp\/v2\/posts\/709611","targetHints":{"allow":["GET"]}}],"collection":[{"href":"https:\/\/www.diarioimagen.net\/index.php?rest_route=\/wp\/v2\/posts"}],"about":[{"href":"https:\/\/www.diarioimagen.net\/index.php?rest_route=\/wp\/v2\/types\/post"}],"author":[{"embeddable":true,"href":"https:\/\/www.diarioimagen.net\/index.php?rest_route=\/wp\/v2\/users\/14"}],"replies":[{"embeddable":true,"href":"https:\/\/www.diarioimagen.net\/index.php?rest_route=%2Fwp%2Fv2%2Fcomments&post=709611"}],"version-history":[{"count":1,"href":"https:\/\/www.diarioimagen.net\/index.php?rest_route=\/wp\/v2\/posts\/709611\/revisions"}],"predecessor-version":[{"id":709612,"href":"https:\/\/www.diarioimagen.net\/index.php?rest_route=\/wp\/v2\/posts\/709611\/revisions\/709612"}],"wp:attachment":[{"href":"https:\/\/www.diarioimagen.net\/index.php?rest_route=%2Fwp%2Fv2%2Fmedia&parent=709611"}],"wp:term":[{"taxonomy":"category","embeddable":true,"href":"https:\/\/www.diarioimagen.net\/index.php?rest_route=%2Fwp%2Fv2%2Fcategories&post=709611"},{"taxonomy":"post_tag","embeddable":true,"href":"https:\/\/www.diarioimagen.net\/index.php?rest_route=%2Fwp%2Fv2%2Ftags&post=709611"}],"curies":[{"name":"wp","href":"https:\/\/api.w.org\/{rel}","templated":true}]}}