{"id":709669,"date":"2026-03-01T22:56:39","date_gmt":"2026-03-02T04:56:39","guid":{"rendered":"https:\/\/www.diarioimagen.net\/?p=709669"},"modified":"2026-03-01T22:56:39","modified_gmt":"2026-03-02T04:56:39","slug":"cuatro-nuevos-partidos-disputaran-a-los-6-existentes-la-eleccion-de-2027","status":"publish","type":"post","link":"https:\/\/www.diarioimagen.net\/?p=709669","title":{"rendered":"Cuatro nuevos partidos disputar\u00e1n,  a los 6 existentes, la elecci\u00f3n de 2027"},"content":{"rendered":"<p><strong>\u00a0<\/strong><\/p>\n<p><strong>\u00a0<\/strong><\/p>\n<p><strong>\u00a0TRAS LA PUERTA DEL PODER: <\/strong><strong>Roberto Vizca\u00edno <\/strong><\/p>\n<p>&nbsp;<\/p>\n<p><strong>\u00a0<\/strong><\/p>\n<p>&nbsp;<\/p>\n<p><strong>\u00c9ramos muchos\u2026 \u00a1<em>y pari\u00f3 la abuela<\/em>!<\/strong><\/p>\n<p>El popular dicho refleja el sentimiento del absurdo que a veces vivimos ante excesos o situaciones absurdas.<\/p>\n<p>Tal es -al menos as\u00ed lo siento yo- el intento de no pocos en M\u00e9xico por registrar nuevos partidos pol\u00edticos.<\/p>\n<p>Los hechos me indican a m\u00ed -quiz\u00e1 estoy equivocado-, que el problema de acceder a un r\u00e9gimen democr\u00e1tico en serio, maduro, como tienen las sociedades avanzadas -Alemania, Francia, Suecia, etc- requiere no de nuevos y decenas de partidos pol\u00edticos, sino de una sociedad plural, con escolaridad alta, educaci\u00f3n, principios \u00e9ticos y una clase pol\u00edtica con personajes con calidad moral y \u00e9tica, principios, que si ganan cargos den todo lo mejor de s\u00ed mismos y si pierden, acepten sus derrotas y se hagan un lado sin causar enconos in\u00fatiles.<\/p>\n<p>La simple l\u00f3gica me dice que si avanzan los registros de las 4 organizaciones -de entre cerca de 90 que se inscribieron hace un a\u00f1o- que lograron cumplir con los requisitos para su reconocimiento por el INE, en la contienda electoral del pr\u00f3ximo a\u00f1o, que ser\u00e1n las m\u00e1s grandes y cruciales en la historia del pa\u00eds, s\u00f3lo lograr\u00e1n diluir el voto ciudadano en favor de la consolidaci\u00f3n de Morena y del r\u00e9gimen autocr\u00e1tico de la 4T.<\/p>\n<p>Su reconocimiento como partidos y su participaci\u00f3n en el proceso del 2027 -en que se renovar\u00e1n la c\u00e1mara de Diputados federal, las de 31 estados, 17 gubernaturas y unas 1,800 alcald\u00edas-, ser\u00eda una bendici\u00f3n para la presidenta\u00a0<strong>Claudia Sheinbaum<\/strong>\u00a0y para su jefe de jefes,\u00a0<strong>Andr\u00e9s Manuel L\u00f3pez Obrador<\/strong>.<\/p>\n<p>De ser reconocidos ahora por el INE una vez que cumplieron con todos sus requisitos, los 4 aspirantes ser\u00e1n partidos con derecho a financiamiento p\u00fablico y al acceso a las pautas de radio y TV del gobierno.<\/p>\n<p>Los 4 son:<\/p>\n<ul>\n<li><strong>Construyendo Sociedades de Paz (PAZ),\u00a0<\/strong>encabezado por el diputado federal morenista\u00a0<strong>Hugo \u00c9ric Flores Cervantes<\/strong>, junto a\u00a0<strong>Armando Gonz\u00e1lez Escoto<\/strong>y\u00a0<strong>Edith Carolina Anda <\/strong>y que es<strong>\u00a0<\/strong>la reinvenci\u00f3n de los partidos Encuentro Social y Encuentro Solidario, cuyo mayor logro fue impulsar la candidatura de\u00a0<strong>Cuauht\u00e9moc Blanco<\/strong>\u00a0en Morelos.\u00a0Como antes, PES, ahora PAZ surge con un fuerte discurso de cristianismo evang\u00e9lico en busca de la defensa de la familia tradicional y para representar a un sector religioso que tiene ya algunos a\u00f1os en busca de acceder a cargos legislativos y de poder pol\u00edtico.<\/li>\n<li><strong>M\u00e9xico Tiene Vida\u00a0<\/strong>surge de laderecha regiomontana, donde su partido local ha obtenido algunas regidur\u00edas en 2024 con los empresarios\u00a0<strong>Jaime Ochoa Hern\u00e1ndez<\/strong>\u00a0y\u00a0<strong>Eduardo Zamarripa Cort\u00e9s<\/strong>\u00a0a la cabeza cercanos a \u201cprovida\u201d y con, afirman, \u201cun modelo de capitalismo social que busca equilibrar el libre mercado y la responsabilidad empresarial\u201d.<\/li>\n<li><strong>Somos M\u00e9xico\u00a0<\/strong>tiene su origen en la llamada \u201cmarea rosa\u00bb<strong>que defendi\u00f3 la autonom\u00eda del INE <\/strong>en 2024, y que hoy es liderado por\u00a0<strong>Guadalupe Acosta Naranjo con el acompa\u00f1amiento de<\/strong>\u00a0<strong>exconsejeros y exfuncionarios del INE<\/strong> como\u00a0<strong>Leonardo Vald\u00e9s Zurita<\/strong>\u00a0y\u00a0<strong>Rodrigo Morales, la sonorense Cecilia Soto,<\/strong>\u00a0los ex ministros de la Suprema Corte,\u00a0<strong>Margarita R\u00edos Farjat<\/strong>,\u00a0<strong>Javier Laynez Potisek<\/strong>\u00a0y\u00a0<strong>Jos\u00e9 Ram\u00f3n Coss\u00edo<\/strong>\u00a0y por reconocidos militantes panistas y priistas para ser de corte\u00a0liberal, con un enfoque prioritario en la defensa de los contrapesos institucionales frente al actual modelo de gobierno autocr\u00e1tico.<\/li>\n<li><strong>Que Siga la Democracia surge como un partido\u00a0pro<\/strong><strong>Andr\u00e9s Manuel L\u00f3pez Obrador y la 4T.<\/strong><\/li>\n<\/ul>\n<p>De ser confirmados por el INE, estos 4 partidos estar\u00edan en las boletas del proceso de 2027 -que apunta a ser, si la presidenta Claudia Sheinbaum y sus bancadas en el Senado y la C\u00e1mara de Diputados logra la aprobaci\u00f3n de su reforma electoral y pol\u00edtica en curso-, el m\u00e1s pobre con el recorte de casi el 25% del financiamiento p\u00fablico y con un INE menguado y disminuido al extremo.<\/p>\n<p>Ellos ir\u00edan, en esa boleta d 2027, al lado del PAN, PRI, MC, PT, Verde y Morena a disputar por quiz\u00e1 el 60% de los votos que podr\u00e1n emitir los 98 millones 050 mil 524 registrados en la lista nominal: 46 millones 979 mil 355 hombres y 51 millones, 070 mil 741 mujeres con credencial para votar.<\/p>\n<p>Un escenario por dem\u00e1s desalentador porque todo apunta a que la proliferaci\u00f3n de partidos lo \u00fanico que lograr\u00e1 es profundizar el des\u00e1nimo y desconfianza, apat\u00eda, de una ciudadan\u00eda tradicionalmente indolente, ajena de la cosa pol\u00edtica.<\/p>\n<p>&nbsp;<\/p>\n<p><strong>\u00bfA d\u00f3nde llegar\u00e1 la electoral? \u00bfSenado o Diputados?<\/strong><\/p>\n<p>&nbsp;<\/p>\n<p>Si no hay sorpresas, la iniciativa de reforma electoral de la presidenta\u00a0<strong>Claudia Sheinbaum<\/strong>\u00a0llegar\u00e1 entre hoy y ma\u00f1ana al Congreso.<\/p>\n<p>La tradici\u00f3n y l\u00f3gica indican que ingresar\u00e1 para su an\u00e1lisis, debate y presentaci\u00f3n al Pleno por la C\u00e1mara de Diputados.<\/p>\n<p>Pero como vivimos tiempos in\u00e9ditos, igual podr\u00eda ser por la C\u00e1mara de Senadores, ahora bajo la batuta del poblano\u00a0<strong>Ignacio Mier<\/strong>.<\/p>\n<p>En C\u00e1mara de Diputados, la presidenta de la Mesa Directiva, la panista\u00a0<strong>Kenia L\u00f3pez Rabad\u00e1n,<\/strong>\u00a0advirti\u00f3 que no permitir\u00eda un fast track y que esta iniciativa deber\u00e1 ser revisada y debatida, sometida, a foros y discusiones de amplios sectores de inter\u00e9s.<\/p>\n<p>Este contexto de reclamos se sintetiza en el pronunciamiento del ex presidente del INE, Lorenzo C\u00f3rdova, quien dijo que intentar aprobar esta reforma electoral es una necedad del autoritarismo.<\/p>\n<p>Considero que tal como se presenta va directo a generar una crisis de gobernabilidad e inestabilidad pol\u00edtica.<\/p>\n<p>&nbsp;<\/p>\n<p>Twitter: @_Vizcaino \/ Facebook<\/p>\n<p>\/\u00a0<a href=\"https:\/\/www.facebook.com\/rvizcainoa\">https:\/\/www.facebook.com\/rvizcainoa<\/a><\/p>\n<p>&nbsp;<\/p>\n<p>&nbsp;<\/p>\n","protected":false},"excerpt":{"rendered":"<p>\u00a0 \u00a0 \u00a0TRAS LA PUERTA DEL PODER: Roberto Vizca\u00edno &nbsp; \u00a0 &nbsp; \u00c9ramos muchos\u2026 \u00a1y pari\u00f3 la abuela! El popular dicho refleja el sentimiento del absurdo que a veces vivimos ante excesos o situaciones absurdas. Tal es -al menos as\u00ed lo siento yo- el intento de no pocos en M\u00e9xico por registrar nuevos partidos pol\u00edticos. [&hellip;]<\/p>\n","protected":false},"author":14,"featured_media":0,"comment_status":"open","ping_status":"open","sticky":false,"template":"","format":"standard","meta":{"_monsterinsights_skip_tracking":false,"_monsterinsights_sitenote_active":false,"_monsterinsights_sitenote_note":"","_monsterinsights_sitenote_category":0,"footnotes":""},"categories":[4,136],"tags":[],"class_list":["post-709669","post","type-post","status-publish","format-standard","hentry","category-opinion","category-roberto-vizcaino-opinion"],"_links":{"self":[{"href":"https:\/\/www.diarioimagen.net\/index.php?rest_route=\/wp\/v2\/posts\/709669","targetHints":{"allow":["GET"]}}],"collection":[{"href":"https:\/\/www.diarioimagen.net\/index.php?rest_route=\/wp\/v2\/posts"}],"about":[{"href":"https:\/\/www.diarioimagen.net\/index.php?rest_route=\/wp\/v2\/types\/post"}],"author":[{"embeddable":true,"href":"https:\/\/www.diarioimagen.net\/index.php?rest_route=\/wp\/v2\/users\/14"}],"replies":[{"embeddable":true,"href":"https:\/\/www.diarioimagen.net\/index.php?rest_route=%2Fwp%2Fv2%2Fcomments&post=709669"}],"version-history":[{"count":1,"href":"https:\/\/www.diarioimagen.net\/index.php?rest_route=\/wp\/v2\/posts\/709669\/revisions"}],"predecessor-version":[{"id":709670,"href":"https:\/\/www.diarioimagen.net\/index.php?rest_route=\/wp\/v2\/posts\/709669\/revisions\/709670"}],"wp:attachment":[{"href":"https:\/\/www.diarioimagen.net\/index.php?rest_route=%2Fwp%2Fv2%2Fmedia&parent=709669"}],"wp:term":[{"taxonomy":"category","embeddable":true,"href":"https:\/\/www.diarioimagen.net\/index.php?rest_route=%2Fwp%2Fv2%2Fcategories&post=709669"},{"taxonomy":"post_tag","embeddable":true,"href":"https:\/\/www.diarioimagen.net\/index.php?rest_route=%2Fwp%2Fv2%2Ftags&post=709669"}],"curies":[{"name":"wp","href":"https:\/\/api.w.org\/{rel}","templated":true}]}}