{"id":709715,"date":"2026-03-02T19:59:39","date_gmt":"2026-03-03T01:59:39","guid":{"rendered":"https:\/\/www.diarioimagen.net\/?p=709715"},"modified":"2026-03-02T19:59:39","modified_gmt":"2026-03-03T01:59:39","slug":"morena-mejor-posicionado-que-el-partido-verde-ecologista-en-atizapan","status":"publish","type":"post","link":"https:\/\/www.diarioimagen.net\/?p=709715","title":{"rendered":"Morena, mejor posicionado que el  Partido Verde Ecologista en Atizap\u00e1n"},"content":{"rendered":"<ul>\n<li><strong>Aseguran analistas<\/strong><\/li>\n<\/ul>\n<p><strong>\u00a0<\/strong><\/p>\n<p>&nbsp;<\/p>\n<p><img loading=\"lazy\" decoding=\"async\" class=\"alignnone wp-image-709716 size-large\" src=\"https:\/\/www.diarioimagen.net\/wp-content\/uploads\/2026\/03\/BAENA-2-ok-1-460x212.jpg\" alt=\"\" width=\"460\" height=\"212\" srcset=\"https:\/\/www.diarioimagen.net\/wp-content\/uploads\/2026\/03\/BAENA-2-ok-1-460x212.jpg 460w, https:\/\/www.diarioimagen.net\/wp-content\/uploads\/2026\/03\/BAENA-2-ok-1-240x111.jpg 240w, https:\/\/www.diarioimagen.net\/wp-content\/uploads\/2026\/03\/BAENA-2-ok-1-768x354.jpg 768w, https:\/\/www.diarioimagen.net\/wp-content\/uploads\/2026\/03\/BAENA-2-ok-1.jpg 976w\" sizes=\"auto, (max-width: 460px) 100vw, 460px\" \/><\/p>\n<p>Atizap\u00e1n de Zaragoza, Mex.- En el panorama electoral y pol\u00edtico de este municipio, Morena se ha posicionado hist\u00f3ricamente, como una fuerza pol\u00edtica superior en t\u00e9rminos de estructura y votaci\u00f3n en comparaci\u00f3n con el Partido Verde Ecologista de M\u00e9xico (PVEM), consolid\u00e1ndose como la principal oposici\u00f3n ante la proximidad de\u00a0 las elecciones del 2027.<\/p>\n<p>&nbsp;<\/p>\n<p>As\u00ed coincidieron analistas pol\u00edticos, en voz del tambi\u00e9n catedr\u00e1tico, Erick Garc\u00eda, luego de destacar qu\u00e9 \u00abesto significa que el partido del Tuc\u00e1n, s\u00f3lo representa 5.9\u00a0 por ciento, mientras que Morena 36.8 por ciento de las preferencias ciudadanas\u00bb, dijo.<\/p>\n<p>&nbsp;<\/p>\n<p>El polit\u00f3logo puntualiz\u00f3 que \u00ablas diferentes encuestas as\u00ed lo destacan, por lo cual significa que en esta ocasi\u00f3n Morena est\u00e1 mejor posicionado que el Partido Verde, por lo que deber\u00eda de considerarse un candidato que sea ciento por ciento emanado de ese instituto pol\u00edtico\u00bb, dijo.<\/p>\n<p>&nbsp;<\/p>\n<p>En ese sentido, los analistas, refirieron que mientras Morena se ha posicionado como la segunda fuerza pol\u00edtica, el PVEM a menudo opera en alianzas donde Morena es el actor principal. De hecho, en el proceso de 2024, militantes de Morena en Atizap\u00e1n,\u00a0 mostraron rechazo a candidaturas impuestas por el PVEM (como la de Gonzalo Alarc\u00f3n), prefiriendo la estructura propia del partido guinda\u00bb, abundaron.<\/p>\n<p>&nbsp;<\/p>\n<p>Asimismo, observaron\u00a0 que el PVEM con un solo candidato cuenta con\u00a0 una aprobaci\u00f3n del 42.6 por ciento, mientras que\u00a0 si Morena solo tuviera un candidato, \u00e9ste\u00a0 tendr\u00eda el\u00a0 66.8 de aprobaci\u00f3n para la candidatura.<\/p>\n","protected":false},"excerpt":{"rendered":"<p>Aseguran analistas \u00a0 &nbsp; Atizap\u00e1n de Zaragoza, Mex.- En el panorama electoral y pol\u00edtico de este municipio, Morena se ha posicionado hist\u00f3ricamente, como una fuerza pol\u00edtica superior en t\u00e9rminos de estructura y votaci\u00f3n en comparaci\u00f3n con el Partido Verde Ecologista de M\u00e9xico (PVEM), consolid\u00e1ndose como la principal oposici\u00f3n ante la proximidad de\u00a0 las elecciones del [&hellip;]<\/p>\n","protected":false},"author":14,"featured_media":709716,"comment_status":"open","ping_status":"open","sticky":false,"template":"","format":"standard","meta":{"_monsterinsights_skip_tracking":false,"_monsterinsights_sitenote_active":false,"_monsterinsights_sitenote_note":"","_monsterinsights_sitenote_category":0,"footnotes":""},"categories":[5],"tags":[],"class_list":["post-709715","post","type-post","status-publish","format-standard","has-post-thumbnail","hentry","category-estado-de-mexico"],"_links":{"self":[{"href":"https:\/\/www.diarioimagen.net\/index.php?rest_route=\/wp\/v2\/posts\/709715","targetHints":{"allow":["GET"]}}],"collection":[{"href":"https:\/\/www.diarioimagen.net\/index.php?rest_route=\/wp\/v2\/posts"}],"about":[{"href":"https:\/\/www.diarioimagen.net\/index.php?rest_route=\/wp\/v2\/types\/post"}],"author":[{"embeddable":true,"href":"https:\/\/www.diarioimagen.net\/index.php?rest_route=\/wp\/v2\/users\/14"}],"replies":[{"embeddable":true,"href":"https:\/\/www.diarioimagen.net\/index.php?rest_route=%2Fwp%2Fv2%2Fcomments&post=709715"}],"version-history":[{"count":1,"href":"https:\/\/www.diarioimagen.net\/index.php?rest_route=\/wp\/v2\/posts\/709715\/revisions"}],"predecessor-version":[{"id":709717,"href":"https:\/\/www.diarioimagen.net\/index.php?rest_route=\/wp\/v2\/posts\/709715\/revisions\/709717"}],"wp:featuredmedia":[{"embeddable":true,"href":"https:\/\/www.diarioimagen.net\/index.php?rest_route=\/wp\/v2\/media\/709716"}],"wp:attachment":[{"href":"https:\/\/www.diarioimagen.net\/index.php?rest_route=%2Fwp%2Fv2%2Fmedia&parent=709715"}],"wp:term":[{"taxonomy":"category","embeddable":true,"href":"https:\/\/www.diarioimagen.net\/index.php?rest_route=%2Fwp%2Fv2%2Fcategories&post=709715"},{"taxonomy":"post_tag","embeddable":true,"href":"https:\/\/www.diarioimagen.net\/index.php?rest_route=%2Fwp%2Fv2%2Ftags&post=709715"}],"curies":[{"name":"wp","href":"https:\/\/api.w.org\/{rel}","templated":true}]}}