{"id":709727,"date":"2026-03-02T20:12:35","date_gmt":"2026-03-03T02:12:35","guid":{"rendered":"https:\/\/www.diarioimagen.net\/?p=709727"},"modified":"2026-03-02T20:12:35","modified_gmt":"2026-03-03T02:12:35","slug":"no-todo-es-fiesta-en-el-gobierno-cayeron-las-remesas-en-enero","status":"publish","type":"post","link":"https:\/\/www.diarioimagen.net\/?p=709727","title":{"rendered":"No todo es fiesta en el gobierno;  cayeron las remesas en enero"},"content":{"rendered":"<p><strong>CLASE POLITICA\u00a0 <\/strong>Miguel \u00c1ngel Rivera<\/p>\n<p><strong>\u00a0<\/strong><\/p>\n<p>&nbsp;<\/p>\n<p>A pesar del \u00e9xito de la gran concentraci\u00f3n popular en la zona c\u00e9ntrica de la Ciudad de M\u00e9xico, con la presentaci\u00f3n de la popular cantante colombiana Shakira, la cierto es que el gobierno que construye el segundo piso de\u00a0la llamada Cuarta Transformaci\u00f3n atraviesa malos momentos.<\/p>\n<p>Por cierto, al contabilizar al total de asistentes al espect\u00e1culo musical del domingo anterior, el gobierno capitalino, encabezado por Clara Brugada Molina, volvi\u00f3 a demostrar la \u201cflexibilidad\u201d \u2013por denominarla de alguna manera \u2013 de sus instrumentos de c\u00e1lculo, pues unas veces ante un Z\u00f3calo y calles aleda\u00f1as repletos por organizaciones opositoras, no logra sumar m\u00e1s de cien mil, pero cuando se trata de una concentraci\u00f3n de apoyo al r\u00e9gimen ha calculado hasta un mill\u00f3n de asistentes.<\/p>\n<p>En el caso de Shakira, espect\u00e1culo que se present\u00f3 como gratuito, pero en realidad fue patrocinado por una empresa privada, los c\u00e1lculos oficiales aparecieron moderados, pues la jefa de Gobierno dio como v\u00e1lida la cifra de 400 mil personas que, es de suponer, incluye a los que llegaron al Z\u00f3calo y los que presenciaron el espect\u00e1culo a control remoto, en los sitios donde se colocaron grandes pantallas.<\/p>\n<p>En el caso de validar el optimismo generado por el espect\u00e1culo dominical, suman m\u00e1s los motivos de preocupaci\u00f3n para el r\u00e9gimen.<\/p>\n<p>Para empezar, est\u00e1 el riesgo del fracaso de la muy buscada reforma electoral con la que Morena busca perpetuar su control absoluto, pues se mantiene la inconformidad nada menos que de sus sat\u00e9lites del PT y PVEM, sin cuyos votos no se pueden realizar cambios constitucionales como los que pretende imponer el partido oficial. La entrega de la iniciativa al Congreso de la Uni\u00f3n para ser aprobada (sin cambios, claro) se ha demorado ya en varias ocasiones y se supon\u00eda que el plazo definitivo venc\u00eda ayer, sin que se conociera la versi\u00f3n definitiva al tiempo que en medios oficiales se dec\u00eda que la iniciativa ser\u00eda entregada la tarde-noche.<\/p>\n<p>La referida reforma electoral es un asunto de suma importancia para el r\u00e9gimen en el terreno pol\u00edtico, donde siempre existe la posibilidad de dar la vuelta y encontrar otros resquicios para conseguir el mismo fin de retener el control.<\/p>\n<p>La situaci\u00f3n aparece muy diferente en materia econ\u00f3mica, en donde se trata de cuestiones materiales. Salvo que se recurra a la m\u00e1quina de imprimir dinero y generar m\u00e1s inflaci\u00f3n o aumentar la ya demasiado pesada carga de la deuda p\u00fablica, resulta muy dif\u00edcil compensar la ca\u00edda en los ingresos.<\/p>\n<p>Esto viene al caso porque ayer mismo se anunci\u00f3 que las remesas de mexicanos residentes en el extranjero, b\u00e1sicamente en los Estados Unidos, cayeron el pasado mes de enero.<\/p>\n<p>El Banco de M\u00e9xico (Banxico) inform\u00f3 que en el primer mes de 2026, los ingresos por remesas provenientes del exterior fueron de 4,594 millones de d\u00f3lares, los cuales se derivaron de 11.5 millones de transacciones, con un env\u00edo promedio de 401 d\u00f3lares. De esta manera, en enero de 2026 los ingresos por remesas presentaron un retroceso anual de 1.4%, derivado de la combinaci\u00f3n de una ca\u00edda de 5.2% en el n\u00famero de env\u00edos y de un crecimiento de 3.9% en el monto de la remesa promedio.<\/p>\n<p>Banxico tambi\u00e9n indic\u00f3 que en los \u00faltimos doce meses (febrero 2025\u2013enero 2026), el flujo acumulado de los ingresos por remesas result\u00f3 de 61,710 millones de d\u00f3lares, que se compara con el monto acumulado a doce meses de diciembre pasado de 61,777 millones de d\u00f3lares (enero 2025\u2013diciembre 2025).<\/p>\n<p>Los expertos del banco central advierten que el descenso es consecuencia de la agresiva pol\u00edtica del presidente de los Estados Unidos, Donald Trump, contra los migrantes. Es de recordar que en junio de 2026, el gobierno de Donald Trump anunci\u00f3 un impuesto del 1% a las remesas enviadas en efectivo, giros postales, cheques de caja y otros instrumentos similares.<\/p>\n<p>Para medir el impacto social, es de se\u00f1alar que el diario especializado\u00a0<strong><em>El Economista <\/em><\/strong>destaca en su nota informativa que \u201cde acuerdo con estimaciones del Inegi y el Centro de Estudios Monetarios Latinoamericanos (CEMLA), son 4.9 millones de familias las que reciben remesas en M\u00e9xico, donde 11.1 millones de adultos son beneficiarios.<\/p>\n<p>Tal vez, a manera de compensaci\u00f3n, la presidenta (con A), Claudia Sheinbaum, anunci\u00f3 que hoy, martes, ser\u00e1 publicada en el Diario Oficial de la Federaci\u00f3n la reforma constitucional que establece la reducci\u00f3n paulatina de la jornada laboral semanal hasta llegar a 40 horas, la cual es presentada por la llamada Cuarta Transformaci\u00f3n como un gran avance en beneficio de la clase trabajadora.<\/p>\n<p>La modificaci\u00f3n fue aprobada por unanimidad en la C\u00e1mara de Diputados y el Senado y forma parte del compromiso n\u00famero 60 de los 100 objetivos planteados por el Gobierno federal en la llamada segunda etapa de la transformaci\u00f3n.<\/p>\n<p>En su ma\u00f1anera, la mandataria sostuvo que el objetivo central de esta reforma es mejorar la calidad de vida de las personas trabajadoras, al disminuir el cansancio, prevenir accidentes y fortalecer el equilibrio entre la vida laboral, personal y familiar. Subray\u00f3 que un mayor descanso contribuye directamente a la salud, la seguridad y el bienestar integral.<\/p>\n<p>Estos comentarios han sido refutados por los legisladores de oposici\u00f3n, quienes advirtieron que la reforma no hace obligatorio el descanso de dos d\u00edas a la semana y que la reducci\u00f3n de la jornada diaria de una hora por d\u00eda, con seis d\u00edas de trabajo, no compensa el desgaste que sufren los trabajadores para trasladarse de sus viviendas a los centros de labor, en particular en grandes ciudades como M\u00e9xico, Monterrey y Guadalajara, por mencionar s\u00f3lo a las principales.<\/p>\n<p>Adem\u00e1s de los reproches expresados por senadores y diputados de oposici\u00f3n durante el debate para aprobar la supuesta reforma de avanzada, un estudio de la empresa especializada\u00a0<strong><em>Indeed<\/em><\/strong>\u00a0en 2023, alrededor del 37% de los trabajadores mexicanos invert\u00eda una hora en trasladarse de su casa a la oficina, mientras que el 24% destinaba dos horas o m\u00e1s.<\/p>\n<p>&nbsp;<\/p>\n<p><strong>Otra muestra de la \u201cnueva justicia\u201d mexicana<\/strong><\/p>\n<p>&nbsp;<\/p>\n<p>Despu\u00e9s del \u201cshow\u201d que montaron en Tenejapa, Chiapas, donde se disfrazaron de ind\u00edgenas, los integrantes de la Suprema Corte de Justicia de los acordeones volvieron a sesionar en la capital del pa\u00eds, para dejar constancia de lo que es la nueva justicia mexicana.<\/p>\n<p>En su sesi\u00f3n de ayer, el m\u00e1ximo tribunal del pa\u00eds resultado de la reforma al Poder Judicial valid\u00f3 un amparo a la poderosa empresa Televisa que la protege de pagar \u201cimpuestos indebidos\u201d. El fallo fue aprobado por una mayor\u00eda de seis ministros y tres en contra.<\/p>\n<p>La decisi\u00f3n significa que la Suprema Corte (SCJN) dej\u00f3 en firme la sentencia de un tribunal colegiado que le concedi\u00f3 a Televisa un amparo para que la Secretar\u00eda de Hacienda y Cr\u00e9dito P\u00fablico (SHCP) le pague 103 millones 73 mil 347 pesos por concepto de intereses de impuestos \u201cindebidos\u201d en los ejercicios fiscales de 1998, 1999, 2003 y 2004.<\/p>\n<p>El comunicado, publicado en el portal del m\u00e1ximo tribunal, sin mencionar a la empresa beneficiada, explica:<\/p>\n<p>\u201cEl pleno fij\u00f3 como criterio obligatorio que, en t\u00e9rminos del p\u00e1rrafo tercero del art\u00edculo 22-A del C\u00f3digo Fiscal de la Federaci\u00f3n (CFF), no procede el pago de intereses cuando las personas contribuyentes obtienen una sentencia que declara nulo un cr\u00e9dito fiscal previamente pagado sin que la misma ordene de manera expresa y directa la devoluci\u00f3n por pago de lo indebido.<\/p>\n<p>\u201cEl Pleno sostuvo que tanto la devoluci\u00f3n como los intereses tienen diversa naturaleza, pues mientras la devoluci\u00f3n de las cantidades con su respectiva actualizaci\u00f3n tiene un car\u00e1cter\u00a0\u00a0restitutorio, toda vez que la persona contribuyente recibe su dinero a valor actual, en cambio, los intereses son indemnizatorios y sancionatorios, dado que surgen de un incumplimiento o actuar negligente que, cuando se vincula con una sentencia de nulidad debe relacionarse con un pronunciamiento condenatorio.<\/p>\n<p>\u201cPor tanto, afirm\u00f3 que no siempre que proceda una devoluci\u00f3n necesariamente trae aparejada el pago de intereses ya que \u00e9ste proviene de un incumplimiento o actuar negligente por parte de la autoridad fiscal, para lo cual es necesario que exista una obligaci\u00f3n a cargo de la misma de devolver ciertas cantidades, en el entendido de que las personas contribuyentes que pagan un cr\u00e9dito fiscal antes de impugnarlo lo hacen en un contexto de presunci\u00f3n de legalidad del acto administrativo que le dio origen\u201d.<\/p>\n<p>&nbsp;<\/p>\n<p>&nbsp;<\/p>\n","protected":false},"excerpt":{"rendered":"<p>CLASE POLITICA\u00a0 Miguel \u00c1ngel Rivera \u00a0 &nbsp; A pesar del \u00e9xito de la gran concentraci\u00f3n popular en la zona c\u00e9ntrica de la Ciudad de M\u00e9xico, con la presentaci\u00f3n de la popular cantante colombiana Shakira, la cierto es que el gobierno que construye el segundo piso de\u00a0la llamada Cuarta Transformaci\u00f3n atraviesa malos momentos. Por cierto, al [&hellip;]<\/p>\n","protected":false},"author":14,"featured_media":0,"comment_status":"open","ping_status":"open","sticky":false,"template":"","format":"standard","meta":{"_monsterinsights_skip_tracking":false,"_monsterinsights_sitenote_active":false,"_monsterinsights_sitenote_note":"","_monsterinsights_sitenote_category":0,"footnotes":""},"categories":[84119,4],"tags":[],"class_list":["post-709727","post","type-post","status-publish","format-standard","hentry","category-miguel-angel-rivera","category-opinion"],"_links":{"self":[{"href":"https:\/\/www.diarioimagen.net\/index.php?rest_route=\/wp\/v2\/posts\/709727","targetHints":{"allow":["GET"]}}],"collection":[{"href":"https:\/\/www.diarioimagen.net\/index.php?rest_route=\/wp\/v2\/posts"}],"about":[{"href":"https:\/\/www.diarioimagen.net\/index.php?rest_route=\/wp\/v2\/types\/post"}],"author":[{"embeddable":true,"href":"https:\/\/www.diarioimagen.net\/index.php?rest_route=\/wp\/v2\/users\/14"}],"replies":[{"embeddable":true,"href":"https:\/\/www.diarioimagen.net\/index.php?rest_route=%2Fwp%2Fv2%2Fcomments&post=709727"}],"version-history":[{"count":1,"href":"https:\/\/www.diarioimagen.net\/index.php?rest_route=\/wp\/v2\/posts\/709727\/revisions"}],"predecessor-version":[{"id":709728,"href":"https:\/\/www.diarioimagen.net\/index.php?rest_route=\/wp\/v2\/posts\/709727\/revisions\/709728"}],"wp:attachment":[{"href":"https:\/\/www.diarioimagen.net\/index.php?rest_route=%2Fwp%2Fv2%2Fmedia&parent=709727"}],"wp:term":[{"taxonomy":"category","embeddable":true,"href":"https:\/\/www.diarioimagen.net\/index.php?rest_route=%2Fwp%2Fv2%2Fcategories&post=709727"},{"taxonomy":"post_tag","embeddable":true,"href":"https:\/\/www.diarioimagen.net\/index.php?rest_route=%2Fwp%2Fv2%2Ftags&post=709727"}],"curies":[{"name":"wp","href":"https:\/\/api.w.org\/{rel}","templated":true}]}}