{"id":709751,"date":"2026-03-02T21:22:26","date_gmt":"2026-03-03T03:22:26","guid":{"rendered":"https:\/\/www.diarioimagen.net\/?p=709751"},"modified":"2026-03-02T21:22:26","modified_gmt":"2026-03-03T03:22:26","slug":"sheinbaum-pardo-destaca-registro-de-22-5-millones-de-empleos-afiliados-al-imss","status":"publish","type":"post","link":"https:\/\/www.diarioimagen.net\/?p=709751","title":{"rendered":"Sheinbaum Pardo destaca  registro de 22.5 millones de  empleos afiliados al IMSS"},"content":{"rendered":"<ul>\n<li><strong>La cifra m\u00e1s alta para un mes de febrero<\/strong><\/li>\n<li><strong>Del total, el 87.4%, es decir, 19 millones 696 mil 739 empleos, son permanentes<\/strong><\/li>\n<\/ul>\n<p>&nbsp;<\/p>\n<div id=\"attachment_709752\" style=\"width: 415px\" class=\"wp-caption alignnone\"><img loading=\"lazy\" decoding=\"async\" aria-describedby=\"caption-attachment-709752\" class=\"wp-image-709752 size-large\" src=\"https:\/\/www.diarioimagen.net\/wp-content\/uploads\/2026\/03\/MANANERA-ok-1-405x270.jpg\" alt=\"\" width=\"405\" height=\"270\" srcset=\"https:\/\/www.diarioimagen.net\/wp-content\/uploads\/2026\/03\/MANANERA-ok-1-405x270.jpg 405w, https:\/\/www.diarioimagen.net\/wp-content\/uploads\/2026\/03\/MANANERA-ok-1-240x160.jpg 240w, https:\/\/www.diarioimagen.net\/wp-content\/uploads\/2026\/03\/MANANERA-ok-1-768x512.jpg 768w, https:\/\/www.diarioimagen.net\/wp-content\/uploads\/2026\/03\/MANANERA-ok-1.jpg 1500w\" sizes=\"auto, (max-width: 405px) 100vw, 405px\" \/><p id=\"caption-attachment-709752\" class=\"wp-caption-text\">Claudia Sheinbaum Pardo inform\u00f3 que, al 28 de febrero de 2026, se registraron 22 millones 527 mil 854 puestos de trabajo afiliados al IMSS, cifra m\u00e1xima para un mes de febrero.<\/p><\/div>\n<p>La Presidenta de M\u00e9xico, Claudia Sheinbaum Pardo, inform\u00f3 que, al 28 de febrero de 2026, se registraron 22 millones 527 mil 854 puestos de trabajo afiliados al Instituto Mexicano del Seguro Social (IMSS), cifra m\u00e1xima para un mes de febrero, la quinta m\u00e1s alta del pa\u00eds. Adem\u00e1s, resalt\u00f3 que tan solo en febrero se crearon 157 mil 882 puestos.<\/p>\n<p>\u201cHay muy buenas noticias del cierre del empleo en febrero (&#8230;) Son 157 mil 882 nuevos empleos en febrero, sin considerar plataformas digitales. Entonces es un muy buen dato de la econom\u00eda, lo que m\u00e1s nos importa no solo es el crecimiento econ\u00f3mico, sino m\u00e1s empleos mejor remunerados. Entonces, es muy buena noticia para el pa\u00eds\u201d, agreg\u00f3 en la conferencia matutina \u201cLas ma\u00f1aneras del pueblo\u201d.<\/p>\n<p>El director del IMSS, Zo\u00e9 Robledo Aburto, destac\u00f3 que, del total de puestos, en lo que va de 2026 se han generado 217 mil 299, mientras que, en los \u00faltimos 12 meses, 96 mil 923.<\/p>\n<p>En cuanto a la calidad del empleo, se\u00f1al\u00f3 que el salario base de cotizaci\u00f3n es de 665.6 pesos diarios, en los \u00faltimos 12 meses el salario increment\u00f3 en 46 pesos, lo que equivale a una tasa de 7.4 por ciento, el m\u00e1s alto del que se tenga registro.<\/p>\n<p>Agreg\u00f3 que, del total de puestos de trabajo, 87.4 por ciento son permanentes, lo que representa 19 millones 696 mil 739 empleos permanentes, que es la cifra m\u00e1s alta considerando solo los meses de febrero, adem\u00e1s de que 9 millones 29 mil 894 de los puestos de trabajo son ocupados por mujeres, con lo que este sector de la poblaci\u00f3n aporta 40.1 por ciento del empleo total.<\/p>\n<p>&nbsp;<\/p>\n<p>&nbsp;<\/p>\n<p><strong>\u00a0<\/strong><\/p>\n<p><strong>Conflicto en Medio Oriente no ha afectado econom\u00eda mexicana<\/strong><\/p>\n<p>&nbsp;<\/p>\n<p>Claudia Sheinbaum Pardo afirm\u00f3 que el bombardeo de Estados Unidose Israel contra Ir\u00e1n el\u00a0 fin de semana no ha representado hasta ahora problemas para la econom\u00eda mexicana.<\/p>\n<p>Se\u00f1al\u00f3 que el peso mexicano se ha mantenido frente al d\u00f3lar, e indic\u00f3 que como cada lunes, se reunir\u00eda con funcionarios de la Secretar\u00eda de Hacienda (SHCP) para evaluar esta situaci\u00f3n.<\/p>\n<p>\u00ab\u00bfM\u00e9xico est\u00e1 preparado para hacerle frente al precio del gas en condiciones de turbulencia econ\u00f3mica?\u00bb, se le pregunt\u00f3.<\/p>\n<p>\u00abEl peso se mantuvo, se revalu\u00f3 el d\u00f3lar y el peso se mantuvo. Est\u00e1 en 17.36 (pesos), est\u00e1 pues en el margen. Lleg\u00f3 a estar un poco m\u00e1s bajo, pero est\u00e1 est\u00e1 bien, no no habido problemas; el precio del petr\u00f3leo se elev\u00f3 como 10 d\u00f3lares m\u00e1s o menos el barril, poquito m\u00e1s y ustedes saben que frente a aumentos muy grandes en el precio del petr\u00f3leo, M\u00e9xico tiene ya determinado un esquema en donde baja el IEPS para que no suba el precio de la gasolina y que no se afecte la inflaci\u00f3n\u201d, dijo.<\/p>\n<p>\u00abEntonces, hoy en la ma\u00f1ana tengo reuni\u00f3n con Hacienda, todos los lunes en la ma\u00f1ana tengo reuni\u00f3n con la Secretar\u00eda de Hacienda y ah\u00ed vemos varios temas y entre otros, pues vamos a estar evaluando esto, pero hasta ahora no hay problema con nuestro pa\u00eds\u00bb, respondi\u00f3.<\/p>\n<p>&nbsp;<\/p>\n<p><strong>Sheinbaum se\u00f1ala \u00abp\u00e9rdida de fuerza\u00bb de la ONU<\/strong><\/p>\n<p>&nbsp;<\/p>\n<p>La titular del Ejecutivo federal consider\u00f3 que la Organizaci\u00f3n de Naciones Unidas (ONU) dej\u00f3 de cumplir su labor. \u00abLo que estamos viviendo ahora es que esta organizaci\u00f3n ha perdido fuerza paulatinamente por eso se tiene que recuperar el papel de la pol\u00edtica democr\u00e1tica mundial\u00bb.<\/p>\n<p>\u201cNo es ya un asunto de que uno no est\u00e1 de acuerdo con un r\u00e9gimen, pero el bombardeo de una escuela de ni\u00f1as&#8230; Por eso la postura de M\u00e9xico es buscar la soluci\u00f3n pac\u00edfica de los conflictos. Adem\u00e1s, como parte de sus principios de pol\u00edtica exterior se reivindica el derecho de la autodeterminaci\u00f3n de los pueblos porque si en alg\u00fan pa\u00eds hay una violaci\u00f3n a los derechos humanos, existen mecanismos multinacionales para buscar el respeto a estas garant\u00edas\u00bb, dijo.<\/p>\n<p>Sin embargo, a pregunta expresa destac\u00f3 que la celebraci\u00f3n de un mundial en estas condiciones podr\u00e1 continuar pero eso corresponde a otras instancias.<\/p>\n<p>&nbsp;<\/p>\n<p>&nbsp;<\/p>\n<p><strong>\u201cOperativo en Jalisco no fue por aprobaci\u00f3n\u201d<\/strong><\/p>\n<p>&nbsp;<\/p>\n<p>Al reivindicar la acci\u00f3n contra Nemesio Oseguera Cervantes,\u00a0 l\u00edder del C\u00e1rtel Jalisco Nueva Generaci\u00f3n (CJNG), \u201cEl Mencho\u201d, la presidenta Claudia Sheinbaum Pardo se\u00f1al\u00f3 que este tipo de decisiones se toman no por aprobaci\u00f3n, sino para atender a la ciudadan\u00eda.<\/p>\n<p>Reconoci\u00f3 la labor de las fuerzas armadas en ese despliegue, \u201cporque son quienes ponen la vida en riesgo\u201d. Y remarc\u00f3 que en este tipo de operativos no se trata de construir una narrativa de construcci\u00f3n de la guerra.<\/p>\n<p>Interrogada en torno a una encuesta en la que m\u00e1s de 80 por ciento de las personas consultadas se dijo en favor del operativo del domingo 22 de febrero en Tapalpa, Jalisco, la mandataria federal acot\u00f3:<\/p>\n<p>\u201cUno toma decisiones no por aprobaci\u00f3n o desaprobaci\u00f3n, uno toma decisiones responsables y busca siempre atender a la gente, eso es lo m\u00e1s importante\u201d.<\/p>\n<p>La jefa del Ejecutivo federal plante\u00f3 que su administraci\u00f3n tiene alrededor de un 70 por ciento de aprobaci\u00f3n entre la ciudadan\u00eda. \u201cPero creo que en este caso (de El Mencho) el reconocimiento a las fuerzas armadas es muy importante, muy importante. Porque son los que ponen la vida en riesgo en una situaci\u00f3n como \u00e9sta\u201d.<\/p>\n<p>Insisti\u00f3 en que el objetivo de su gobierno es buscar \u201csiempre\u201d la paz.<\/p>\n<p>\u201cSi se da una situaci\u00f3n en una detenci\u00f3n como la que se dio el pasado domingo, se atiende de acuerdo a la ley, al uso racional de la fuerza, pero el objetivo es siempre la b\u00fasqueda de la paz, no es la construcci\u00f3n de la guerra. Eso muy distinto\u201d.<\/p>\n<p>&nbsp;<\/p>\n<p>&nbsp;<\/p>\n<p><strong>\u00a0<\/strong><\/p>\n","protected":false},"excerpt":{"rendered":"<p>La cifra m\u00e1s alta para un mes de febrero Del total, el 87.4%, es decir, 19 millones 696 mil 739 empleos, son permanentes &nbsp; La Presidenta de M\u00e9xico, Claudia Sheinbaum Pardo, inform\u00f3 que, al 28 de febrero de 2026, se registraron 22 millones 527 mil 854 puestos de trabajo afiliados al Instituto Mexicano del Seguro [&hellip;]<\/p>\n","protected":false},"author":14,"featured_media":709752,"comment_status":"open","ping_status":"open","sticky":false,"template":"","format":"standard","meta":{"_monsterinsights_skip_tracking":false,"_monsterinsights_sitenote_active":false,"_monsterinsights_sitenote_note":"","_monsterinsights_sitenote_category":0,"footnotes":""},"categories":[3],"tags":[],"class_list":["post-709751","post","type-post","status-publish","format-standard","has-post-thumbnail","hentry","category-nacional"],"_links":{"self":[{"href":"https:\/\/www.diarioimagen.net\/index.php?rest_route=\/wp\/v2\/posts\/709751","targetHints":{"allow":["GET"]}}],"collection":[{"href":"https:\/\/www.diarioimagen.net\/index.php?rest_route=\/wp\/v2\/posts"}],"about":[{"href":"https:\/\/www.diarioimagen.net\/index.php?rest_route=\/wp\/v2\/types\/post"}],"author":[{"embeddable":true,"href":"https:\/\/www.diarioimagen.net\/index.php?rest_route=\/wp\/v2\/users\/14"}],"replies":[{"embeddable":true,"href":"https:\/\/www.diarioimagen.net\/index.php?rest_route=%2Fwp%2Fv2%2Fcomments&post=709751"}],"version-history":[{"count":1,"href":"https:\/\/www.diarioimagen.net\/index.php?rest_route=\/wp\/v2\/posts\/709751\/revisions"}],"predecessor-version":[{"id":709753,"href":"https:\/\/www.diarioimagen.net\/index.php?rest_route=\/wp\/v2\/posts\/709751\/revisions\/709753"}],"wp:featuredmedia":[{"embeddable":true,"href":"https:\/\/www.diarioimagen.net\/index.php?rest_route=\/wp\/v2\/media\/709752"}],"wp:attachment":[{"href":"https:\/\/www.diarioimagen.net\/index.php?rest_route=%2Fwp%2Fv2%2Fmedia&parent=709751"}],"wp:term":[{"taxonomy":"category","embeddable":true,"href":"https:\/\/www.diarioimagen.net\/index.php?rest_route=%2Fwp%2Fv2%2Fcategories&post=709751"},{"taxonomy":"post_tag","embeddable":true,"href":"https:\/\/www.diarioimagen.net\/index.php?rest_route=%2Fwp%2Fv2%2Ftags&post=709751"}],"curies":[{"name":"wp","href":"https:\/\/api.w.org\/{rel}","templated":true}]}}