{"id":709815,"date":"2026-03-02T21:53:27","date_gmt":"2026-03-03T03:53:27","guid":{"rendered":"https:\/\/www.diarioimagen.net\/?p=709815"},"modified":"2026-03-02T21:53:27","modified_gmt":"2026-03-03T03:53:27","slug":"mexico-impulsa-su-estrategia-de-conectividad-y-promocion-turistica-en-convencion-itb-berlin","status":"publish","type":"post","link":"https:\/\/www.diarioimagen.net\/?p=709815","title":{"rendered":"M\u00e9xico impulsa su estrategia  de conectividad y promoci\u00f3n  tur\u00edstica en Convenci\u00f3n ITB Berl\u00edn"},"content":{"rendered":"<ul>\n<li><strong>Del 3 al 5 de marzo<\/strong><\/li>\n<li><strong>Agenda enfocada en promoci\u00f3n, conectividad a\u00e9rea, inversi\u00f3n y cooperaci\u00f3n internacional <\/strong><\/li>\n<\/ul>\n<div id=\"attachment_709816\" style=\"width: 370px\" class=\"wp-caption alignnone\"><img loading=\"lazy\" decoding=\"async\" aria-describedby=\"caption-attachment-709816\" class=\"wp-image-709816 size-large\" src=\"https:\/\/www.diarioimagen.net\/wp-content\/uploads\/2026\/03\/SECTUR-ok-360x270.jpg\" alt=\"\" width=\"360\" height=\"270\" srcset=\"https:\/\/www.diarioimagen.net\/wp-content\/uploads\/2026\/03\/SECTUR-ok-360x270.jpg 360w, https:\/\/www.diarioimagen.net\/wp-content\/uploads\/2026\/03\/SECTUR-ok-240x180.jpg 240w, https:\/\/www.diarioimagen.net\/wp-content\/uploads\/2026\/03\/SECTUR-ok-768x576.jpg 768w, https:\/\/www.diarioimagen.net\/wp-content\/uploads\/2026\/03\/SECTUR-ok.jpg 1500w\" sizes=\"auto, (max-width: 360px) 100vw, 360px\" \/><p id=\"caption-attachment-709816\" class=\"wp-caption-text\">La subsecretaria del ramo Nathalie Desplas Puel encabezar\u00e1 las actividades de la delegaci\u00f3n de M\u00e9xico en representaci\u00f3n de la secretaria de Turismo, Josefina Rodr\u00edguez Zamora.<\/p><\/div>\n<p>&nbsp;<\/p>\n<p>M\u00e9xico participar\u00e1 en la pr\u00f3xima edici\u00f3n de la ITB Berl\u00edn, que dar\u00e1 inicio este martes 3 de marzo en Alemania, con una agenda enfocada en promoci\u00f3n, conectividad a\u00e9rea, inversi\u00f3n y cooperaci\u00f3n internacional, como parte de su estrategia para consolidar su presencia en el mercado europeo.<\/p>\n<p>En representaci\u00f3n de la secretaria de Turismo, Josefina Rodr\u00edguez Zamora, la subsecretaria del ramo Nathalie Desplas Puel encabezar\u00e1 las actividades de la delegaci\u00f3n, acompa\u00f1ada por el embajador de M\u00e9xico en Alemania, Francisco Quiroga, en representaci\u00f3n de la Secretar\u00eda de Relaciones Exteriores (SRE).<\/p>\n<p>Como parte de la agenda previa al inicio de la feria, la delegaci\u00f3n mexicana asisti\u00f3 este lunes 2 de marzo a la Cumbre de Ministros de Turismo de ONU Turismo, donde se sostuvieron encuentros con titulares de entidades tur\u00edsticas nacionales y l\u00edderes del sector privado.<\/p>\n<p>En dicha Cumbre, la subsecretaria Desplas destac\u00f3 que la participaci\u00f3n de M\u00e9xico en este tipo de ferias internacionales forma parte de una agenda integral de promoci\u00f3n, orientada a posicionar al pa\u00eds en mercados estrat\u00e9gicos, diversificar flujos tur\u00edsticos y generar mayores beneficios para las comunidades locales.<\/p>\n<p>\u201cEuropa es un socio estrat\u00e9gico para M\u00e9xico, no s\u00f3lo por su volumen de viajeros, sino por el perfil de turismo cultural, sostenible y de alto valor que representa. En esta edici\u00f3n de la ITB Berl\u00edn, venimos a consolidar relaciones de largo plazo y a demostrar que M\u00e9xico est\u00e1 preparado para responder a un mercado cada vez m\u00e1s exigente, con calidad, profesionalizaci\u00f3n y una oferta diversificada\u201d, afirm\u00f3 la subsecretaria.<\/p>\n<p>En su oportunidad, el embajador de M\u00e9xico en Alemania, Francisco Quiroga, coincidi\u00f3 en que la presencia de las y los protagonistas del turismo mundial en la ITB Berl\u00edn confirma el potencial del sector. El desaf\u00edo ahora es garantizar un acceso efectivo al mercado internacional.<\/p>\n<p>Durante la feria se llevar\u00e1 a cabo la inauguraci\u00f3n del Pabell\u00f3n M\u00e9xico, con la presencia de autoridades diplom\u00e1ticas y tur\u00edsticas, as\u00ed como del estado de Chihuahua y del destino Los Cabos, quienes presentar\u00e1n su riqueza natural, patrimonio cultural, gastronom\u00eda, experiencias comunitarias y segmentos especializados.<\/p>\n<p>De manera coordinada, la Secretar\u00eda de Turismo (Sectur) y la Secretar\u00eda de Relaciones Exteriores (SRE) atender\u00e1n encuentros de alto nivel, en los que se abordar\u00e1n oportunidades de cooperaci\u00f3n internacional, sostenibilidad y fortalecimiento institucional del sector.<\/p>\n<p>En materia de conectividad, se desarrollar\u00e1 una sesi\u00f3n de trabajo con el equipo regional de Aerom\u00e9xico. Actualmente, se operan m\u00e1s de 60 vuelos mensuales desde M\u00fanich y Frankfurt hacia la Ciudad de M\u00e9xico, Canc\u00fan y Los Cabos, fortaleciendo el intercambio tur\u00edstico entre ambos pa\u00edses. Destaca particularmente la conectividad de Canc\u00fan, que enlaza con las 16 sedes de la Copa Mundial de F\u00fatbol 2026.<\/p>\n<p>Con esta participaci\u00f3n, el Gobierno de M\u00e9xico refrenda su compromiso con el crecimiento sostenido del turismo como motor de prosperidad compartida, a trav\u00e9s de una estrategia de diplomacia p\u00fablica y tur\u00edstica que posiciona al pa\u00eds como un destino competitivo, sostenible y abierto al mundo.<\/p>\n<p><strong>\u00a0<\/strong><\/p>\n<p>&nbsp;<\/p>\n<p>&nbsp;<\/p>\n<p>&nbsp;<\/p>\n<p>&nbsp;<\/p>\n","protected":false},"excerpt":{"rendered":"<p>Del 3 al 5 de marzo Agenda enfocada en promoci\u00f3n, conectividad a\u00e9rea, inversi\u00f3n y cooperaci\u00f3n internacional &nbsp; M\u00e9xico participar\u00e1 en la pr\u00f3xima edici\u00f3n de la ITB Berl\u00edn, que dar\u00e1 inicio este martes 3 de marzo en Alemania, con una agenda enfocada en promoci\u00f3n, conectividad a\u00e9rea, inversi\u00f3n y cooperaci\u00f3n internacional, como parte de su estrategia para [&hellip;]<\/p>\n","protected":false},"author":14,"featured_media":709816,"comment_status":"open","ping_status":"open","sticky":false,"template":"","format":"standard","meta":{"_monsterinsights_skip_tracking":false,"_monsterinsights_sitenote_active":false,"_monsterinsights_sitenote_note":"","_monsterinsights_sitenote_category":0,"footnotes":""},"categories":[11],"tags":[],"class_list":["post-709815","post","type-post","status-publish","format-standard","has-post-thumbnail","hentry","category-turismo"],"_links":{"self":[{"href":"https:\/\/www.diarioimagen.net\/index.php?rest_route=\/wp\/v2\/posts\/709815","targetHints":{"allow":["GET"]}}],"collection":[{"href":"https:\/\/www.diarioimagen.net\/index.php?rest_route=\/wp\/v2\/posts"}],"about":[{"href":"https:\/\/www.diarioimagen.net\/index.php?rest_route=\/wp\/v2\/types\/post"}],"author":[{"embeddable":true,"href":"https:\/\/www.diarioimagen.net\/index.php?rest_route=\/wp\/v2\/users\/14"}],"replies":[{"embeddable":true,"href":"https:\/\/www.diarioimagen.net\/index.php?rest_route=%2Fwp%2Fv2%2Fcomments&post=709815"}],"version-history":[{"count":1,"href":"https:\/\/www.diarioimagen.net\/index.php?rest_route=\/wp\/v2\/posts\/709815\/revisions"}],"predecessor-version":[{"id":709817,"href":"https:\/\/www.diarioimagen.net\/index.php?rest_route=\/wp\/v2\/posts\/709815\/revisions\/709817"}],"wp:featuredmedia":[{"embeddable":true,"href":"https:\/\/www.diarioimagen.net\/index.php?rest_route=\/wp\/v2\/media\/709816"}],"wp:attachment":[{"href":"https:\/\/www.diarioimagen.net\/index.php?rest_route=%2Fwp%2Fv2%2Fmedia&parent=709815"}],"wp:term":[{"taxonomy":"category","embeddable":true,"href":"https:\/\/www.diarioimagen.net\/index.php?rest_route=%2Fwp%2Fv2%2Fcategories&post=709815"},{"taxonomy":"post_tag","embeddable":true,"href":"https:\/\/www.diarioimagen.net\/index.php?rest_route=%2Fwp%2Fv2%2Ftags&post=709815"}],"curies":[{"name":"wp","href":"https:\/\/api.w.org\/{rel}","templated":true}]}}