{"id":709879,"date":"2026-03-02T22:20:31","date_gmt":"2026-03-03T04:20:31","guid":{"rendered":"https:\/\/www.diarioimagen.net\/?p=709879"},"modified":"2026-03-02T22:20:31","modified_gmt":"2026-03-03T04:20:31","slug":"alcaldes-de-todos-los-partidos-se-blindan-contra-el-narco-y-el-crimen-organizado","status":"publish","type":"post","link":"https:\/\/www.diarioimagen.net\/?p=709879","title":{"rendered":"Alcaldes de todos los partidos se blindan  contra el \u201cnarco\u201d y el crimen organizado"},"content":{"rendered":"<p>&nbsp;<\/p>\n<p>&nbsp;<\/p>\n<p><strong>\u00a0<\/strong><\/p>\n<p><strong>TRAS LA PUERTA DEL PODER Roberto Vizca\u00edno<\/strong><\/p>\n<p><strong>\u00a0<\/strong><\/p>\n<p><strong>\u00a0<\/strong><\/p>\n<p>&nbsp;<\/p>\n<p>&nbsp;<\/p>\n<p>Enfrentados a asedios, extorsiones, amenazas y ejecuciones arteras por parte de c\u00e1rteles y enclaves del crimen organizado en todo el pa\u00eds, los alcaldes de 21 ciudades capitales de M\u00e9xico se han blindado mediante su unidad e intercambio de experiencias e informaci\u00f3n.<\/p>\n<p>Integrados en la\u00a0<strong>Asociaci\u00f3n de Ciudades Capitales de M\u00e9xico, la ACCM, encabezados por Javier D\u00cdaz Gonz\u00e1lez<\/strong>, alcalde de Saltillo, la XVI Plenaria incluy\u00f3 adem\u00e1s a:<\/p>\n<p><strong>Jos\u00e9 Luis Uriostegui,<\/strong>\u00a0de Cuernavaca;\u00a0<strong>Yolanda Osuna,<\/strong>\u00a0de Villahermosa;\u00a0<strong>Marco Antonio Bonilla,<\/strong>\u00a0de Chihuahua;\u00a0<strong>Enrique Galindo Francisco,<\/strong>\u00a0de San Luis Potos\u00ed;<strong>Cecilia Patr\u00f3n Laviada,<\/strong>\u00a0de M\u00e9rida;\u00a0<strong>Samantha Smith,<\/strong>\u00a0de Guanajuato;\u00a0<strong>Raymundo Chagoya,<\/strong>\u00a0de Oaxaca;\u00a0<strong>Jos\u00e9 Antonio Ochoa<\/strong>, de Durango y\u00a0<strong>Riult Rivera, <\/strong>de\u00a0Colima acompa\u00f1ados por:<\/p>\n<p>Su secretario t\u00e9cnico,<strong>\u00a0Adan Larracilla M\u00e1rquez<\/strong>\u00a0y representantes de Campeche, Guadalajara, Mexicali, Hermosillo, La Paz-BCS, Puebla, Chetumal, Morelia, M\u00e9rida, Mexicali Quer\u00e9taro, La Paz, Toluca, Tepic, Tlaxcala, Toluca y Zacatecas.<\/p>\n<p>Al encuentro no acudieron los alcaldes ni representantes de Aguascalientes, Ciudad Victoria, Chilpancingo, Culiac\u00e1n, Monterrey, Pachuca, Quer\u00e9taro, Tuxtla y Xalapa que no est\u00e1n afiliados a la ACCM.<\/p>\n<p><strong>D\u00cdaz Gonz\u00e1lez<\/strong>\u00a0consider\u00f3 que M\u00e9xico vive una nueva coyuntura en seguridad a partir del operativo en que se captur\u00f3 y abati\u00f3 a\u00a0<strong>Nemesio Oseguera<\/strong>,\u00a0<strong><em>El Mencho<\/em><\/strong>, que gener\u00f3 una fuerte reacci\u00f3n de sus jefes de plaza y sicarios que permiti\u00f3, a su vez, una respuesta unitaria de los alcaldes y as\u00ed disminuir el impacto social de estos ataques.<\/p>\n<p>Los 20 alcaldes restantes que integran la ACCM reaccionaron en unidad dijo y se pusieron en contacto con la alcaldesa de Guadalajara Ver\u00f3nica Delgadillo para sumar recursos, experiencias e infraestructura y as\u00ed poner a su disposici\u00f3n en lo posible todo aquello que le hiciera falta para dar una respuesta a los hechos.<\/p>\n<p>\u201cTuvimos una muestra de nuestra unidad\u2026 qued\u00f3 claro que nosotros los alcaldes vivimos, estamos en la l\u00ednea frontal de la lucha de la seguridad\u2026 estamos atentos, cuidadosos, no bajamos la guardia, estamos bien coordinados, intercambiamos experiencias\u2026 Saltillo, Hermosillo, Chihuahua, San Luis Potos\u00ed y otras capitales son ya un gran ejemplo de c\u00f3mo avanzar en materia de seguridad p\u00fablica en el pa\u00eds para dar una respuesta unitaria a c\u00e1rteles y delincuencia organizada\u201d, indic\u00f3.<\/p>\n<p>Esta respuesta coordinada -agregaron otros alcaldes-, se extiende no s\u00f3lo a su blindaje personal ante acciones de la delincuencia para evitar ataques como el sufrido por el alcalde Carlos Manzo, en Uruapan, sino en la aplicaci\u00f3n proyecto de beneficio social y ciudadano, y en la eficiencia y clarificaci\u00f3n de la aplicaci\u00f3n de presupuestos.<\/p>\n<p>Se busca, indicaron, fortalecer el sistema nacional anticorrupci\u00f3n, sistema que se replica en los estados y en los municipios:<\/p>\n<p>\u201c\u2026 tenemos auditor\u00edas permanentes locales, estatales, federales y un intercambiamos de informaci\u00f3n y nos apegamos a la norma para la rendici\u00f3n de cuentas y la transparencia\u201d.<\/p>\n<p>Plural, con alcaldes surgidos de pr\u00e1cticamente todas las fuerzas pol\u00edticas, la ACCM dice que \u201cun pilar fundamental de esta asociaci\u00f3n es la diversidad ideol\u00f3gica y pol\u00edtica\u2026 todos nos enfrentamos a los mismos desaf\u00edos, tenemos las mismas preocupaciones, independientemente de nuestras filiaciones partidistas, de nuestras ideolog\u00edas, debemos dar resultados a nuestros ciudadanos, responder a las mismas amenazas\u201d.<\/p>\n<p>&nbsp;<\/p>\n<p><strong>PT de plano no va con Sheinbaum<\/strong><\/p>\n<p>&nbsp;<\/p>\n<p>A unas horas de que la presidenta\u00a0<strong>Claudia Sheinbaum Pardo<\/strong>\u00a0enviara su iniciativa de reforma electoral al Congreso -igual la esperaban la tarde ayer en Senado que en C\u00e1mara de Diputados-, la Comisi\u00f3n Ejecutiva Nacional del PT dej\u00f3 en claro que este partido no va con esta reforma.<\/p>\n<p>En encuentro dominguero esta comisi\u00f3n del PT concluy\u00f3 que\u00a0<strong>sus senadores y diputados<\/strong>\u00a0no avalar\u00e1n \u201cninguna regresi\u00f3n que atente contra la democracia en el pa\u00eds\u201d.<\/p>\n<p>La consideraci\u00f3n de que esta reforma es regresiva y antidemocr\u00e1tica la expresaron los petistas a trav\u00e9s de varios comunicados distribuidos por redes sociales en los que adem\u00e1s se consider\u00f3 la electoral de Sheinbaum como una regresi\u00f3n a los avances democr\u00e1ticos alcanzados por las izquierdas y en el sistema de partidos.<\/p>\n<p>\u201c\u00a1No permitiremos ning\u00fan retroceso democr\u00e1tico en M\u00e9xico!\u201d, advierte el comunicado.<\/p>\n<p>A\u00fan a la expectativa, en espera del texto de la iniciativa, el Partido Verde Ecologista aguardaba que esta propuesta fuese entregada al Senado o a la C\u00e1mara de Diputados para pronunciarse.<\/p>\n<p>Sin embargo, varios de sus legisladores han expresado ya su intenci\u00f3n de votar en contra la reforma que, afirman al igual que los petistas, representar\u00eda un regreso de entre 40 y 50 a\u00f1os en la vida democr\u00e1tica del pa\u00eds.<\/p>\n<p>Los 10 puntos presentados ya por la presidenta\u00a0<strong>Sheinbaum Pardo<\/strong>\u00a0advierten que votar a favor de su iniciativa ser\u00eda avalar el fin de senadores y diputados plurinominales, un recorte draconiano al financiamiento p\u00fablico y el ahogamiento del INE y otros muchos cambios que van directo al fin del avance democr\u00e1tico y electoral alcanzado durante al menos de 1990 a la fecha.<\/p>\n<p>El PT indic\u00f3 que los avances democr\u00e1ticos conquistados con las reformas de 1977 y 1996 fueron producto de \u201cinnumerables luchas, represiones, encarcelamientos, desapariciones e incluso levantamientos armados\u201d que hoy deben ser reconocidos y defendidos porque garantizan pluralidad pol\u00edtica y reconocimiento a la participaci\u00f3n de las minor\u00edas.<\/p>\n<p>\u201cDecimos no al regreso del viejo partido de Estado que domin\u00f3 M\u00e9xico de 1929 a 2018. Lucharemos por preservar la pluralidad pol\u00edtica y evitar la desaparici\u00f3n del sistema de partidos en nuestro pa\u00eds\u201d, concluyeron los petistas.<\/p>\n<p>De mantenerse en este rechazo, la reforma electoral de\u00a0<strong>AMLO-Sheinbaum Pardo<\/strong>\u00a0nace muerta.<\/p>\n<p>&nbsp;<\/p>\n<p>Twitter: @_Vizcaino \/ Facebook<\/p>\n<p>\/\u00a0<a href=\"https:\/\/www.facebook.com\/rvizcainoa\">https:\/\/www.facebook.com\/rvizcainoa<\/a><\/p>\n<p>&nbsp;<\/p>\n","protected":false},"excerpt":{"rendered":"<p>&nbsp; &nbsp; \u00a0 TRAS LA PUERTA DEL PODER Roberto Vizca\u00edno \u00a0 \u00a0 &nbsp; &nbsp; Enfrentados a asedios, extorsiones, amenazas y ejecuciones arteras por parte de c\u00e1rteles y enclaves del crimen organizado en todo el pa\u00eds, los alcaldes de 21 ciudades capitales de M\u00e9xico se han blindado mediante su unidad e intercambio de experiencias e informaci\u00f3n. [&hellip;]<\/p>\n","protected":false},"author":14,"featured_media":0,"comment_status":"open","ping_status":"open","sticky":false,"template":"","format":"standard","meta":{"_monsterinsights_skip_tracking":false,"_monsterinsights_sitenote_active":false,"_monsterinsights_sitenote_note":"","_monsterinsights_sitenote_category":0,"footnotes":""},"categories":[4,136],"tags":[],"class_list":["post-709879","post","type-post","status-publish","format-standard","hentry","category-opinion","category-roberto-vizcaino-opinion"],"_links":{"self":[{"href":"https:\/\/www.diarioimagen.net\/index.php?rest_route=\/wp\/v2\/posts\/709879","targetHints":{"allow":["GET"]}}],"collection":[{"href":"https:\/\/www.diarioimagen.net\/index.php?rest_route=\/wp\/v2\/posts"}],"about":[{"href":"https:\/\/www.diarioimagen.net\/index.php?rest_route=\/wp\/v2\/types\/post"}],"author":[{"embeddable":true,"href":"https:\/\/www.diarioimagen.net\/index.php?rest_route=\/wp\/v2\/users\/14"}],"replies":[{"embeddable":true,"href":"https:\/\/www.diarioimagen.net\/index.php?rest_route=%2Fwp%2Fv2%2Fcomments&post=709879"}],"version-history":[{"count":1,"href":"https:\/\/www.diarioimagen.net\/index.php?rest_route=\/wp\/v2\/posts\/709879\/revisions"}],"predecessor-version":[{"id":709880,"href":"https:\/\/www.diarioimagen.net\/index.php?rest_route=\/wp\/v2\/posts\/709879\/revisions\/709880"}],"wp:attachment":[{"href":"https:\/\/www.diarioimagen.net\/index.php?rest_route=%2Fwp%2Fv2%2Fmedia&parent=709879"}],"wp:term":[{"taxonomy":"category","embeddable":true,"href":"https:\/\/www.diarioimagen.net\/index.php?rest_route=%2Fwp%2Fv2%2Fcategories&post=709879"},{"taxonomy":"post_tag","embeddable":true,"href":"https:\/\/www.diarioimagen.net\/index.php?rest_route=%2Fwp%2Fv2%2Ftags&post=709879"}],"curies":[{"name":"wp","href":"https:\/\/api.w.org\/{rel}","templated":true}]}}