{"id":709920,"date":"2026-03-03T19:27:08","date_gmt":"2026-03-04T01:27:08","guid":{"rendered":"https:\/\/www.diarioimagen.net\/?p=709920"},"modified":"2026-03-03T19:27:08","modified_gmt":"2026-03-04T01:27:08","slug":"la-alcaldesa-azucena-cisneros-ratifica-su-compromiso-con-los-seres-sintientes","status":"publish","type":"post","link":"https:\/\/www.diarioimagen.net\/?p=709920","title":{"rendered":"La alcaldesa Azucena Cisneros ratifica  su compromiso con los seres sintientes"},"content":{"rendered":"<ul>\n<li><strong>Presentan ambulancias veterinarias y veh\u00edculo canino<\/strong><\/li>\n<\/ul>\n<p><strong>\u00a0<\/strong><\/p>\n<p><strong>\u00a0<\/strong><\/p>\n<div id=\"attachment_709921\" style=\"width: 458px\" class=\"wp-caption alignnone\"><img loading=\"lazy\" decoding=\"async\" aria-describedby=\"caption-attachment-709921\" class=\"wp-image-709921 size-large\" src=\"https:\/\/www.diarioimagen.net\/wp-content\/uploads\/2026\/03\/BAENA-2-ok-2-448x270.jpg\" alt=\"\" width=\"448\" height=\"270\" srcset=\"https:\/\/www.diarioimagen.net\/wp-content\/uploads\/2026\/03\/BAENA-2-ok-2-448x270.jpg 448w, https:\/\/www.diarioimagen.net\/wp-content\/uploads\/2026\/03\/BAENA-2-ok-2-240x145.jpg 240w, https:\/\/www.diarioimagen.net\/wp-content\/uploads\/2026\/03\/BAENA-2-ok-2-768x463.jpg 768w, https:\/\/www.diarioimagen.net\/wp-content\/uploads\/2026\/03\/BAENA-2-ok-2.jpg 1500w\" sizes=\"auto, (max-width: 448px) 100vw, 448px\" \/><p id=\"caption-attachment-709921\" class=\"wp-caption-text\">La alcaldesa Azucena Cisneros Coss supervis\u00f3 en el Centro de Control y Bienestar Animal de Ecatepec las unidades m\u00e9dicas, que cuentan con quir\u00f3fano, jaulas de cirug\u00eda, sistema de ox\u00edgeno y refrigerador m\u00e9dico.<\/p><\/div>\n<p>&nbsp;<\/p>\n<p>Ecatepec, M\u00e9x.- Azucena Cisneros Coss tiene un gran compromiso con los seres sintientes, por lo que present\u00f3 dos ambulancias veterinarias y un veh\u00edculo canino que servir\u00e1n para el rescate y atenci\u00f3n de perritos y gatitos en el municipio.<\/p>\n<p>&nbsp;<\/p>\n<p>En el Centro de Control y Bienestar Animal de Ecatepec, la alcaldesa supervis\u00f3 las unidades m\u00e9dicas, que cuentan con quir\u00f3fano, jaulas de cirug\u00eda, sistema de ox\u00edgeno y refrigerador m\u00e9dico.<\/p>\n<p>&nbsp;<\/p>\n<p>Mientras que el veh\u00edculo canino tiene capacidad para 12 jaulas y servir\u00e1 para el rescate y traslado seguro de los animales. Cisneros Coss se\u00f1al\u00f3: \u201cmiren\u00a0 son ambulancias caninas que ya llegaron y que nos van a ayudar para que podamos agilizar y eso nos va a permitir hacer una din\u00e1mica de Jornadas de Esterilizaci\u00f3n\u201d, dijo.<\/p>\n<p>&nbsp;<\/p>\n<p>Asegur\u00f3 que pr\u00f3ximamente anunciar\u00e1 \u201cun proyecto maravilloso\u201d y destac\u00f3 que existe un equipo de universitarios que fueron capacitados para cuidar y prevenir el maltrato hacia los seres sintientes.<\/p>\n<p>&nbsp;<\/p>\n<p>El Centro de Control y Bienestar Animal de Ecatepec ofrece los servicios de consulta veterinaria, vacunaci\u00f3n antirr\u00e1bica, desparasitaci\u00f3n, tratamiento m\u00e9dico, esterilizaci\u00f3n canina y felina, resguardo de mascotas y campa\u00f1as de adopci\u00f3n, entre otros.<\/p>\n<p>&nbsp;<\/p>\n<p>&nbsp;<\/p>\n","protected":false},"excerpt":{"rendered":"<p>Presentan ambulancias veterinarias y veh\u00edculo canino \u00a0 \u00a0 &nbsp; Ecatepec, M\u00e9x.- Azucena Cisneros Coss tiene un gran compromiso con los seres sintientes, por lo que present\u00f3 dos ambulancias veterinarias y un veh\u00edculo canino que servir\u00e1n para el rescate y atenci\u00f3n de perritos y gatitos en el municipio. &nbsp; En el Centro de Control y Bienestar [&hellip;]<\/p>\n","protected":false},"author":14,"featured_media":709921,"comment_status":"open","ping_status":"open","sticky":false,"template":"","format":"standard","meta":{"_monsterinsights_skip_tracking":false,"_monsterinsights_sitenote_active":false,"_monsterinsights_sitenote_note":"","_monsterinsights_sitenote_category":0,"footnotes":""},"categories":[5],"tags":[],"class_list":["post-709920","post","type-post","status-publish","format-standard","has-post-thumbnail","hentry","category-estado-de-mexico"],"_links":{"self":[{"href":"https:\/\/www.diarioimagen.net\/index.php?rest_route=\/wp\/v2\/posts\/709920","targetHints":{"allow":["GET"]}}],"collection":[{"href":"https:\/\/www.diarioimagen.net\/index.php?rest_route=\/wp\/v2\/posts"}],"about":[{"href":"https:\/\/www.diarioimagen.net\/index.php?rest_route=\/wp\/v2\/types\/post"}],"author":[{"embeddable":true,"href":"https:\/\/www.diarioimagen.net\/index.php?rest_route=\/wp\/v2\/users\/14"}],"replies":[{"embeddable":true,"href":"https:\/\/www.diarioimagen.net\/index.php?rest_route=%2Fwp%2Fv2%2Fcomments&post=709920"}],"version-history":[{"count":1,"href":"https:\/\/www.diarioimagen.net\/index.php?rest_route=\/wp\/v2\/posts\/709920\/revisions"}],"predecessor-version":[{"id":709922,"href":"https:\/\/www.diarioimagen.net\/index.php?rest_route=\/wp\/v2\/posts\/709920\/revisions\/709922"}],"wp:featuredmedia":[{"embeddable":true,"href":"https:\/\/www.diarioimagen.net\/index.php?rest_route=\/wp\/v2\/media\/709921"}],"wp:attachment":[{"href":"https:\/\/www.diarioimagen.net\/index.php?rest_route=%2Fwp%2Fv2%2Fmedia&parent=709920"}],"wp:term":[{"taxonomy":"category","embeddable":true,"href":"https:\/\/www.diarioimagen.net\/index.php?rest_route=%2Fwp%2Fv2%2Fcategories&post=709920"},{"taxonomy":"post_tag","embeddable":true,"href":"https:\/\/www.diarioimagen.net\/index.php?rest_route=%2Fwp%2Fv2%2Ftags&post=709920"}],"curies":[{"name":"wp","href":"https:\/\/api.w.org\/{rel}","templated":true}]}}