{"id":709957,"date":"2026-03-03T20:14:53","date_gmt":"2026-03-04T02:14:53","guid":{"rendered":"https:\/\/www.diarioimagen.net\/?p=709957"},"modified":"2026-03-03T20:14:53","modified_gmt":"2026-03-04T02:14:53","slug":"entrega-masiva-de-libros-25-para-el-25-reune-a-2-mil-jovenes-en-alcaldia-iztapalapa","status":"publish","type":"post","link":"https:\/\/www.diarioimagen.net\/?p=709957","title":{"rendered":"Entrega masiva de libros  \u201c25 para el 25\u201d re\u00fane a 2 mil  j\u00f3venes en alcald\u00eda Iztapalapa"},"content":{"rendered":"<ul>\n<li><strong>Distribuyeron 4 mil ejemplares<\/strong><\/li>\n<\/ul>\n<p>&nbsp;<\/p>\n<div id=\"attachment_709958\" style=\"width: 419px\" class=\"wp-caption alignnone\"><img loading=\"lazy\" decoding=\"async\" aria-describedby=\"caption-attachment-709958\" class=\"wp-image-709958 size-large\" src=\"https:\/\/www.diarioimagen.net\/wp-content\/uploads\/2026\/03\/Captura-de-Pantalla-2026-03-03-a-las-20.12.57-409x270.png\" alt=\"\" width=\"409\" height=\"270\" srcset=\"https:\/\/www.diarioimagen.net\/wp-content\/uploads\/2026\/03\/Captura-de-Pantalla-2026-03-03-a-las-20.12.57-409x270.png 409w, https:\/\/www.diarioimagen.net\/wp-content\/uploads\/2026\/03\/Captura-de-Pantalla-2026-03-03-a-las-20.12.57-240x158.png 240w, https:\/\/www.diarioimagen.net\/wp-content\/uploads\/2026\/03\/Captura-de-Pantalla-2026-03-03-a-las-20.12.57-768x507.png 768w, https:\/\/www.diarioimagen.net\/wp-content\/uploads\/2026\/03\/Captura-de-Pantalla-2026-03-03-a-las-20.12.57-1536x1014.png 1536w, https:\/\/www.diarioimagen.net\/wp-content\/uploads\/2026\/03\/Captura-de-Pantalla-2026-03-03-a-las-20.12.57-2048x1352.png 2048w\" sizes=\"auto, (max-width: 409px) 100vw, 409px\" \/><p id=\"caption-attachment-709958\" class=\"wp-caption-text\">En la explanada de la UTOP\u00cdA Ixtapalcalli Quetzalc\u00f3atl, el Fondo de Cultura Econ\u00f3mica y la Secretar\u00eda de Cultura de la Ciudad de M\u00e9xico distribuyeron 4 mil libros de manera gratuita.<\/p><\/div>\n<p>&nbsp;<\/p>\n<p>Este martes, la UTOP\u00cdA Ixtapalcalli Quetzalc\u00f3atl reuni\u00f3 a 2 mil j\u00f3venes en una jornada donde la lectura fue protagonista. En ese espacio, la Secretar\u00eda de Cultura de la Ciudad de M\u00e9xico, en coordinaci\u00f3n con el Fondo de Cultura Econ\u00f3mica (FCE), realiz\u00f3 la entrega masiva de 4 mil ejemplares gratuitos de la colecci\u00f3n \u201c25 para el 25\u201d, un proyecto editorial sin precedentes dirigido a personas de entre 15 y 30 a\u00f1os que celebra y promueve la lectura.<\/p>\n<p>Durante su participaci\u00f3n, Ana Francis L\u00f3pez Bayghen Pati\u00f1o, secretaria de Cultura de la Ciudad de M\u00e9xico, comparti\u00f3 con el p\u00fablico asistente el poema \u201cDormir en tus brazos\u201d, recordando que los libros, y en especial la poes\u00eda, tambi\u00e9n pueden ser una forma de mostrar afecto.<\/p>\n<p>\u201cA m\u00ed la literatura me ha salvado innumerables veces en la vida. Cuando se muri\u00f3 mi mam\u00e1, cuando me corrieron de mi casa por ser lesbiana, cuando no me alcanzaba el dinero, cuando no entend\u00eda qu\u00e9 me estaba pasando en el coraz\u00f3n o en mi vocaci\u00f3n. Con la lectura ejercitas el cerebro y el coraz\u00f3n; el alma se ensancha, el esp\u00edritu crece. Por eso es bueno que est\u00e1n aqu\u00ed. Este proyecto pone un ejemplo mundial, porque mientras otros pa\u00edses lanzan bombas, M\u00e9xico regala libros\u201d, celebr\u00f3.<\/p>\n<p>El director general del Fondo de Cultura Econ\u00f3mica, Paco Ignacio Taibo II, expres\u00f3 su entusiasmo al encontrarse con un p\u00fablico mayoritariamente joven durante la jornada. Se\u00f1al\u00f3 que el promedio de edad era, en s\u00ed mismo, una se\u00f1al alentadora, pues reflejaba el anhelo de ver a nuevas generaciones reunidas en torno a los libros.<\/p>\n<p>\u201cM\u00e1s que formar lectores por decreto, lo que necesitamos es construir la curiosidad: que descubran que leer no es tan aburrido como a veces se dice, que no es solo una obligaci\u00f3n escolar para pasar un examen o conseguir un t\u00edtulo. Leer puede ser apasionante, divertido, transformador. Porque leer puede sacarnos de la tristeza, ayudarnos a entender mejor el mundo y recordarnos que un pa\u00eds cambia cuando cambian sus lectores. Lean, intercambien y comenten, ese es el siguiente paso\u201d, comparti\u00f3.<\/p>\n<p>Asimismo, subray\u00f3 que esta colecci\u00f3n, distribuida de manera gratuita en varios pa\u00edses de Am\u00e9rica Latina, representa uno de los mayores esfuerzos de fomento a la lectura en la regi\u00f3n. Un proyecto que tard\u00f3 a\u00f1os en construirse y que hoy coloca libros en manos j\u00f3venes como una apuesta para un mejor futuro.<\/p>\n<p>Por su parte, la alcaldesa de Iztapalapa, Aleida Alavez Ruiz, habl\u00f3 del orgullo de recibir esta entrega en una demarcaci\u00f3n que hist\u00f3ricamente ha sido descrita por sus retos, pero que tambi\u00e9n es territorio de creatividad y fuerza comunitaria.<\/p>\n<p>\u201cEsta colecci\u00f3n corrige silencios hist\u00f3ricos al reconocer la voz de las mujeres. Pensar en Sor Juana, defendiendo el derecho al conocimiento; en Gabriela Mistral, cuya poes\u00eda abri\u00f3 caminos; en Alfonsina Storni, quien convirti\u00f3 la sensibilidad en resistencia; o en Isabel Allende, cronista de la dignidad. Al entregar estos libros, afirmamos que el conocimiento es la herramienta m\u00e1s poderosa para transformar la realidad. En esta alcald\u00eda impulsamos programas que acercan el arte y la lectura en cada colonia, porque sabemos que cuando fortalecemos el tejido cultural, fortalecemos tambi\u00e9n el tejido social\u201d, se\u00f1al\u00f3.<\/p>\n<p>La din\u00e1mica fue sencilla: dos libros por persona. Dos oportunidades para descubrir historias, para compartirlas, para pasarlas de mano en mano. Porque si algo se repiti\u00f3 durante la tarde fue la invitaci\u00f3n a que los ejemplares no se queden cerrados, sino que circulen, que se comenten, que se vuelvan conversaci\u00f3n en casa, en la escuela, en redes y finalmente se intercambien.<\/p>\n<p>\u201cDesde que vi el anuncio del libro de Ala\u00edde Foppa sab\u00eda que era el que quer\u00eda. Al principio me toc\u00f3 uno de Garc\u00eda M\u00e1rquez, que tambi\u00e9n me encanta, pero ya lo ten\u00eda, as\u00ed que lo intercambi\u00e9 con una amiga para quedarme con el de Foppa. (&#8230;) Me parece una excelente idea que se regalen libros, porque la cultura es fundamental para que podamos pensar distinto y crecer\u201d, comparti\u00f3 Mariana, vecina de la alcald\u00eda Iztapalapa con su ejemplar en mano.<\/p>\n<p>Antes del acto protocolario, la banda comunitaria Gripa Rock, de la UTOP\u00cdA Atzintli, encendi\u00f3 la explanada con un show que convirti\u00f3 el espacio en un verdadero punto de encuentro. M\u00e1s tarde, Edwin Rold\u00e1n,\u00a0 colaborador del FCE, tom\u00f3 el micr\u00f3fono para leer poes\u00eda e invitar a las y los asistentes a compartir versos propios o de autoras y autores que admiran. Y cuando la conferencia lleg\u00f3 a su fin, DJ El Moreno cerr\u00f3 la jornada transformando el lugar en una pista de baile.<\/p>\n<p>&nbsp;<\/p>\n<p>&nbsp;<\/p>\n<p><strong>\u00a0<\/strong><\/p>\n<p>&nbsp;<\/p>\n<p>&nbsp;<\/p>\n<p>&nbsp;<\/p>\n<p>&nbsp;<\/p>\n<p>&nbsp;<\/p>\n","protected":false},"excerpt":{"rendered":"<p>Distribuyeron 4 mil ejemplares &nbsp; &nbsp; Este martes, la UTOP\u00cdA Ixtapalcalli Quetzalc\u00f3atl reuni\u00f3 a 2 mil j\u00f3venes en una jornada donde la lectura fue protagonista. En ese espacio, la Secretar\u00eda de Cultura de la Ciudad de M\u00e9xico, en coordinaci\u00f3n con el Fondo de Cultura Econ\u00f3mica (FCE), realiz\u00f3 la entrega masiva de 4 mil ejemplares gratuitos [&hellip;]<\/p>\n","protected":false},"author":14,"featured_media":709958,"comment_status":"open","ping_status":"open","sticky":false,"template":"","format":"standard","meta":{"_monsterinsights_skip_tracking":false,"_monsterinsights_sitenote_active":false,"_monsterinsights_sitenote_note":"","_monsterinsights_sitenote_category":0,"footnotes":""},"categories":[5],"tags":[],"class_list":["post-709957","post","type-post","status-publish","format-standard","has-post-thumbnail","hentry","category-estado-de-mexico"],"_links":{"self":[{"href":"https:\/\/www.diarioimagen.net\/index.php?rest_route=\/wp\/v2\/posts\/709957","targetHints":{"allow":["GET"]}}],"collection":[{"href":"https:\/\/www.diarioimagen.net\/index.php?rest_route=\/wp\/v2\/posts"}],"about":[{"href":"https:\/\/www.diarioimagen.net\/index.php?rest_route=\/wp\/v2\/types\/post"}],"author":[{"embeddable":true,"href":"https:\/\/www.diarioimagen.net\/index.php?rest_route=\/wp\/v2\/users\/14"}],"replies":[{"embeddable":true,"href":"https:\/\/www.diarioimagen.net\/index.php?rest_route=%2Fwp%2Fv2%2Fcomments&post=709957"}],"version-history":[{"count":1,"href":"https:\/\/www.diarioimagen.net\/index.php?rest_route=\/wp\/v2\/posts\/709957\/revisions"}],"predecessor-version":[{"id":709959,"href":"https:\/\/www.diarioimagen.net\/index.php?rest_route=\/wp\/v2\/posts\/709957\/revisions\/709959"}],"wp:featuredmedia":[{"embeddable":true,"href":"https:\/\/www.diarioimagen.net\/index.php?rest_route=\/wp\/v2\/media\/709958"}],"wp:attachment":[{"href":"https:\/\/www.diarioimagen.net\/index.php?rest_route=%2Fwp%2Fv2%2Fmedia&parent=709957"}],"wp:term":[{"taxonomy":"category","embeddable":true,"href":"https:\/\/www.diarioimagen.net\/index.php?rest_route=%2Fwp%2Fv2%2Fcategories&post=709957"},{"taxonomy":"post_tag","embeddable":true,"href":"https:\/\/www.diarioimagen.net\/index.php?rest_route=%2Fwp%2Fv2%2Ftags&post=709957"}],"curies":[{"name":"wp","href":"https:\/\/api.w.org\/{rel}","templated":true}]}}