{"id":709987,"date":"2026-03-03T20:47:08","date_gmt":"2026-03-04T02:47:08","guid":{"rendered":"https:\/\/www.diarioimagen.net\/?p=709987"},"modified":"2026-03-03T20:47:31","modified_gmt":"2026-03-04T02:47:31","slug":"gobierno-de-mexico-toma-posesion-de-predio-expropiado-en-la-zona-de-monumentos-arqueologicos-de-tonina","status":"publish","type":"post","link":"https:\/\/www.diarioimagen.net\/?p=709987","title":{"rendered":"GOBIERNO DE M\u00c9XICO TOMA POSESI\u00d3N DE PREDIO EXPROPIADO EN LA ZONA DE MONUMENTOS ARQUEOL\u00d3GICOS DE TONIN\u00c1"},"content":{"rendered":"<p>&nbsp;<\/p>\n<ul>\n<li><strong>La acci\u00f3n deriva del decreto presidencial anunciado el 2 de marzo de 2026, mismo que recupera, para su investigaci\u00f3n y conservaci\u00f3n, una superficie de 9.22 hect\u00e1reas en el sitio patrimonial chiapaneco<\/strong><\/li>\n<li><strong>Da continuidad a la causa de utilidad p\u00fablica promovida por la Secretar\u00eda de Cultura y el INAH, en diciembre de 2025<\/strong><\/li>\n<li><strong>\u201cEste decreto es una medida que protege un bien de la naci\u00f3n y contribuye a ejercer los derechos culturales mediante el acceso al conocimiento y a la memoria hist\u00f3rica\u201d: Claudia Curiel de Icaza, secretaria de Cultura del Gobierno de M\u00e9xico<\/strong><\/li>\n<\/ul>\n<p><img loading=\"lazy\" decoding=\"async\" class=\"alignnone wp-image-709988 size-large\" src=\"https:\/\/www.diarioimagen.net\/wp-content\/uploads\/2026\/03\/PREDIO-01-405x270.jpeg\" alt=\"\" width=\"405\" height=\"270\" srcset=\"https:\/\/www.diarioimagen.net\/wp-content\/uploads\/2026\/03\/PREDIO-01-405x270.jpeg 405w, https:\/\/www.diarioimagen.net\/wp-content\/uploads\/2026\/03\/PREDIO-01-240x160.jpeg 240w, https:\/\/www.diarioimagen.net\/wp-content\/uploads\/2026\/03\/PREDIO-01-768x512.jpeg 768w, https:\/\/www.diarioimagen.net\/wp-content\/uploads\/2026\/03\/PREDIO-01-1536x1024.jpeg 1536w, https:\/\/www.diarioimagen.net\/wp-content\/uploads\/2026\/03\/PREDIO-01-2048x1365.jpeg 2048w\" sizes=\"auto, (max-width: 405px) 100vw, 405px\" \/><\/p>\n<p>Derivado de un decreto publicado por la Presidenta de M\u00e9xico, Claudia Sheinbaum Pardo, vinculado con la expropiaci\u00f3n de 9.22 hect\u00e1reas en un inmueble de propiedad privada ubicado dentro de la poligonal de la Zona de Monumentos Arqueol\u00f3gicos de Tonin\u00e1, autoridades del Instituto Nacional de Antropolog\u00eda e Historia (INAH) tomaron posesi\u00f3n de los terrenos recuperados.<\/p>\n<p>Se destac\u00f3 que la acci\u00f3n se desprende de una causa de utilidad p\u00fablica, promovida en diciembre de 2025 por la Secretar\u00eda de Cultura del Gobierno de M\u00e9xico, a fin de garantizar condiciones \u00f3ptimas para el sitio chiapaneco.<\/p>\n<p>Con la recuperaci\u00f3n, ha subrayado la secretaria de Cultura, Claudia Curiel de Icaza, se fortalece la capacidad del Estado para \u201cpreservar el patrimonio arqueol\u00f3gico, asegurar su manejo con criterios t\u00e9cnicos y sostener, de manera permanente, las tareas de conservaci\u00f3n, restauraci\u00f3n e investigaci\u00f3n.<\/p>\n<p>\u201cTonin\u00e1 es parte esencial de la historia viva de Chiapas y de M\u00e9xico. Este decreto es una medida que protege un bien de la naci\u00f3n y contribuye a ejercer los derechos culturales mediante el acceso al conocimiento y a la memoria hist\u00f3rica\u201d, a\u00f1adi\u00f3.<\/p>\n<p>El citado instrumento, dado a conocer el d\u00eda de ayer, lunes 2 de marzo de 2026, en el Diario Oficial de la Federaci\u00f3n, mandata al INAH a realizar la ocupaci\u00f3n inmediata de los bienes materia de la expropiaci\u00f3n para asegurar su resguardo y manejo institucional.<\/p>\n<p>En su mensaje, el gobernador Eduardo Ram\u00edrez Aguilar subray\u00f3 que la medida es reflejo del firme compromiso de la Presidenta de M\u00e9xico, Claudia Sheinbaum Pardo, con el estado de Chiapas y con la protecci\u00f3n del patrimonio nacional.<\/p>\n<p>Asimismo, se\u00f1al\u00f3 que Tonin\u00e1 es un s\u00edmbolo de la identidad y la memoria de los ancestros chiapanecos. Esta decisi\u00f3n, dijo, impulsar\u00e1 un turismo responsable y el cuidado del patrimonio, a la vez que dinamizar\u00e1 la econom\u00eda del Valle de Ocosingo y proyectar\u00e1 prosperidad compartida para la regi\u00f3n.<\/p>\n<p>En el evento, donde estuvieron el director general del INAH, Omar V\u00e1zquez Herrera, y el titular del Centro INAH Chiapas, Leobardo Pacheco Arias, se destac\u00f3 que, en lo sucesivo, en la zona arqueol\u00f3gica se instrumentar\u00e1 un programa integral de reactivaci\u00f3n que permitir\u00e1 crear una ruta estructurada para su eventual reapertura, bajo condiciones adecuadas de seguridad, conservaci\u00f3n, control institucional y vinculaci\u00f3n social.<\/p>\n<p>Tonin\u00e1 es uno de los complejos arqueol\u00f3gicos m\u00e1s relevantes del \u00e1rea maya y un testimonio excepcional del urbanismo prehisp\u00e1nico. Su traza ceremonial y su arquitectura monumental, en la que resalta una acr\u00f3polis erigida sobre un basamento piramidal de m\u00e1s de 70 metros de altura, expresan la profundidad hist\u00f3rica de las civilizaciones originarias de las monta\u00f1as de Chiapas y la vigencia cultural de este patrimonio como bien p\u00fablico.<\/p>\n<p>Con dichas acciones, el Gobierno de M\u00e9xico fortalece la protecci\u00f3n integral de la Zona de Monumentos Arqueol\u00f3gicos de Tonin\u00e1, y establece las condiciones necesarias para su preservaci\u00f3n en el largo plazo, la continuidad de su investigaci\u00f3n cient\u00edfica y la difusi\u00f3n social de sus valores patrimoniales.<\/p>\n<p>&nbsp;<\/p>\n<p>&nbsp;<\/p>\n","protected":false},"excerpt":{"rendered":"<p>&nbsp; La acci\u00f3n deriva del decreto presidencial anunciado el 2 de marzo de 2026, mismo que recupera, para su investigaci\u00f3n y conservaci\u00f3n, una superficie de 9.22 hect\u00e1reas en el sitio patrimonial chiapaneco Da continuidad a la causa de utilidad p\u00fablica promovida por la Secretar\u00eda de Cultura y el INAH, en diciembre de 2025 \u201cEste decreto [&hellip;]<\/p>\n","protected":false},"author":14,"featured_media":709988,"comment_status":"open","ping_status":"open","sticky":false,"template":"","format":"standard","meta":{"_monsterinsights_skip_tracking":false,"_monsterinsights_sitenote_active":false,"_monsterinsights_sitenote_note":"","_monsterinsights_sitenote_category":0,"footnotes":""},"categories":[11],"tags":[],"class_list":["post-709987","post","type-post","status-publish","format-standard","has-post-thumbnail","hentry","category-turismo"],"_links":{"self":[{"href":"https:\/\/www.diarioimagen.net\/index.php?rest_route=\/wp\/v2\/posts\/709987","targetHints":{"allow":["GET"]}}],"collection":[{"href":"https:\/\/www.diarioimagen.net\/index.php?rest_route=\/wp\/v2\/posts"}],"about":[{"href":"https:\/\/www.diarioimagen.net\/index.php?rest_route=\/wp\/v2\/types\/post"}],"author":[{"embeddable":true,"href":"https:\/\/www.diarioimagen.net\/index.php?rest_route=\/wp\/v2\/users\/14"}],"replies":[{"embeddable":true,"href":"https:\/\/www.diarioimagen.net\/index.php?rest_route=%2Fwp%2Fv2%2Fcomments&post=709987"}],"version-history":[{"count":2,"href":"https:\/\/www.diarioimagen.net\/index.php?rest_route=\/wp\/v2\/posts\/709987\/revisions"}],"predecessor-version":[{"id":709990,"href":"https:\/\/www.diarioimagen.net\/index.php?rest_route=\/wp\/v2\/posts\/709987\/revisions\/709990"}],"wp:featuredmedia":[{"embeddable":true,"href":"https:\/\/www.diarioimagen.net\/index.php?rest_route=\/wp\/v2\/media\/709988"}],"wp:attachment":[{"href":"https:\/\/www.diarioimagen.net\/index.php?rest_route=%2Fwp%2Fv2%2Fmedia&parent=709987"}],"wp:term":[{"taxonomy":"category","embeddable":true,"href":"https:\/\/www.diarioimagen.net\/index.php?rest_route=%2Fwp%2Fv2%2Fcategories&post=709987"},{"taxonomy":"post_tag","embeddable":true,"href":"https:\/\/www.diarioimagen.net\/index.php?rest_route=%2Fwp%2Fv2%2Ftags&post=709987"}],"curies":[{"name":"wp","href":"https:\/\/api.w.org\/{rel}","templated":true}]}}