{"id":710007,"date":"2026-03-03T21:23:21","date_gmt":"2026-03-04T03:23:21","guid":{"rendered":"https:\/\/www.diarioimagen.net\/?p=710007"},"modified":"2026-03-03T21:23:21","modified_gmt":"2026-03-04T03:23:21","slug":"tejen-redes-universitarias-para-abrazar-al-arbol-de-la-mora-de-la-uaemex-en-el-marco-del-8m","status":"publish","type":"post","link":"https:\/\/www.diarioimagen.net\/?p=710007","title":{"rendered":"Tejen redes universitarias para abrazar al \u00c1rbol  \u00a0de la Mora de la UAEM\u00e9x, en el marco del 8M"},"content":{"rendered":"<p>&nbsp;<\/p>\n<p><strong> <img loading=\"lazy\" decoding=\"async\" class=\"alignnone wp-image-710005 size-large\" src=\"https:\/\/www.diarioimagen.net\/wp-content\/uploads\/2026\/03\/UAEM-2-1-405x270.jpg\" alt=\"\" width=\"405\" height=\"270\" srcset=\"https:\/\/www.diarioimagen.net\/wp-content\/uploads\/2026\/03\/UAEM-2-1-405x270.jpg 405w, https:\/\/www.diarioimagen.net\/wp-content\/uploads\/2026\/03\/UAEM-2-1-240x160.jpg 240w, https:\/\/www.diarioimagen.net\/wp-content\/uploads\/2026\/03\/UAEM-2-1-768x512.jpg 768w, https:\/\/www.diarioimagen.net\/wp-content\/uploads\/2026\/03\/UAEM-2-1-1536x1023.jpg 1536w, https:\/\/www.diarioimagen.net\/wp-content\/uploads\/2026\/03\/UAEM-2-1-2048x1364.jpg 2048w\" sizes=\"auto, (max-width: 405px) 100vw, 405px\" \/><\/strong><\/p>\n<p>&nbsp;<\/p>\n<p>&nbsp;<\/p>\n<p>&nbsp;<\/p>\n<p>Toluca, M\u00e9x.- Con el prop\u00f3sito de fortalecer las redes universitarias y promover la expresi\u00f3n art\u00edstica como v\u00eda de encuentro y sororidad, la Universidad Aut\u00f3noma del Estado de M\u00e9xico (UAEM\u00e9x), a trav\u00e9s de la Secretar\u00eda de Igualdad Sustantiva y Cuidados, invita a la comunidad universitaria y al p\u00fablico en general a participar en la colecta de cuadros de tejido, actividad que se desarrolla en el marco del 8 de marzo, D\u00eda Internacional de la Mujer.<\/p>\n<p>La colecta estar\u00e1 abierta hasta el 6 de marzo y consiste en la elaboraci\u00f3n de cuadros de tejido de 15 x 15 cent\u00edmetros, en color morado, los cuales formar\u00e1n parte de una intervenci\u00f3n colectiva para \u201cabrazar\u201d al \u00c1rbol de la Mora, s\u00edmbolo de encuentro y memoria de la comunidad verde y oro.<\/p>\n<p>Para facilitar la participaci\u00f3n, la Secretar\u00eda de Igualdad Sustantiva y Cuidados de la Aut\u00f3noma mexiquense entrega estambre en sus oficinas ubicadas en el Centro de Ciencias Sociales y Humanidades, en Ciudad Universitaria, en un horario de 9:00 a 18:00 horas.<\/p>\n<p>La recepci\u00f3n de los cuadros de tejido se realizar\u00e1 tambi\u00e9n de 9:00 a 18:00 horas en los siguientes puntos:<\/p>\n<ul>\n<li>Museo Universitario \u201cLeopoldo Flores\u201d<\/li>\n<li>Centro Cultural Universitario \u201cCasa de las Diligencias\u201d<\/li>\n<li>Oficinas de la Secretar\u00eda de Igualdad Sustantiva y Cuidados<\/li>\n<\/ul>\n<p>El 7 de marzo se llevar\u00e1 a cabo la uni\u00f3n de los cuadros de tejido en el \u00c1rbol de la Mora, en colaboraci\u00f3n con la Colectiva Lana Desastre, como un acto colectivo de participaci\u00f3n, di\u00e1logo y resignificaci\u00f3n del espacio universitario.<\/p>\n<p>Con esta acci\u00f3n, la UAEM\u00e9x refrenda su compromiso de generar rutas de encuentro a trav\u00e9s del arte, fortaleciendo los lazos entre mujeres de todas las edades y promoviendo una cultura de igualdad, cuidado y comunidad.<\/p>\n<p>&nbsp;<\/p>\n<p>&nbsp;<\/p>\n<p>&nbsp;<\/p>\n","protected":false},"excerpt":{"rendered":"<p>&nbsp; &nbsp; &nbsp; &nbsp; Toluca, M\u00e9x.- Con el prop\u00f3sito de fortalecer las redes universitarias y promover la expresi\u00f3n art\u00edstica como v\u00eda de encuentro y sororidad, la Universidad Aut\u00f3noma del Estado de M\u00e9xico (UAEM\u00e9x), a trav\u00e9s de la Secretar\u00eda de Igualdad Sustantiva y Cuidados, invita a la comunidad universitaria y al p\u00fablico en general a participar [&hellip;]<\/p>\n","protected":false},"author":14,"featured_media":710005,"comment_status":"open","ping_status":"open","sticky":false,"template":"","format":"standard","meta":{"_monsterinsights_skip_tracking":false,"_monsterinsights_sitenote_active":false,"_monsterinsights_sitenote_note":"","_monsterinsights_sitenote_category":0,"footnotes":""},"categories":[16,5],"tags":[],"class_list":["post-710007","post","type-post","status-publish","format-standard","has-post-thumbnail","hentry","category-destacadas","category-estado-de-mexico"],"_links":{"self":[{"href":"https:\/\/www.diarioimagen.net\/index.php?rest_route=\/wp\/v2\/posts\/710007","targetHints":{"allow":["GET"]}}],"collection":[{"href":"https:\/\/www.diarioimagen.net\/index.php?rest_route=\/wp\/v2\/posts"}],"about":[{"href":"https:\/\/www.diarioimagen.net\/index.php?rest_route=\/wp\/v2\/types\/post"}],"author":[{"embeddable":true,"href":"https:\/\/www.diarioimagen.net\/index.php?rest_route=\/wp\/v2\/users\/14"}],"replies":[{"embeddable":true,"href":"https:\/\/www.diarioimagen.net\/index.php?rest_route=%2Fwp%2Fv2%2Fcomments&post=710007"}],"version-history":[{"count":1,"href":"https:\/\/www.diarioimagen.net\/index.php?rest_route=\/wp\/v2\/posts\/710007\/revisions"}],"predecessor-version":[{"id":710008,"href":"https:\/\/www.diarioimagen.net\/index.php?rest_route=\/wp\/v2\/posts\/710007\/revisions\/710008"}],"wp:featuredmedia":[{"embeddable":true,"href":"https:\/\/www.diarioimagen.net\/index.php?rest_route=\/wp\/v2\/media\/710005"}],"wp:attachment":[{"href":"https:\/\/www.diarioimagen.net\/index.php?rest_route=%2Fwp%2Fv2%2Fmedia&parent=710007"}],"wp:term":[{"taxonomy":"category","embeddable":true,"href":"https:\/\/www.diarioimagen.net\/index.php?rest_route=%2Fwp%2Fv2%2Fcategories&post=710007"},{"taxonomy":"post_tag","embeddable":true,"href":"https:\/\/www.diarioimagen.net\/index.php?rest_route=%2Fwp%2Fv2%2Ftags&post=710007"}],"curies":[{"name":"wp","href":"https:\/\/api.w.org\/{rel}","templated":true}]}}