{"id":710154,"date":"2026-03-04T20:54:50","date_gmt":"2026-03-05T02:54:50","guid":{"rendered":"https:\/\/www.diarioimagen.net\/?p=710154"},"modified":"2026-03-04T20:54:50","modified_gmt":"2026-03-05T02:54:50","slug":"reordenacion-de-zona-metropolitana-del-valle-de-mexico","status":"publish","type":"post","link":"https:\/\/www.diarioimagen.net\/?p=710154","title":{"rendered":"Reordenaci\u00f3n de zona metropolitana del Valle de M\u00e9xico"},"content":{"rendered":"<ul>\n<li><strong>Colaboraci\u00f3n del GEM y 59 municipios<\/strong><\/li>\n<\/ul>\n<div id=\"attachment_710155\" style=\"width: 250px\" class=\"wp-caption alignnone\"><img loading=\"lazy\" decoding=\"async\" aria-describedby=\"caption-attachment-710155\" class=\"wp-image-710155 size-medium\" src=\"https:\/\/www.diarioimagen.net\/wp-content\/uploads\/2026\/03\/EDOMEX-2-ok-3-240x180.jpg\" alt=\"\" width=\"240\" height=\"180\" srcset=\"https:\/\/www.diarioimagen.net\/wp-content\/uploads\/2026\/03\/EDOMEX-2-ok-3-240x180.jpg 240w, https:\/\/www.diarioimagen.net\/wp-content\/uploads\/2026\/03\/EDOMEX-2-ok-3-360x270.jpg 360w, https:\/\/www.diarioimagen.net\/wp-content\/uploads\/2026\/03\/EDOMEX-2-ok-3-768x576.jpg 768w, https:\/\/www.diarioimagen.net\/wp-content\/uploads\/2026\/03\/EDOMEX-2-ok-3.jpg 1500w\" sizes=\"auto, (max-width: 240px) 100vw, 240px\" \/><p id=\"caption-attachment-710155\" class=\"wp-caption-text\">El Estado de M\u00e9xico avanza en la elaboraci\u00f3n del Programa de Ordenaci\u00f3n de la Zona Metropolitana del Valle de M\u00e9xico, en colaboraci\u00f3n de 59 municipios mexiquenses que integran la Zona Metropolitana del Valle de M\u00e9xico.<\/p><\/div>\n<p>&nbsp;<\/p>\n<p>Cuernavaca, Morelos.- El Gobierno del Estado de M\u00e9xico avanza en la elaboraci\u00f3n del Programa de Ordenaci\u00f3n de la Zona Metropolitana del Valle de M\u00e9xico (POZMVM), en colaboraci\u00f3n de 59 municipios mexiquenses que integran la Zona Metropolitana del Valle de M\u00e9xico (ZMVM) ha realizado 19 talleres regionales de planeaci\u00f3n participativa y 12 recorridos de supervisi\u00f3n por la regi\u00f3n, donde se han recabado las opiniones, necesidades y propuestas de la poblaci\u00f3n para que el crecimiento del territorio sea ordenado, responsable y planeado.<\/p>\n<p>En esta suma de esfuerzos tambi\u00e9n participan dependencias estatales como las secretar\u00edas del Agua, del Medio Ambiente y Desarrollo Sostenible, Movilidad y Desarrollo Econ\u00f3mico.<\/p>\n<p>El objetivo del Programa de Ordenaci\u00f3n de la Zona Metropolitana del Valle de M\u00e9xico es construir una agenda de trabajo conjunta, de los gobiernos de M\u00e9xico, Estado de M\u00e9xico, CDMX, Hidalgo y Morelos, que permita resolver retos comunes, como el transporte y el agua, entre otros, asegurando un entorno m\u00e1s digno para las m\u00e1s de 22 millones de personas que viven en el \u00e1rea.<\/p>\n<p>La Secretar\u00eda de Desarrollo Agrario, Territorial y Urbano (Sedatu) es la encargada de coordinar los trabajos de este ejercicio de gobernanza metropolitana de 84 municipios y alcald\u00edas, de los cuales 59 son del EdoM\u00e9x, 16 de la CDMX, ocho de Hidalgo y uno de Morelos.<\/p>\n<p>Los avances m\u00e1s recientes se presentaron durante la Tercera Sesi\u00f3n Ordinaria del 2026 del Secretariado T\u00e9cnico Conjunto, realizada en Cuernavaca, Morelos. En esta reuni\u00f3n de trabajo se inici\u00f3 el an\u00e1lisis de selecci\u00f3n de proyectos metropolitanos prioritarios que recibir\u00e1n atenci\u00f3n inmediata.<\/p>\n<p>Las autoridades estatales acordaron fortalecer la uni\u00f3n institucional para formalizar el Consejo de Desarrollo Metropolitano del Valle de M\u00e9xico. Este paso ser\u00e1 fundamental para incluir oficialmente a siete municipios de Hidalgo y uno de Morelos en la estrategia.<\/p>\n<p>&nbsp;<\/p>\n<p>&nbsp;<\/p>\n<p>&nbsp;<\/p>\n<p>&nbsp;<\/p>\n","protected":false},"excerpt":{"rendered":"<p>Colaboraci\u00f3n del GEM y 59 municipios &nbsp; Cuernavaca, Morelos.- El Gobierno del Estado de M\u00e9xico avanza en la elaboraci\u00f3n del Programa de Ordenaci\u00f3n de la Zona Metropolitana del Valle de M\u00e9xico (POZMVM), en colaboraci\u00f3n de 59 municipios mexiquenses que integran la Zona Metropolitana del Valle de M\u00e9xico (ZMVM) ha realizado 19 talleres regionales de planeaci\u00f3n [&hellip;]<\/p>\n","protected":false},"author":14,"featured_media":710155,"comment_status":"open","ping_status":"open","sticky":false,"template":"","format":"standard","meta":{"_monsterinsights_skip_tracking":false,"_monsterinsights_sitenote_active":false,"_monsterinsights_sitenote_note":"","_monsterinsights_sitenote_category":0,"footnotes":""},"categories":[5],"tags":[],"class_list":["post-710154","post","type-post","status-publish","format-standard","has-post-thumbnail","hentry","category-estado-de-mexico"],"_links":{"self":[{"href":"https:\/\/www.diarioimagen.net\/index.php?rest_route=\/wp\/v2\/posts\/710154","targetHints":{"allow":["GET"]}}],"collection":[{"href":"https:\/\/www.diarioimagen.net\/index.php?rest_route=\/wp\/v2\/posts"}],"about":[{"href":"https:\/\/www.diarioimagen.net\/index.php?rest_route=\/wp\/v2\/types\/post"}],"author":[{"embeddable":true,"href":"https:\/\/www.diarioimagen.net\/index.php?rest_route=\/wp\/v2\/users\/14"}],"replies":[{"embeddable":true,"href":"https:\/\/www.diarioimagen.net\/index.php?rest_route=%2Fwp%2Fv2%2Fcomments&post=710154"}],"version-history":[{"count":1,"href":"https:\/\/www.diarioimagen.net\/index.php?rest_route=\/wp\/v2\/posts\/710154\/revisions"}],"predecessor-version":[{"id":710156,"href":"https:\/\/www.diarioimagen.net\/index.php?rest_route=\/wp\/v2\/posts\/710154\/revisions\/710156"}],"wp:featuredmedia":[{"embeddable":true,"href":"https:\/\/www.diarioimagen.net\/index.php?rest_route=\/wp\/v2\/media\/710155"}],"wp:attachment":[{"href":"https:\/\/www.diarioimagen.net\/index.php?rest_route=%2Fwp%2Fv2%2Fmedia&parent=710154"}],"wp:term":[{"taxonomy":"category","embeddable":true,"href":"https:\/\/www.diarioimagen.net\/index.php?rest_route=%2Fwp%2Fv2%2Fcategories&post=710154"},{"taxonomy":"post_tag","embeddable":true,"href":"https:\/\/www.diarioimagen.net\/index.php?rest_route=%2Fwp%2Fv2%2Ftags&post=710154"}],"curies":[{"name":"wp","href":"https:\/\/api.w.org\/{rel}","templated":true}]}}