{"id":710197,"date":"2026-03-04T21:33:04","date_gmt":"2026-03-05T03:33:04","guid":{"rendered":"https:\/\/www.diarioimagen.net\/?p=710197"},"modified":"2026-03-04T21:33:04","modified_gmt":"2026-03-05T03:33:04","slug":"tormenta-economica","status":"publish","type":"post","link":"https:\/\/www.diarioimagen.net\/?p=710197","title":{"rendered":"Tormenta econ\u00f3mica"},"content":{"rendered":"<p><strong>Aunque Pese\u00a0<\/strong><strong> Salvador Mart\u00ednez G.<\/strong><\/p>\n<p><strong>\u00a0<\/strong><\/p>\n<p><strong>\u00a0<\/strong><\/p>\n<p><strong><em>\u00a0<\/em><\/strong><\/p>\n<p>La onda expansiva de la imprudente, traicionera y abusiva guerra que los desquiciados Donald Trump y Benjam\u00edn Netanyahu desataron contra Ir\u00e1n, trasciende el conflicto regional y golpea la estabilidad pol\u00edtica, comercial, financiera y tur\u00edstica del mundo entero.<\/p>\n<p>Cuando el pasado s\u00e1bado cayeron las primeras bombas sobre Teher\u00e1n, los mercados energ\u00e9ticos reaccionaron de inmediato con un alza en los precios del petr\u00f3leo, pero no es posible reducir el impacto econ\u00f3mico de esta guerra s\u00f3lo a los energ\u00e9ticos, sino que sacude los cimientos del orden global.<\/p>\n<p>Por el Estrecho de Ormuz transita una quinta parte del petr\u00f3leo mundial y alrededor del 33 por ciento de los fertilizantes globales, y ahora es pr\u00e1cticamente intransitable, lo que genera un impacto severo al comercio e impulsa la inflaci\u00f3n universal.<\/p>\n<p>En el transporte a\u00e9reo la realidad no es diferente, los aeropuertos de Dub\u00e1i, Doha y Abu Dhabi han sufrido cancelaciones masivas de vuelos; tan s\u00f3lo en Dub\u00e1i se suspendieron 800 operaciones en un solo d\u00eda. Las aerol\u00edneas Emirates, Qatar Airways y Etihad Airways han recortado entre 30 y 41 por ciento de sus rutas. Es el peor caos a\u00e9reo desde la pandemia de la Covid-19.<\/p>\n<p>El colapso va m\u00e1s all\u00e1 de las molestias a viajeros, ya que por v\u00eda a\u00e9rea viaja al menos el uno por ciento de la carga global, productos de alto valor (electr\u00f3nica, f\u00e1rmacos, productos perecederos) que representan el 35 por ciento del valor del comercio mundial, lo que pudiera generar escasez localizada aguda en diversos sectores estrat\u00e9gicos.<\/p>\n<p>Para el sector tur\u00edstico, la situaci\u00f3n es peor, un informe de Tourism Economics estima una disminuci\u00f3n de hasta un 27 por ciento de turistas para este a\u00f1o, lo que significar\u00eda hasta 38 millones menos de visitantes al Medio Oriente.<\/p>\n<p>La guerra del Medio Oriente no cumple a\u00fan una semana, pero ya se prev\u00e9 podr\u00eda prolongarse por meses lo cual llevar\u00eda al mundo a vivir una situaci\u00f3n de grave crisis, especialmente en la regi\u00f3n en conflicto y Europa. La onda expansiva no tendr\u00eda fronteras y Estados Unidos sufrir\u00eda tambi\u00e9n.<\/p>\n<p>&nbsp;<\/p>\n<p><strong>Susurros<\/strong><\/p>\n<p>&nbsp;<\/p>\n<p>Por la guerra del Medio Oriente est\u00e1 en riesgo tambi\u00e9n la celebraci\u00f3n del Mundial de Futbol en Norteam\u00e9rica, sobre todo porque al pa\u00eds con el mayor n\u00famero de juegos programados, Estados Unidos, no le importa la cita futbolera, hoy amenazada por una presumible expansi\u00f3n del conflicto b\u00e9lico a todo el orbe.<\/p>\n<p>Pr\u00e1cticamente ya se sostiene que la selecci\u00f3n de Ir\u00e1n no participar\u00e1 en el mundial de verano, aunque la situaci\u00f3n pudiese ser peor ante la falta de seguridad en las ciudades sedes del pa\u00eds del norte por posibles ataques terroristas musulmanes.<\/p>\n<p>&nbsp;<\/p>\n<p><strong><em>\u00a0<\/em><\/strong><a href=\"mailto:salvadormartinez@visionmx.com\"><strong><em>salvadormartinez@visionmx.com<\/em><\/strong><\/a><\/p>\n<p><strong><em>X: @salvador_mtz<\/em><\/strong><\/p>\n<p><strong><em>\u00a0<\/em><\/strong><\/p>\n<p>&nbsp;<\/p>\n","protected":false},"excerpt":{"rendered":"<p>Aunque Pese\u00a0 Salvador Mart\u00ednez G. \u00a0 \u00a0 \u00a0 La onda expansiva de la imprudente, traicionera y abusiva guerra que los desquiciados Donald Trump y Benjam\u00edn Netanyahu desataron contra Ir\u00e1n, trasciende el conflicto regional y golpea la estabilidad pol\u00edtica, comercial, financiera y tur\u00edstica del mundo entero. Cuando el pasado s\u00e1bado cayeron las primeras bombas sobre Teher\u00e1n, [&hellip;]<\/p>\n","protected":false},"author":14,"featured_media":0,"comment_status":"open","ping_status":"open","sticky":false,"template":"","format":"standard","meta":{"_monsterinsights_skip_tracking":false,"_monsterinsights_sitenote_active":false,"_monsterinsights_sitenote_note":"","_monsterinsights_sitenote_category":0,"footnotes":""},"categories":[4,96743],"tags":[],"class_list":["post-710197","post","type-post","status-publish","format-standard","hentry","category-opinion","category-salvador-martinez-garcia"],"_links":{"self":[{"href":"https:\/\/www.diarioimagen.net\/index.php?rest_route=\/wp\/v2\/posts\/710197","targetHints":{"allow":["GET"]}}],"collection":[{"href":"https:\/\/www.diarioimagen.net\/index.php?rest_route=\/wp\/v2\/posts"}],"about":[{"href":"https:\/\/www.diarioimagen.net\/index.php?rest_route=\/wp\/v2\/types\/post"}],"author":[{"embeddable":true,"href":"https:\/\/www.diarioimagen.net\/index.php?rest_route=\/wp\/v2\/users\/14"}],"replies":[{"embeddable":true,"href":"https:\/\/www.diarioimagen.net\/index.php?rest_route=%2Fwp%2Fv2%2Fcomments&post=710197"}],"version-history":[{"count":1,"href":"https:\/\/www.diarioimagen.net\/index.php?rest_route=\/wp\/v2\/posts\/710197\/revisions"}],"predecessor-version":[{"id":710198,"href":"https:\/\/www.diarioimagen.net\/index.php?rest_route=\/wp\/v2\/posts\/710197\/revisions\/710198"}],"wp:attachment":[{"href":"https:\/\/www.diarioimagen.net\/index.php?rest_route=%2Fwp%2Fv2%2Fmedia&parent=710197"}],"wp:term":[{"taxonomy":"category","embeddable":true,"href":"https:\/\/www.diarioimagen.net\/index.php?rest_route=%2Fwp%2Fv2%2Fcategories&post=710197"},{"taxonomy":"post_tag","embeddable":true,"href":"https:\/\/www.diarioimagen.net\/index.php?rest_route=%2Fwp%2Fv2%2Ftags&post=710197"}],"curies":[{"name":"wp","href":"https:\/\/api.w.org\/{rel}","templated":true}]}}