{"id":710205,"date":"2026-03-04T21:41:08","date_gmt":"2026-03-05T03:41:08","guid":{"rendered":"https:\/\/www.diarioimagen.net\/?p=710205"},"modified":"2026-03-04T21:41:08","modified_gmt":"2026-03-05T03:41:08","slug":"y-finalmente-llego","status":"publish","type":"post","link":"https:\/\/www.diarioimagen.net\/?p=710205","title":{"rendered":"\u00a0\u00a1Y finalmente lleg\u00f3!\u00a0\u00a0"},"content":{"rendered":"<p>&nbsp;<\/p>\n<p>&nbsp;<\/p>\n<p>&nbsp;<\/p>\n<p>TRAS LA PUERTA DEL PODER\u00a0 Roberto Vizca\u00edno<\/p>\n<p>&nbsp;<\/p>\n<p>&nbsp;<\/p>\n<p>&nbsp;<\/p>\n<p>&nbsp;<\/p>\n<p>A media tarde de ayer, sin mayores sorpresas, y despu\u00e9s de una larga espera, finalmente lleg\u00f3 a la C\u00e1mara de Diputados en San L\u00e1zaro la iniciativa de reforma electoral de la presidenta\u00a0<strong>Claudia Sheinbaum<\/strong>.<\/p>\n<p>Rasurada casi al extremo, en un intento por jalar los votos de los partidos aliados PT y Verde, que con su resistencia obligaron a la mandataria a modificarla, esta iniciativa es muy distinta a la que impuls\u00f3 hasta el a\u00f1o pasado el ahora ex presidente\u00a0<strong>Andr\u00e9s Manuel L\u00f3pez Obrador<\/strong>.<\/p>\n<p>En este \u00faltimo tramo de la elaboraci\u00f3n del proyecto de reforma electoral de la mandataria, de la iniciativa de\u00a0<strong>AMLO &#8211;<\/strong>que era el documento base de la iniciativa de la presidenta\u00a0<strong>Sheinbaum<\/strong>, se elimin\u00f3 la intenci\u00f3n de desaparecer al INE y a las Ople\u2019s para convertirlos en un Consejo Electoral que operar\u00eda todo lo electoral desde la Secretar\u00eda de Gobernaci\u00f3n.<\/p>\n<p>En la propuesta de la mandataria no se busca tampoco disminuir el n\u00famero de sus consejeros electorales ni se establece que estos sean electos por voto popular, como hab\u00eda planteado AMLO.<\/p>\n<p>Al final, tampoco se buscar\u00e1 recortar el presupuesto del INE a partidos y elecciones en 2 terceras partes, y solo buscar\u00e1 disminuir un 25% este gasto.<\/p>\n<p>El proyecto electoral de la presidenta\u00a0<strong>Sheinbaum<\/strong>, basado un dec\u00e1logo, dej\u00f3 en el olvido la promesa de\u00a0<strong>L\u00f3pez Obrador<\/strong>\u00a0de que con su iniciativa desaparecer\u00edan los 200 diputados y los 64 senadores plurinominales.<\/p>\n<p>Esa intenci\u00f3n fue sustituida por un cambio en la f\u00f3rmula de elecci\u00f3n, pero sin desaparecer los 200 diputados de representaci\u00f3n proporcional y con apenas el recorte de 32 senadores pluris.<\/p>\n<p>Al final, una nueva iniciativa electoral que pese a todos los recortes no logr\u00f3 el apoyo del PT y Verde Ecologista y que todo indica no ser\u00e1 aprobada.<\/p>\n<p>&nbsp;<\/p>\n<p><strong>Seguir\u00e1 su tr\u00e1mite y podr\u00eda no aprobarse: Monreal<\/strong><\/p>\n<p>&nbsp;<\/p>\n<p>\u201c\u2026 estamos ante un desencuentro temporal, un desarreglo institucional legislativo temporal, tenemos que volver a buscar, dentro de la coalici\u00f3n Morena, PT y Verde mantenernos unidos. Eso es lo que yo pienso\u201d, dijo Ricardo Monreal coordinador de los diputados de Morena.<\/p>\n<p>\u00bfEste desencuentro puede afectar el 2027?, se le pregunt\u00f3.<\/p>\n<p>\u201cBueno, siempre afecta, es m\u00e1s dif\u00edcil ir solos que en coalici\u00f3n\u201d, coment\u00f3.<\/p>\n<p>El zacatecano se dijo dispuesto siempre al acuerdo y afirm\u00f3 que ahora les corresponder\u00e1 a todos los involucrados en esta reforma hacer un esfuerzo de consenso para su aprobaci\u00f3n.<\/p>\n<p>\u201cRepito, es el ejercicio m\u00e1s complejo que a m\u00ed me haya correspondido, porque van, hasta ahora, 23 proyectos de decreto, pesados tambi\u00e9n, dif\u00edciles, como el de la reforma judicial, y logramos sacarlo adelante.<\/p>\n<p>\u201cEste, en lo particular, por todo lo que se ha escrito y declarado, no lo veo f\u00e1cil\u201d, consider\u00f3.<\/p>\n<p>&nbsp;<\/p>\n<p><strong>La elecci\u00f3n de un nuevo contralor, toda una feria<\/strong><\/p>\n<p>&nbsp;<\/p>\n<p>En el contexto de una reforma electoral que parece surgida de la necedad de apenas unos cuantos, la C\u00e1mara de Diputados enfrenta adem\u00e1s la selecci\u00f3n de un nuevo Contralor Superior de la Federaci\u00f3n.<\/p>\n<p>Este proceso se da ante el t\u00e9rmino del periodo de 8 a\u00f1os del oaxaque\u00f1o\u00a0<strong>David Rogelio Colmenares P\u00e1ramo<\/strong>, quien concluye en medio de fuertes cuestionamientos por su mediocre desempe\u00f1o siempre muy a favor del r\u00e9gimen de la 4T. Sin el menor pudor,\u00a0<strong>Colmenares<\/strong>\u00a0busca su reelecci\u00f3n.<\/p>\n<p>No son pocos quienes ahora, con los mejores y m\u00e1s altos perfiles y antecedentes de honorabilidad personal intentan sustituirlo.<\/p>\n<p>Uno de ellos es el doctor\u00a0<strong>Luis Miguel Mart\u00ednez Anzures<\/strong>, presidente actual del Consejo Directivo del Instituto Nacional de Administraci\u00f3n P\u00fablica, el INAP, quien ya formaliz\u00f3 su registro ante la C\u00e1mara de Diputados para ocupar el cargo de auditor Superior de la Federaci\u00f3n para el periodo 2026-2034.<\/p>\n<p>Todo depender\u00e1 ahora del buen tino de los diputados federales que no se han distinguido en esta legislatura por su lucidez y buen desempe\u00f1o.<\/p>\n<p>&nbsp;<\/p>\n<p><strong>Un gobernador con los mejores resultados en seguridad<\/strong><\/p>\n<p>&nbsp;<\/p>\n<p>Hablar de resultados en Seguridad P\u00fablica en estos momentos en M\u00e9xico es todo un desaf\u00edo.<\/p>\n<p>Por eso cabe destacar los hechos y logros de\u00a0<strong>Manolo Jim\u00e9nez,\u00a0<\/strong>gobernador pri\u00edsta de Coahuila, quien, al presidir la mesa de Coordinaci\u00f3n Estatal para la Construcci\u00f3n de Paz y Seguridad destac\u00f3 la disminuci\u00f3n 18 por ciento en homicidios -respecto de 2025- y una resoluci\u00f3n del 100% de estos delitos mientras que el promedio nacional es del 42%.<\/p>\n<p>En ello cuenta la permanente incorporaci\u00f3n de nuevos agentes mejor preparados y capacitados y con salarios sobresalientes respecto del resto del pa\u00eds.<\/p>\n<p>Esta semana, el gobernador\u00a0<strong>Jim\u00e9nez<\/strong>\u00a0celebr\u00f3 la graduaci\u00f3n a 384 nuevos elementos de la Polic\u00eda Estatal y de la Fiscal\u00eda del Estado de Coahuila para consolidar as\u00ed esta entidad como quiz\u00e1 la m\u00e1s segura en M\u00e9xico.<\/p>\n<p>Tenemos, dijo, \u201cun modelo de seguridad donde se trabaja con prevenci\u00f3n, proximidad, inteligencia y fuerza; de manera coordinada entre todas las instituciones: federales, estatales y municipales con m\u00e1s de 10 mil elementos se seguridad que laboran por todo Coahuila\u201d.<\/p>\n<p>Sin duda, un logro que es importante destacar.<\/p>\n<p>&nbsp;<\/p>\n<p>Twitter: @_Vizcaino \/ Facebook<\/p>\n<p>\/\u00a0<a href=\"https:\/\/www.facebook.com\/rvizcainoa\">https:\/\/www.facebook.com\/rvizcainoa<\/a><\/p>\n<p>&nbsp;<\/p>\n","protected":false},"excerpt":{"rendered":"<p>&nbsp; &nbsp; &nbsp; TRAS LA PUERTA DEL PODER\u00a0 Roberto Vizca\u00edno &nbsp; &nbsp; &nbsp; &nbsp; A media tarde de ayer, sin mayores sorpresas, y despu\u00e9s de una larga espera, finalmente lleg\u00f3 a la C\u00e1mara de Diputados en San L\u00e1zaro la iniciativa de reforma electoral de la presidenta\u00a0Claudia Sheinbaum. Rasurada casi al extremo, en un intento por [&hellip;]<\/p>\n","protected":false},"author":14,"featured_media":0,"comment_status":"open","ping_status":"open","sticky":false,"template":"","format":"standard","meta":{"_monsterinsights_skip_tracking":false,"_monsterinsights_sitenote_active":false,"_monsterinsights_sitenote_note":"","_monsterinsights_sitenote_category":0,"footnotes":""},"categories":[4,136],"tags":[],"class_list":["post-710205","post","type-post","status-publish","format-standard","hentry","category-opinion","category-roberto-vizcaino-opinion"],"_links":{"self":[{"href":"https:\/\/www.diarioimagen.net\/index.php?rest_route=\/wp\/v2\/posts\/710205","targetHints":{"allow":["GET"]}}],"collection":[{"href":"https:\/\/www.diarioimagen.net\/index.php?rest_route=\/wp\/v2\/posts"}],"about":[{"href":"https:\/\/www.diarioimagen.net\/index.php?rest_route=\/wp\/v2\/types\/post"}],"author":[{"embeddable":true,"href":"https:\/\/www.diarioimagen.net\/index.php?rest_route=\/wp\/v2\/users\/14"}],"replies":[{"embeddable":true,"href":"https:\/\/www.diarioimagen.net\/index.php?rest_route=%2Fwp%2Fv2%2Fcomments&post=710205"}],"version-history":[{"count":1,"href":"https:\/\/www.diarioimagen.net\/index.php?rest_route=\/wp\/v2\/posts\/710205\/revisions"}],"predecessor-version":[{"id":710206,"href":"https:\/\/www.diarioimagen.net\/index.php?rest_route=\/wp\/v2\/posts\/710205\/revisions\/710206"}],"wp:attachment":[{"href":"https:\/\/www.diarioimagen.net\/index.php?rest_route=%2Fwp%2Fv2%2Fmedia&parent=710205"}],"wp:term":[{"taxonomy":"category","embeddable":true,"href":"https:\/\/www.diarioimagen.net\/index.php?rest_route=%2Fwp%2Fv2%2Fcategories&post=710205"},{"taxonomy":"post_tag","embeddable":true,"href":"https:\/\/www.diarioimagen.net\/index.php?rest_route=%2Fwp%2Fv2%2Ftags&post=710205"}],"curies":[{"name":"wp","href":"https:\/\/api.w.org\/{rel}","templated":true}]}}