{"id":710375,"date":"2026-03-05T19:44:53","date_gmt":"2026-03-06T01:44:53","guid":{"rendered":"https:\/\/www.diarioimagen.net\/?p=710375"},"modified":"2026-03-05T19:44:53","modified_gmt":"2026-03-06T01:44:53","slug":"el-tribunal-de-disciplina-judicial-continua-recorridos-de-acercamiento-en-reclusorios","status":"publish","type":"post","link":"https:\/\/www.diarioimagen.net\/?p=710375","title":{"rendered":"El Tribunal de Disciplina Judicial contin\u00faa  recorridos de acercamiento en reclusorios"},"content":{"rendered":"<p><strong>\u00a0<\/strong><\/p>\n<ul>\n<li><strong>El combate a la corrupci\u00f3n, el nepotismo y el maltrato hacia v\u00edctimas y personas usuarias del sistema es una prioridad: Nicol\u00e1s Jer\u00f3nimo Alejo<\/strong><strong>\u00a0<\/strong><\/li>\n<\/ul>\n<ul>\n<li><strong>Se busca vanzar hacia un Poder Judicial m\u00e1s cercano y amigable con las personas justiciables, se\u00f1ala en recorrido por el Preventivo Varonil Norte<\/strong><\/li>\n<\/ul>\n<div id=\"attachment_710376\" style=\"width: 418px\" class=\"wp-caption alignnone\"><img loading=\"lazy\" decoding=\"async\" aria-describedby=\"caption-attachment-710376\" class=\"wp-image-710376 size-large\" src=\"https:\/\/www.diarioimagen.net\/wp-content\/uploads\/2026\/03\/PJCDMX-1-1-408x270.jpg\" alt=\"\" width=\"408\" height=\"270\" srcset=\"https:\/\/www.diarioimagen.net\/wp-content\/uploads\/2026\/03\/PJCDMX-1-1-408x270.jpg 408w, https:\/\/www.diarioimagen.net\/wp-content\/uploads\/2026\/03\/PJCDMX-1-1-240x159.jpg 240w, https:\/\/www.diarioimagen.net\/wp-content\/uploads\/2026\/03\/PJCDMX-1-1-768x509.jpg 768w, https:\/\/www.diarioimagen.net\/wp-content\/uploads\/2026\/03\/PJCDMX-1-1-1536x1018.jpg 1536w, https:\/\/www.diarioimagen.net\/wp-content\/uploads\/2026\/03\/PJCDMX-1-1-2048x1357.jpg 2048w\" sizes=\"auto, (max-width: 408px) 100vw, 408px\" \/><p id=\"caption-attachment-710376\" class=\"wp-caption-text\"><br \/>El magistrado presidente del TDj, Jer\u00f3nimo Alejo, en compa\u00f1\u00eda de las magistradas Nahyeli Ortiz Quintero e Ixchel \u00c1lzaga Alc\u00e1ntara y del magistrado Diego Armando Guerrero Garc\u00eda visit\u00f3 diversas unidades de gesti\u00f3n judicial y juzgados penales en el Reclusorio Preventivo Varonil Norte.<\/p><\/div>\n<div id=\"attachment_710377\" style=\"width: 457px\" class=\"wp-caption alignnone\"><img loading=\"lazy\" decoding=\"async\" aria-describedby=\"caption-attachment-710377\" class=\"wp-image-710377 size-large\" src=\"https:\/\/www.diarioimagen.net\/wp-content\/uploads\/2026\/03\/PJCDMX-2-1-447x270.jpg\" alt=\"\" width=\"447\" height=\"270\" srcset=\"https:\/\/www.diarioimagen.net\/wp-content\/uploads\/2026\/03\/PJCDMX-2-1-447x270.jpg 447w, https:\/\/www.diarioimagen.net\/wp-content\/uploads\/2026\/03\/PJCDMX-2-1-240x145.jpg 240w, https:\/\/www.diarioimagen.net\/wp-content\/uploads\/2026\/03\/PJCDMX-2-1-768x464.jpg 768w, https:\/\/www.diarioimagen.net\/wp-content\/uploads\/2026\/03\/PJCDMX-2-1-1536x928.jpg 1536w, https:\/\/www.diarioimagen.net\/wp-content\/uploads\/2026\/03\/PJCDMX-2-1-2048x1238.jpg 2048w\" sizes=\"auto, (max-width: 447px) 100vw, 447px\" \/><p id=\"caption-attachment-710377\" class=\"wp-caption-text\">En sus pl\u00e1ticas de acercamiento institucional con las \u00e1reas penales, el magistrado Nicol\u00e1s Jer\u00f3nimo Alejo subray\u00f3 que el combate a la corrupci\u00f3n, el nepotismo y el maltrato hacia v\u00edctimas y personas usuarias del sistema es una prioridad.<\/p><\/div>\n<div id=\"attachment_710378\" style=\"width: 470px\" class=\"wp-caption alignnone\"><img loading=\"lazy\" decoding=\"async\" aria-describedby=\"caption-attachment-710378\" class=\"wp-image-710378 size-large\" src=\"https:\/\/www.diarioimagen.net\/wp-content\/uploads\/2026\/03\/PJCDMX-3-1-460x257.jpg\" alt=\"\" width=\"460\" height=\"257\" srcset=\"https:\/\/www.diarioimagen.net\/wp-content\/uploads\/2026\/03\/PJCDMX-3-1-460x257.jpg 460w, https:\/\/www.diarioimagen.net\/wp-content\/uploads\/2026\/03\/PJCDMX-3-1-240x134.jpg 240w, https:\/\/www.diarioimagen.net\/wp-content\/uploads\/2026\/03\/PJCDMX-3-1-768x430.jpg 768w, https:\/\/www.diarioimagen.net\/wp-content\/uploads\/2026\/03\/PJCDMX-3-1-1536x859.jpg 1536w, https:\/\/www.diarioimagen.net\/wp-content\/uploads\/2026\/03\/PJCDMX-3-1-2048x1146.jpg 2048w, https:\/\/www.diarioimagen.net\/wp-content\/uploads\/2026\/03\/PJCDMX-3-1-235x132.jpg 235w, https:\/\/www.diarioimagen.net\/wp-content\/uploads\/2026\/03\/PJCDMX-3-1-202x114.jpg 202w, https:\/\/www.diarioimagen.net\/wp-content\/uploads\/2026\/03\/PJCDMX-3-1-350x196.jpg 350w, https:\/\/www.diarioimagen.net\/wp-content\/uploads\/2026\/03\/PJCDMX-3-1-220x123.jpg 220w, https:\/\/www.diarioimagen.net\/wp-content\/uploads\/2026\/03\/PJCDMX-3-1-237x132.jpg 237w\" sizes=\"auto, (max-width: 460px) 100vw, 460px\" \/><p id=\"caption-attachment-710378\" class=\"wp-caption-text\">Jer\u00f3nimo Alejo, magistrado preidente del TDJ, explic\u00f3, se trabaja en el desarrollo de una plataforma digital que permitir\u00e1 presentar y dar seguimiento a las denuncias, la cual se prev\u00e9 que entre en operaci\u00f3n a finales de este a\u00f1o. Mientras tanto, las quejas pueden presentarse de manera direct<\/p><\/div>\n<p>Las magistraturas del Tribunal de Disciplina Judicial (TDJ) del Poder Judicial de la Ciudad de M\u00e9xico (PJCDMX), contin\u00faan con recorridos de acercamiento; el magistrado presidente del tribunal Nicol\u00e1s Jer\u00f3nimo Alejo, en compa\u00f1\u00eda de las magistradas Nahyeli Ortiz Quintero e Ixchel \u00c1lzaga Alc\u00e1ntara y del magistrado Diego Armando Guerrero Garc\u00eda visit\u00f3 diversas unidades de gesti\u00f3n judicial y juzgados penales ubicados en las instalaciones del Reclusorio Preventivo Varonil Norte, donde observaron el compromiso del personal judicial con la impartici\u00f3n de justicia.<\/p>\n<p>&nbsp;<\/p>\n<p>En sus pl\u00e1ticas de acercamiento institucional con las \u00e1reas penales, subray\u00f3 que el combate a la corrupci\u00f3n, el nepotismo y el maltrato hacia v\u00edctimas y personas usuarias del sistema es una prioridad. En este sentido, exhort\u00f3 a las y los trabajadores a presentar denuncias con plena confianza, con la certeza de que ser\u00e1n atendidas con objetividad e imparcialidad.<\/p>\n<p>&nbsp;<\/p>\n<p>El presidente Jer\u00f3nimo Alejo destac\u00f3 que el Tribunal de Disciplina est\u00e1 integrado en un 50 por ciento por personal de carrera judicial y en un 50 por ciento por personas externas al PJCDMX, lo que garantiza independencia y evita cualquier injerencia indebida en los procesos. Asimismo, enfatiz\u00f3 que el sigilo es un elemento fundamental durante las investigaciones.<\/p>\n<p>&nbsp;<\/p>\n<p>Actualmente, explic\u00f3, se trabaja en el desarrollo de una plataforma digital que permitir\u00e1 presentar y dar seguimiento a las denuncias, la cual se prev\u00e9 que entre en operaci\u00f3n a finales de este a\u00f1o. Mientras tanto, las quejas pueden presentarse de manera directa y recibir\u00e1n el seguimiento correspondiente.<\/p>\n<p>&nbsp;<\/p>\n<p>A su vez, el magistrado Diego Armando Guerrero Garc\u00eda exhort\u00f3 a las personas servidoras p\u00fablicas a ponerse en los zapatos de la ciudadan\u00eda que recurre al Tribunal para actuar con empat\u00eda ante problemas que pueden involucrar su patrimonio, libertad e incluso poner en riesgo su vida. Debemos avanzar hacia un Poder Judicial m\u00e1s cercano a la ciudadan\u00eda, pero tambi\u00e9n ser conscientes de las cargas de trabajo y condiciones con las que labora el personal.<\/p>\n<p>&nbsp;<\/p>\n<p>La magistrada Nahyeli Ortiz Quintero subray\u00f3 que la Reforma se construye todos los d\u00edas con la participaci\u00f3n de todas y todos. Destac\u00f3 que esta transformaci\u00f3n institucional busca, con investigaciones s\u00f3lidas y pulcras, erradicar pr\u00e1cticas como el nepotismo, la corrupci\u00f3n y el maltrato hacia v\u00edctimas y personas usuarias.<\/p>\n<p>&nbsp;<\/p>\n<p>Por su parte, la magistrada Ixchel \u00c1lzaga Alc\u00e1ntara enfatiz\u00f3 que el prop\u00f3sito de la visita es conocer al personal que labora en la impartici\u00f3n de justicia, escucharlo, identificar \u00e1reas de oportunidad y sensibilizarse para atender de manera integral la problem\u00e1tica, privilegiando soluciones m\u00e1s all\u00e1 de la sanci\u00f3n, a fin de consolidar una administraci\u00f3n de justicia \u00edntegra, transparente, sensible y cercana a la ciudadan\u00eda.<\/p>\n<p>&nbsp;<\/p>\n<p>&nbsp;<\/p>\n<p><strong>\u00a0<\/strong><\/p>\n<p>&nbsp;<\/p>\n<p><strong>\u00a0<\/strong><\/p>\n<p>&nbsp;<\/p>\n","protected":false},"excerpt":{"rendered":"<p>\u00a0 El combate a la corrupci\u00f3n, el nepotismo y el maltrato hacia v\u00edctimas y personas usuarias del sistema es una prioridad: Nicol\u00e1s Jer\u00f3nimo Alejo\u00a0 Se busca vanzar hacia un Poder Judicial m\u00e1s cercano y amigable con las personas justiciables, se\u00f1ala en recorrido por el Preventivo Varonil Norte Las magistraturas del Tribunal de Disciplina Judicial (TDJ) [&hellip;]<\/p>\n","protected":false},"author":14,"featured_media":710376,"comment_status":"open","ping_status":"open","sticky":false,"template":"","format":"standard","meta":{"_monsterinsights_skip_tracking":false,"_monsterinsights_sitenote_active":false,"_monsterinsights_sitenote_note":"","_monsterinsights_sitenote_category":0,"footnotes":""},"categories":[6],"tags":[],"class_list":["post-710375","post","type-post","status-publish","format-standard","has-post-thumbnail","hentry","category-cd-de-mexico"],"_links":{"self":[{"href":"https:\/\/www.diarioimagen.net\/index.php?rest_route=\/wp\/v2\/posts\/710375","targetHints":{"allow":["GET"]}}],"collection":[{"href":"https:\/\/www.diarioimagen.net\/index.php?rest_route=\/wp\/v2\/posts"}],"about":[{"href":"https:\/\/www.diarioimagen.net\/index.php?rest_route=\/wp\/v2\/types\/post"}],"author":[{"embeddable":true,"href":"https:\/\/www.diarioimagen.net\/index.php?rest_route=\/wp\/v2\/users\/14"}],"replies":[{"embeddable":true,"href":"https:\/\/www.diarioimagen.net\/index.php?rest_route=%2Fwp%2Fv2%2Fcomments&post=710375"}],"version-history":[{"count":1,"href":"https:\/\/www.diarioimagen.net\/index.php?rest_route=\/wp\/v2\/posts\/710375\/revisions"}],"predecessor-version":[{"id":710379,"href":"https:\/\/www.diarioimagen.net\/index.php?rest_route=\/wp\/v2\/posts\/710375\/revisions\/710379"}],"wp:featuredmedia":[{"embeddable":true,"href":"https:\/\/www.diarioimagen.net\/index.php?rest_route=\/wp\/v2\/media\/710376"}],"wp:attachment":[{"href":"https:\/\/www.diarioimagen.net\/index.php?rest_route=%2Fwp%2Fv2%2Fmedia&parent=710375"}],"wp:term":[{"taxonomy":"category","embeddable":true,"href":"https:\/\/www.diarioimagen.net\/index.php?rest_route=%2Fwp%2Fv2%2Fcategories&post=710375"},{"taxonomy":"post_tag","embeddable":true,"href":"https:\/\/www.diarioimagen.net\/index.php?rest_route=%2Fwp%2Fv2%2Ftags&post=710375"}],"curies":[{"name":"wp","href":"https:\/\/api.w.org\/{rel}","templated":true}]}}