{"id":710383,"date":"2026-03-05T19:54:34","date_gmt":"2026-03-06T01:54:34","guid":{"rendered":"https:\/\/www.diarioimagen.net\/?p=710383"},"modified":"2026-03-05T19:54:34","modified_gmt":"2026-03-06T01:54:34","slug":"eficiencia-energetica-eje-estrategico-en-los-procesos-productivos-de-pemex","status":"publish","type":"post","link":"https:\/\/www.diarioimagen.net\/?p=710383","title":{"rendered":"Eficiencia energ\u00e9tica , eje estrat\u00e9gico  en los procesos productivos de Pemex"},"content":{"rendered":"<ul>\n<li><strong>Establece indicadores espec\u00edficos de desempe\u00f1o ambiental<\/strong><\/li>\n<\/ul>\n<p><strong>\u00a0<\/strong><\/p>\n<div id=\"attachment_710384\" style=\"width: 417px\" class=\"wp-caption alignnone\"><img loading=\"lazy\" decoding=\"async\" aria-describedby=\"caption-attachment-710384\" class=\"wp-image-710384 size-large\" src=\"https:\/\/www.diarioimagen.net\/wp-content\/uploads\/2026\/03\/PEMEX-407x270.jpg\" alt=\"\" width=\"407\" height=\"270\" srcset=\"https:\/\/www.diarioimagen.net\/wp-content\/uploads\/2026\/03\/PEMEX-407x270.jpg 407w, https:\/\/www.diarioimagen.net\/wp-content\/uploads\/2026\/03\/PEMEX-240x159.jpg 240w, https:\/\/www.diarioimagen.net\/wp-content\/uploads\/2026\/03\/PEMEX-768x509.jpg 768w, https:\/\/www.diarioimagen.net\/wp-content\/uploads\/2026\/03\/PEMEX.jpg 979w\" sizes=\"auto, (max-width: 407px) 100vw, 407px\" \/><p id=\"caption-attachment-710384\" class=\"wp-caption-text\">Pemex impulsa estrategias para optimizar el uso de sus recursos, con el fin de consolidar la eficiencia energ\u00e9tica como un eje estrat\u00e9gico que fortalezca la competitividad, reduzca los impactos ambientales y contribuya a la sostenibilidad financiera y operativa.<\/p><\/div>\n<p>&nbsp;<\/p>\n<p>Petr\u00f3leos Mexicanos (Pemex) impulsa de manera permanente estrategias para optimizar el uso de sus recursos, con el fin de consolidar la eficiencia energ\u00e9tica como un eje estrat\u00e9gico que fortalezca la competitividad, reduzca los impactos ambientales y contribuya a la sostenibilidad financiera y operativa de la empresa.<\/p>\n<p>Como parte de sus metas hacia 2026, la empresa estableci\u00f3 indicadores espec\u00edficos de desempe\u00f1o ambiental. Los procesos de exploraci\u00f3n, extracci\u00f3n, refinaci\u00f3n, transporte y almacenamiento de hidrocarburos requieren importantes vol\u00famenes de calor, electricidad, vapor y combustibles para garantizar una operaci\u00f3n continua y segura.<\/p>\n<p>En el \u00e1rea de Exploraci\u00f3n y Extracci\u00f3n, el objetivo \u00edndice de emisiones es de 20.7 toneladas de di\u00f3xido de carbono (CO2) equivalente por cada mil barriles producidos. Una tonelada de CO2 es comparable a las emisiones que genera un autom\u00f3vil promedio al recorrer entre 4 mil y 5 mil kil\u00f3metros; es decir, reducir una tonelada implica retirar un veh\u00edculo de circulaci\u00f3n durante varios meses.<\/p>\n<p>En materia h\u00eddrica, la empresa se fij\u00f3 la meta de llegar a 52.4 millones de metros c\u00fabicos de agua reusada en refiner\u00edas. Esta cantidad equivale al consumo anual de una ciudad de m\u00e1s de 500 mil habitantes, bajo supuestos de consumo dom\u00e9stico promedio. Asimismo, los \u00edndices de uso de agua \u20140.29 metros c\u00fabicos (m3) por barril procesado en refinaci\u00f3n y 0.020 m3 por millones de pies c\u00fabicos en procesamiento de gas\u2014 reflejan esfuerzos por incrementar la producci\u00f3n con menor presi\u00f3n sobre el recurso h\u00eddrico, lo que fortalece la resiliencia ante escenarios de estr\u00e9s h\u00eddrico.<\/p>\n<p>En el sistema de Refinaci\u00f3n, el indicador es de 38.7 toneladas de di\u00f3xido de carbono equivalente (tCO2e) por cada mil barriles procesados, mientras que en procesamiento de gas asciende a 4.3 tCO2e por mill\u00f3n de pies c\u00fabicos procesados. Mejorar estos indicadores en solo 1 por ciento, puede representar reducciones equivalentes al consumo el\u00e9ctrico anual de miles de hogares mexicanos.<\/p>\n<p>Desde 2017, Pemex trabaja en conjunto con la Comisi\u00f3n Nacional para el Uso Eficiente de la Energ\u00eda (CONUEE) con el objetivo de implementar Sistemas de Gesti\u00f3n de la Energ\u00eda, alineados con el est\u00e1ndar internacional ISO 50001. Estas acciones permiten identificar oportunidades de mejora continua, establecer l\u00edneas base y consolidar una cultura organizacional orientada al desempe\u00f1o energ\u00e9tico.<\/p>\n<p>En Pemex, la eficiencia energ\u00e9tica representa una herramienta clave para disminuir costos operativos, reducir emisiones, optimizar el desempe\u00f1o industrial y fortalecer la soberan\u00eda energ\u00e9tica de M\u00e9xico.<\/p>\n<p><strong>\u00a0<\/strong><\/p>\n<p><strong>\u00a0<\/strong><\/p>\n","protected":false},"excerpt":{"rendered":"<p>Establece indicadores espec\u00edficos de desempe\u00f1o ambiental \u00a0 &nbsp; Petr\u00f3leos Mexicanos (Pemex) impulsa de manera permanente estrategias para optimizar el uso de sus recursos, con el fin de consolidar la eficiencia energ\u00e9tica como un eje estrat\u00e9gico que fortalezca la competitividad, reduzca los impactos ambientales y contribuya a la sostenibilidad financiera y operativa de la empresa. Como [&hellip;]<\/p>\n","protected":false},"author":14,"featured_media":710384,"comment_status":"open","ping_status":"open","sticky":false,"template":"","format":"standard","meta":{"_monsterinsights_skip_tracking":false,"_monsterinsights_sitenote_active":false,"_monsterinsights_sitenote_note":"","_monsterinsights_sitenote_category":0,"footnotes":""},"categories":[3],"tags":[],"class_list":["post-710383","post","type-post","status-publish","format-standard","has-post-thumbnail","hentry","category-nacional"],"_links":{"self":[{"href":"https:\/\/www.diarioimagen.net\/index.php?rest_route=\/wp\/v2\/posts\/710383","targetHints":{"allow":["GET"]}}],"collection":[{"href":"https:\/\/www.diarioimagen.net\/index.php?rest_route=\/wp\/v2\/posts"}],"about":[{"href":"https:\/\/www.diarioimagen.net\/index.php?rest_route=\/wp\/v2\/types\/post"}],"author":[{"embeddable":true,"href":"https:\/\/www.diarioimagen.net\/index.php?rest_route=\/wp\/v2\/users\/14"}],"replies":[{"embeddable":true,"href":"https:\/\/www.diarioimagen.net\/index.php?rest_route=%2Fwp%2Fv2%2Fcomments&post=710383"}],"version-history":[{"count":1,"href":"https:\/\/www.diarioimagen.net\/index.php?rest_route=\/wp\/v2\/posts\/710383\/revisions"}],"predecessor-version":[{"id":710385,"href":"https:\/\/www.diarioimagen.net\/index.php?rest_route=\/wp\/v2\/posts\/710383\/revisions\/710385"}],"wp:featuredmedia":[{"embeddable":true,"href":"https:\/\/www.diarioimagen.net\/index.php?rest_route=\/wp\/v2\/media\/710384"}],"wp:attachment":[{"href":"https:\/\/www.diarioimagen.net\/index.php?rest_route=%2Fwp%2Fv2%2Fmedia&parent=710383"}],"wp:term":[{"taxonomy":"category","embeddable":true,"href":"https:\/\/www.diarioimagen.net\/index.php?rest_route=%2Fwp%2Fv2%2Fcategories&post=710383"},{"taxonomy":"post_tag","embeddable":true,"href":"https:\/\/www.diarioimagen.net\/index.php?rest_route=%2Fwp%2Fv2%2Ftags&post=710383"}],"curies":[{"name":"wp","href":"https:\/\/api.w.org\/{rel}","templated":true}]}}