{"id":710386,"date":"2026-03-05T19:56:52","date_gmt":"2026-03-06T01:56:52","guid":{"rendered":"https:\/\/www.diarioimagen.net\/?p=710386"},"modified":"2026-03-05T20:07:05","modified_gmt":"2026-03-06T02:07:05","slug":"compadr3s-show-risa-a-tres-voces-en-el-teatro-metropolitan","status":"publish","type":"post","link":"https:\/\/www.diarioimagen.net\/?p=710386","title":{"rendered":"Compadr3s Show: Risa a tres voces en el Teatro Metrop\u00f3litan"},"content":{"rendered":"<ul>\n<li><strong>M\u00e1s de tres horas de humor, improvisaci\u00f3n y complicidad<\/strong><\/li>\n<li><strong>Rogelio Ramos, Teo Gonz\u00e1lez y Jo Jo Jorge Falc\u00f3n unir\u00e1n sus talentos <\/strong><\/li>\n<\/ul>\n<p>&nbsp;<\/p>\n<div id=\"attachment_710387\" style=\"width: 226px\" class=\"wp-caption alignnone\"><img loading=\"lazy\" decoding=\"async\" aria-describedby=\"caption-attachment-710387\" class=\"wp-image-710387 size-large\" src=\"https:\/\/www.diarioimagen.net\/wp-content\/uploads\/2026\/03\/ROGELIO01-216x270.jpg\" alt=\"\" width=\"216\" height=\"270\" srcset=\"https:\/\/www.diarioimagen.net\/wp-content\/uploads\/2026\/03\/ROGELIO01-216x270.jpg 216w, https:\/\/www.diarioimagen.net\/wp-content\/uploads\/2026\/03\/ROGELIO01-192x240.jpg 192w, https:\/\/www.diarioimagen.net\/wp-content\/uploads\/2026\/03\/ROGELIO01-768x960.jpg 768w, https:\/\/www.diarioimagen.net\/wp-content\/uploads\/2026\/03\/ROGELIO01-1229x1536.jpg 1229w, https:\/\/www.diarioimagen.net\/wp-content\/uploads\/2026\/03\/ROGELIO01-1639x2048.jpg 1639w, https:\/\/www.diarioimagen.net\/wp-content\/uploads\/2026\/03\/ROGELIO01-scaled.jpg 2048w\" sizes=\"auto, (max-width: 216px) 100vw, 216px\" \/><p id=\"caption-attachment-710387\" class=\"wp-caption-text\">Rogelio Ramos celebra su reencuentro con Teo Gonz\u00e1lez y Jo Jo Jorge Falc\u00f3n en el escenario del Teatro Metrop\u00f3litan.<\/p><\/div>\n<p>&nbsp;<\/p>\n<p><strong>Por Arturo Arellano <\/strong><\/p>\n<p>&nbsp;<\/p>\n<p>La risa tiene cita en el Teatro Metrop\u00f3litan este s\u00e1bado 21 de marzo a las 19:00 horas, con la llegada del espect\u00e1culo \u201cCompadr3s Show\u201d, una reuni\u00f3n de tres grandes exponentes del humor mexicano: Jo Jo Jorge Falc\u00f3n, Teo Gonz\u00e1lez y Rogelio Ramos.<\/p>\n<p>&nbsp;<\/p>\n<p>El encuentro promete una velada inolvidable para los amantes de la comedia cl\u00e1sica, con un formato que mezcla rutinas individuales, improvisaci\u00f3n y una dosis generosa de humor cotidiano, s\u00e1tira y picard\u00eda.<\/p>\n<p>&nbsp;<\/p>\n<p>En entrevista con DIARIO IMAGEN, Rogelio Ramos comparti\u00f3 su entusiasmo por el espect\u00e1culo y el reencuentro con sus colegas \u201cEs un honor presentarme con estas leyendas vivientes de la comedia. Ya lo hemos hecho antes en otros escenarios, pero siempre para m\u00ed es un privilegio. Honor a quien honor merece; son dos grandes de la comedia mexicana\u201d, expres\u00f3.<\/p>\n<p>&nbsp;<\/p>\n<p>Ramos adelant\u00f3 que cada uno tendr\u00e1 su segmento en solitario, y al final unir\u00e1n fuerzas para cerrar con una ronda de chistes improvisados \u201cNo tenemos una escaleta. Lo hemos hecho varias veces y nos va muy bien. La gente nos quiere mucho y se porta amable con los tres; ellos son grandes \u00eddolos, y yo me columpio de eso\u201d, brome\u00f3 el comediante coahuilense.<\/p>\n<p>&nbsp;<\/p>\n<p><strong>Humor cl\u00e1sico en tiempos sensibles<\/strong><\/p>\n<p><strong>\u00a0<\/strong><\/p>\n<p>Para Ramos, mantener la esencia del humor tradicional es una decisi\u00f3n consciente y coherente con su trayectoria.<\/p>\n<p>&nbsp;<\/p>\n<p>\u201cLos standuperos los admiro y respeto porque hacen shows s\u00faper divertidos, sobre todo para los j\u00f3venes. Nosotros, en cambio, mantenemos la esencia de la comedia cl\u00e1sica, con un lenguaje m\u00e1s tranquilo. No digo que ellos lo hagan mal, solo que es diferente\u201d, explic\u00f3.<\/p>\n<p>&nbsp;<\/p>\n<p>Tambi\u00e9n reflexion\u00f3 sobre los retos de hacer humor en la era digital \u201cEl p\u00fablico que va a los shows no tiene problema, pero si alguien graba y lo sube a redes, se puede descontextualizar. Ninguno de nosotros hace comedia para ofender; buscamos que la gente se divierta, aunque a veces hay quienes son muy sensibles\u201d.<\/p>\n<p>&nbsp;<\/p>\n<p><strong>Entre amigos y an\u00e9cdotas<\/strong><\/p>\n<p>Rogelio Ramos comparti\u00f3 su cercan\u00eda con Teo Gonz\u00e1lez, con quien ha trabajado en numerosas giras por Estados Unidos \u201cCon Teo hice una gira en 2023 con muchas fechas en Estados Unidos. Es un comediante extraordinario, un amigo entra\u00f1able a quien quiero mucho. Tambi\u00e9n quiero a Jorge, pero he convivido m\u00e1s con Teo\u201d, coment\u00f3.<\/p>\n<p>&nbsp;<\/p>\n<p>Al cierre de la charla, el comediante extendi\u00f3 un mensaje a las nuevas generaciones \u201cFelicito a los nuevos comediantes. Que sean constantes y tengan alto nivel de tolerancia a la frustraci\u00f3n. Estoy abierto a colaborar con la vieja y la nueva escuela; me divierte mucho el stand up\u201d.<\/p>\n<p>&nbsp;<\/p>\n<p>\u201cCompadr3s Show\u201d garantizar\u00e1 m\u00ednimo tres horas de carcajadas y complicidad entre tres estilos distintos de humor, unidos por un mismo objetivo: hacer re\u00edr al p\u00fablico mexicano.<\/p>\n<p><strong>\u00a0<\/strong><\/p>\n<p>&nbsp;<\/p>\n","protected":false},"excerpt":{"rendered":"<p>M\u00e1s de tres horas de humor, improvisaci\u00f3n y complicidad Rogelio Ramos, Teo Gonz\u00e1lez y Jo Jo Jorge Falc\u00f3n unir\u00e1n sus talentos &nbsp; &nbsp; Por Arturo Arellano &nbsp; La risa tiene cita en el Teatro Metrop\u00f3litan este s\u00e1bado 21 de marzo a las 19:00 horas, con la llegada del espect\u00e1culo \u201cCompadr3s Show\u201d, una reuni\u00f3n de tres [&hellip;]<\/p>\n","protected":false},"author":14,"featured_media":710387,"comment_status":"open","ping_status":"open","sticky":false,"template":"","format":"standard","meta":{"_monsterinsights_skip_tracking":false,"_monsterinsights_sitenote_active":false,"_monsterinsights_sitenote_note":"","_monsterinsights_sitenote_category":0,"footnotes":""},"categories":[16,12],"tags":[],"class_list":["post-710386","post","type-post","status-publish","format-standard","has-post-thumbnail","hentry","category-destacadas","category-espectaculos"],"_links":{"self":[{"href":"https:\/\/www.diarioimagen.net\/index.php?rest_route=\/wp\/v2\/posts\/710386","targetHints":{"allow":["GET"]}}],"collection":[{"href":"https:\/\/www.diarioimagen.net\/index.php?rest_route=\/wp\/v2\/posts"}],"about":[{"href":"https:\/\/www.diarioimagen.net\/index.php?rest_route=\/wp\/v2\/types\/post"}],"author":[{"embeddable":true,"href":"https:\/\/www.diarioimagen.net\/index.php?rest_route=\/wp\/v2\/users\/14"}],"replies":[{"embeddable":true,"href":"https:\/\/www.diarioimagen.net\/index.php?rest_route=%2Fwp%2Fv2%2Fcomments&post=710386"}],"version-history":[{"count":3,"href":"https:\/\/www.diarioimagen.net\/index.php?rest_route=\/wp\/v2\/posts\/710386\/revisions"}],"predecessor-version":[{"id":710391,"href":"https:\/\/www.diarioimagen.net\/index.php?rest_route=\/wp\/v2\/posts\/710386\/revisions\/710391"}],"wp:featuredmedia":[{"embeddable":true,"href":"https:\/\/www.diarioimagen.net\/index.php?rest_route=\/wp\/v2\/media\/710387"}],"wp:attachment":[{"href":"https:\/\/www.diarioimagen.net\/index.php?rest_route=%2Fwp%2Fv2%2Fmedia&parent=710386"}],"wp:term":[{"taxonomy":"category","embeddable":true,"href":"https:\/\/www.diarioimagen.net\/index.php?rest_route=%2Fwp%2Fv2%2Fcategories&post=710386"},{"taxonomy":"post_tag","embeddable":true,"href":"https:\/\/www.diarioimagen.net\/index.php?rest_route=%2Fwp%2Fv2%2Ftags&post=710386"}],"curies":[{"name":"wp","href":"https:\/\/api.w.org\/{rel}","templated":true}]}}