{"id":710401,"date":"2026-03-05T20:29:34","date_gmt":"2026-03-06T02:29:34","guid":{"rendered":"https:\/\/www.diarioimagen.net\/?p=710401"},"modified":"2026-03-05T20:29:52","modified_gmt":"2026-03-06T02:29:52","slug":"van-los-mensajes-de-monreal-al-abismo-de-la-incapacidad-intelectual-de-los-suyos","status":"publish","type":"post","link":"https:\/\/www.diarioimagen.net\/?p=710401","title":{"rendered":"\u00a0\u00bfVan los mensajes de Monreal al abismo  de la incapacidad intelectual de los suyos? \u00a0\u00a0"},"content":{"rendered":"<p><strong>\u00a0<\/strong><strong>TRAS LA PUERTA DEL PODER: Roberto Vizcaino<\/strong><\/p>\n<p><strong>\u00a0<\/strong><\/p>\n<p><strong>\u00a0<\/strong><\/p>\n<p><strong>\u00a0<\/strong><\/p>\n<p>Cerrados al di\u00e1logo, a reconocer a opositores y con comportamientos que contradicen ideales y postulados fundacionales buena parte de la c\u00fapula y muchos de los cuadros de Morena podr\u00edan llevar a la 4T a perder el gobierno ante la derecha en 2027, advierte\u00a0<strong>Ricardo Monreal<\/strong>\u00a0en su libro 49 -435 p\u00e1ginas- bajo el t\u00edtulo de <strong><em>Morena, historia y perspectivas<\/em><\/strong>.<\/p>\n<p>Presentado por \u00e9l mismo el martes, ante un lleno total del Sal\u00f3n Verde del Palacio Legislativo de San L\u00e1zaro, el coordinador de la mayor\u00eda de diputados federales de Morena y presidente de la Junta de Coordinaci\u00f3n Pol\u00edtica advierte claramente que Morena podr\u00eda perder el poder en las elecciones de 2027.<\/p>\n<p>Dice:<\/p>\n<p><strong>\u201c\u2026\u00a0Morena tiene posibilidades de continuar en el gobierno si no fallamos<\/strong>; tiene posibilidades de convertirse y de mantenerse como el principal instrumento social del pueblo de M\u00e9xico\u201d.<\/p>\n<p>El zacatecano se ha configurado en su paso como precandidato presidencial de Morena en 2024, y en su paso como l\u00edder de los senadores de Morena en la legislatura anterior -que acompa\u00f1\u00f3 a\u00a0<strong>Andr\u00e9s Manuel L\u00f3pez Obrador<\/strong>\u00a0en su mandato-, como un dirigente autocr\u00edtico y cuyas opiniones han chocado y creado animadversiones dentro de la 4T.<\/p>\n<p>Hoy, alerta a sus dirigentes y elementos medios en 4T:<\/p>\n<p>\u201c\u2026 tenemos que mejorar nuestra condici\u00f3n de pol\u00edticos, de servidores p\u00fablicos, dirigentes sociales.<\/p>\n<p>\u201cPor vez primera gobierna a la izquierda en M\u00e9xico\u2026 empecemos a deliberar y a debatir sobre nuestra historia, sobre lo que es nuestro movimiento, sobre lo que representa nuestro movimiento y sobre c\u00f3mo se fue construyendo.<\/p>\n<p>\u201cEstamos a tiempo,\u00a0<strong>porque en el 2027 viene una elecci\u00f3n que desde mi punto de vista no ser\u00e1 igual que la del 24. <\/strong><strong>La del 27 tiene m\u00e1s retos, m\u00e1s dificultades, tenemos que prepararnos ideol\u00f3gica y pol\u00edticamente para enfrentar el debate con la extrema derecha que cada vez avanza de manera vertiginosa en nuestro perjuicio y en nuestra contra<\/strong>.<\/p>\n<p>\u201cActuemos en consecuencia y cuidemos mucho nuestras conductas personales que ahora somos f\u00e1cilmente cuestionables y vigilados en todas partes por lo que hacemos o dejemos de hacer. La congruencia es una de las virtudes que como movimiento tenemos que cuidar\u201d.<\/p>\n<p>En busca -quiz\u00e1 involuntariamente- de convertirse en el\u00a0<strong>Reyes Heroles<\/strong>\u00a0dentro de Morena,\u00a0<strong>Monreal\u00a0<\/strong>recupera ahora en su libro la permanente confrontaci\u00f3n en dos siglos de conservadores y liberales para concluir en que el surgimiento del Movimiento de Regeneraci\u00f3n Nacional busca reivindicar a las izquierdas a trav\u00e9s de proponer pol\u00edticas de justicia social.<\/p>\n<p>En este contexto, y bajo este an\u00e1lisis, Morena no es producto de s\u00f3lo la b\u00fasqueda del ascenso de\u00a0<strong>Andr\u00e9s Manuel L\u00f3pez Obrador<\/strong>\u00a0a la presidencia del pa\u00eds, sino para cumplir con un proyecto de justicia social y pol\u00edtico de largo alcance.<\/p>\n<p>En este intento de darle una explicaci\u00f3n intelectual al ejercicio del poder de la 4T, Monreal pide a analistas y polit\u00f3logos, a quienes siguen movimientos sociales, leer su libro y abrir un debate para fortalecer el Movimiento de Regeneraci\u00f3n Nacional.<\/p>\n<p>Pero sin duda, en su presentaci\u00f3n, alerta a quienes dentro de Morena no atienden reclamos y tratan con soberbia a minor\u00edas y opositores.<\/p>\n<p>&nbsp;<\/p>\n<p><strong>Alito insiste en ir a una <\/strong><strong>alianza con PAN y MC; estos lo rechazan<\/strong><\/p>\n<p>&nbsp;<\/p>\n<p>Al encabezar con un gran acto el aniversario 96 del PRI, el senador\u00a0<strong>Alejandro\u00a0<em>Alito<\/em>\u00a0Moreno<\/strong>\u00a0insisti\u00f3 en pedirle al PAN y MC ir a una alianza anti-Morena como una alternativa para impedirle al partido en el poder consolidar una autocracia en M\u00e9xico.<\/p>\n<p>Les pidi\u00f3 dejar de lado las animadversiones personales hacia \u00e9l y su liderazgo en el PRI, y unirse con el s\u00f3lo fin de no permitirle a Morena ganar de nuevo la mayor\u00eda del Congreso en 2027.<\/p>\n<p>Volvi\u00f3 a esgrimirles a panistas y emecistas los porcentajes de elecciones anteriores que muestran que con sus votaciones podr\u00edan ganarle a Morena en 10 de las 17 gubernaturas en juego y las mayor\u00edas en C\u00e1mara de Diputados.<\/p>\n<p>En respuesta, las dirigencias de PAN y MC insistieron en que ir\u00e1n solos en el proceso de 2027.<\/p>\n<p>&nbsp;<\/p>\n<p>Twitter: @_Vizcaino \/ Facebook<\/p>\n<p>\/\u00a0<a href=\"https:\/\/www.facebook.com\/rvizcainoa\">https:\/\/www.facebook.com\/rvizcainoa<\/a><\/p>\n<p>&nbsp;<\/p>\n","protected":false},"excerpt":{"rendered":"<p>\u00a0TRAS LA PUERTA DEL PODER: Roberto Vizcaino \u00a0 \u00a0 \u00a0 Cerrados al di\u00e1logo, a reconocer a opositores y con comportamientos que contradicen ideales y postulados fundacionales buena parte de la c\u00fapula y muchos de los cuadros de Morena podr\u00edan llevar a la 4T a perder el gobierno ante la derecha en 2027, advierte\u00a0Ricardo Monreal\u00a0en su [&hellip;]<\/p>\n","protected":false},"author":14,"featured_media":0,"comment_status":"open","ping_status":"open","sticky":false,"template":"","format":"standard","meta":{"_monsterinsights_skip_tracking":false,"_monsterinsights_sitenote_active":false,"_monsterinsights_sitenote_note":"","_monsterinsights_sitenote_category":0,"footnotes":""},"categories":[4,136],"tags":[],"class_list":["post-710401","post","type-post","status-publish","format-standard","hentry","category-opinion","category-roberto-vizcaino-opinion"],"_links":{"self":[{"href":"https:\/\/www.diarioimagen.net\/index.php?rest_route=\/wp\/v2\/posts\/710401","targetHints":{"allow":["GET"]}}],"collection":[{"href":"https:\/\/www.diarioimagen.net\/index.php?rest_route=\/wp\/v2\/posts"}],"about":[{"href":"https:\/\/www.diarioimagen.net\/index.php?rest_route=\/wp\/v2\/types\/post"}],"author":[{"embeddable":true,"href":"https:\/\/www.diarioimagen.net\/index.php?rest_route=\/wp\/v2\/users\/14"}],"replies":[{"embeddable":true,"href":"https:\/\/www.diarioimagen.net\/index.php?rest_route=%2Fwp%2Fv2%2Fcomments&post=710401"}],"version-history":[{"count":2,"href":"https:\/\/www.diarioimagen.net\/index.php?rest_route=\/wp\/v2\/posts\/710401\/revisions"}],"predecessor-version":[{"id":710403,"href":"https:\/\/www.diarioimagen.net\/index.php?rest_route=\/wp\/v2\/posts\/710401\/revisions\/710403"}],"wp:attachment":[{"href":"https:\/\/www.diarioimagen.net\/index.php?rest_route=%2Fwp%2Fv2%2Fmedia&parent=710401"}],"wp:term":[{"taxonomy":"category","embeddable":true,"href":"https:\/\/www.diarioimagen.net\/index.php?rest_route=%2Fwp%2Fv2%2Fcategories&post=710401"},{"taxonomy":"post_tag","embeddable":true,"href":"https:\/\/www.diarioimagen.net\/index.php?rest_route=%2Fwp%2Fv2%2Ftags&post=710401"}],"curies":[{"name":"wp","href":"https:\/\/api.w.org\/{rel}","templated":true}]}}