{"id":710526,"date":"2026-03-08T22:19:01","date_gmt":"2026-03-09T04:19:01","guid":{"rendered":"https:\/\/www.diarioimagen.net\/?p=710526"},"modified":"2026-03-08T22:19:01","modified_gmt":"2026-03-09T04:19:01","slug":"el-verdadero-liderazgo-se-mide-en-acciones-y-no-en-palabras-david-parra","status":"publish","type":"post","link":"https:\/\/www.diarioimagen.net\/?p=710526","title":{"rendered":"El verdadero liderazgo se mide en  acciones y no en palabras: David Parra"},"content":{"rendered":"<ul>\n<li><strong>Apoyo al empoderamiento de naucalpenses<\/strong><\/li>\n<\/ul>\n<div id=\"attachment_710527\" style=\"width: 213px\" class=\"wp-caption alignnone\"><img loading=\"lazy\" decoding=\"async\" aria-describedby=\"caption-attachment-710527\" class=\"wp-image-710527 size-large\" src=\"https:\/\/www.diarioimagen.net\/wp-content\/uploads\/2026\/03\/BAENA-2-ok-5-203x270.jpg\" alt=\"\" width=\"203\" height=\"270\" srcset=\"https:\/\/www.diarioimagen.net\/wp-content\/uploads\/2026\/03\/BAENA-2-ok-5-203x270.jpg 203w, https:\/\/www.diarioimagen.net\/wp-content\/uploads\/2026\/03\/BAENA-2-ok-5-180x240.jpg 180w, https:\/\/www.diarioimagen.net\/wp-content\/uploads\/2026\/03\/BAENA-2-ok-5-768x1024.jpg 768w, https:\/\/www.diarioimagen.net\/wp-content\/uploads\/2026\/03\/BAENA-2-ok-5-1152x1536.jpg 1152w, https:\/\/www.diarioimagen.net\/wp-content\/uploads\/2026\/03\/BAENA-2-ok-5.jpg 1500w\" sizes=\"auto, (max-width: 203px) 100vw, 203px\" \/><p id=\"caption-attachment-710527\" class=\"wp-caption-text\">El presidente de la asociaci\u00f3n civil Proyecto Social Naucalpan, David Parra S\u00e1nchez, reiter\u00f3 su compromiso de seguir apoyando el empoderamiento de las y los naucalpenses.<\/p><\/div>\n<p><strong>\u00a0<\/strong><\/p>\n<p><strong>\u00a0<\/strong><\/p>\n<p><strong>\u00a0<\/strong><\/p>\n<p>&nbsp;<\/p>\n<p>Por Arturo Baena<\/p>\n<p>&nbsp;<\/p>\n<p>Naucalpan, M\u00e9x.- El verdadero liderazgo no se mide en discursos, sino en la capacidad de mirar a los ojos, escuchar y acompa\u00f1ar a la sociedad, es decir en acciones.\u00a0 Hay momentos que no necesitan palabras. Solo presencia, respeto y humanidad.<\/p>\n<p>&nbsp;<\/p>\n<p>As\u00ed lo expres\u00f3 el luchador social y presidente de la asociaci\u00f3n civil Proyecto Social Naucalpan, David Parra S\u00e1nchez, luego de reiterar su compromiso de seguir apoyando el empoderamiento de las y los naucalpenses.<\/p>\n<p>&nbsp;<\/p>\n<p>\u201cLa justicia social busca garantizar la equidad, igualdad de oportunidades y el respeto a los derechos humanos que son\u00a0 fundamentales para todas las personas, independientemente de su origen, g\u00e9nero o condici\u00f3n. El\u00a0 objetivo principal, es reducir la pobreza y eliminar barreras de discriminaci\u00f3n\u201d, dijo.<\/p>\n<p>&nbsp;<\/p>\n<p>Por otra parte, en el marco de la conmemoraci\u00f3n del \u00abD\u00eda Internacional de la Mujer\u00bb, Parra S\u00e1nchez destac\u00f3 que a\u00fan falta mucho por hacer en favor de este g\u00e9nero no s\u00f3lo del Estado de M\u00e9xico, sino del pa\u00eds entero, por lo cual se debe garantizar su seguridad y desarrollo.<\/p>\n<p>&nbsp;<\/p>\n<p>\u201cUrge un alto total a los feminicidios y justicia para los casos de desapariciones, as\u00ed como el respeto a los derechos reproductivos, laborales y de igualdad hacia las mujeres en todo el territorio\u201d, remarc\u00f3.<\/p>\n<p>&nbsp;<\/p>\n<p>&nbsp;<\/p>\n<p><strong>\u00a0<\/strong><\/p>\n","protected":false},"excerpt":{"rendered":"<p>Apoyo al empoderamiento de naucalpenses \u00a0 \u00a0 \u00a0 &nbsp; Por Arturo Baena &nbsp; Naucalpan, M\u00e9x.- El verdadero liderazgo no se mide en discursos, sino en la capacidad de mirar a los ojos, escuchar y acompa\u00f1ar a la sociedad, es decir en acciones.\u00a0 Hay momentos que no necesitan palabras. Solo presencia, respeto y humanidad. &nbsp; As\u00ed [&hellip;]<\/p>\n","protected":false},"author":14,"featured_media":710527,"comment_status":"open","ping_status":"open","sticky":false,"template":"","format":"standard","meta":{"_monsterinsights_skip_tracking":false,"_monsterinsights_sitenote_active":false,"_monsterinsights_sitenote_note":"","_monsterinsights_sitenote_category":0,"footnotes":""},"categories":[5],"tags":[],"class_list":["post-710526","post","type-post","status-publish","format-standard","has-post-thumbnail","hentry","category-estado-de-mexico"],"_links":{"self":[{"href":"https:\/\/www.diarioimagen.net\/index.php?rest_route=\/wp\/v2\/posts\/710526","targetHints":{"allow":["GET"]}}],"collection":[{"href":"https:\/\/www.diarioimagen.net\/index.php?rest_route=\/wp\/v2\/posts"}],"about":[{"href":"https:\/\/www.diarioimagen.net\/index.php?rest_route=\/wp\/v2\/types\/post"}],"author":[{"embeddable":true,"href":"https:\/\/www.diarioimagen.net\/index.php?rest_route=\/wp\/v2\/users\/14"}],"replies":[{"embeddable":true,"href":"https:\/\/www.diarioimagen.net\/index.php?rest_route=%2Fwp%2Fv2%2Fcomments&post=710526"}],"version-history":[{"count":1,"href":"https:\/\/www.diarioimagen.net\/index.php?rest_route=\/wp\/v2\/posts\/710526\/revisions"}],"predecessor-version":[{"id":710528,"href":"https:\/\/www.diarioimagen.net\/index.php?rest_route=\/wp\/v2\/posts\/710526\/revisions\/710528"}],"wp:featuredmedia":[{"embeddable":true,"href":"https:\/\/www.diarioimagen.net\/index.php?rest_route=\/wp\/v2\/media\/710527"}],"wp:attachment":[{"href":"https:\/\/www.diarioimagen.net\/index.php?rest_route=%2Fwp%2Fv2%2Fmedia&parent=710526"}],"wp:term":[{"taxonomy":"category","embeddable":true,"href":"https:\/\/www.diarioimagen.net\/index.php?rest_route=%2Fwp%2Fv2%2Fcategories&post=710526"},{"taxonomy":"post_tag","embeddable":true,"href":"https:\/\/www.diarioimagen.net\/index.php?rest_route=%2Fwp%2Fv2%2Ftags&post=710526"}],"curies":[{"name":"wp","href":"https:\/\/api.w.org\/{rel}","templated":true}]}}