{"id":710568,"date":"2026-03-08T22:30:09","date_gmt":"2026-03-09T04:30:09","guid":{"rendered":"https:\/\/www.diarioimagen.net\/?p=710568"},"modified":"2026-03-08T22:30:09","modified_gmt":"2026-03-09T04:30:09","slug":"aplica-el-gem-1-2-millones-de-dosis-contra-sarampion-en-19-dias","status":"publish","type":"post","link":"https:\/\/www.diarioimagen.net\/?p=710568","title":{"rendered":"Aplica el GEM 1.2 millones de dosis contra sarampi\u00f3n en 19 d\u00edas"},"content":{"rendered":"<p>&nbsp;<\/p>\n<ul>\n<li><strong>Como parte de Estrategia Nacional\u00a0 <\/strong><\/li>\n<\/ul>\n<p><strong>\u00a0<\/strong><\/p>\n<div id=\"attachment_710577\" style=\"width: 418px\" class=\"wp-caption alignnone\"><img loading=\"lazy\" decoding=\"async\" aria-describedby=\"caption-attachment-710577\" class=\"wp-image-710577 size-large\" src=\"https:\/\/www.diarioimagen.net\/wp-content\/uploads\/2026\/03\/EDOMEX-2-ok-4-408x270.jpg\" alt=\"\" width=\"408\" height=\"270\" srcset=\"https:\/\/www.diarioimagen.net\/wp-content\/uploads\/2026\/03\/EDOMEX-2-ok-4-408x270.jpg 408w, https:\/\/www.diarioimagen.net\/wp-content\/uploads\/2026\/03\/EDOMEX-2-ok-4-240x159.jpg 240w, https:\/\/www.diarioimagen.net\/wp-content\/uploads\/2026\/03\/EDOMEX-2-ok-4-768x508.jpg 768w, https:\/\/www.diarioimagen.net\/wp-content\/uploads\/2026\/03\/EDOMEX-2-ok-4.jpg 1500w\" sizes=\"auto, (max-width: 408px) 100vw, 408px\" \/><p id=\"caption-attachment-710577\" class=\"wp-caption-text\">El Edomex aplic\u00f3, del 12 de febrero al 2 de marzo, 1 mill\u00f3n 277 mil 753 dosis de vacunas contra sarampi\u00f3n, con ello, la entidad mexiquense se coloc\u00f3 en el primer lugar en el pa\u00eds en el n\u00famero de inmunizaciones durante este periodo.<\/p><\/div>\n<p>&nbsp;<\/p>\n<p>&nbsp;<\/p>\n<p>Toluca, Estado de M\u00e9xico.\u2013 El Gobierno del Estado de M\u00e9xico aplic\u00f3, del 12 de febrero al 2 de marzo, 1 mill\u00f3n 277 mil 753 dosis de vacunas contra sarampi\u00f3n, como parte de la Estrategia Nacional de Atenci\u00f3n a esta enfermedad; con ello, la entidad mexiquense se coloc\u00f3 en el primer lugar en el pa\u00eds en el n\u00famero de inmunizaciones durante este periodo.<\/p>\n<p>&nbsp;<\/p>\n<p>&nbsp;<\/p>\n<p>El resultado deriva de acciones que priorizan a los sectores m\u00e1s vulnerables como la Semana Estatal de Vacunaci\u00f3n y las Jornadas Dominicales en Templos Religiosos. Con estas medidas, la entidad mantiene tasa cero de fallecimientos y 174 casos confirmados durante 2026, cifra por debajo de la media nacional, ya que la entidad mexiquense registra 0.98 casos por cada 100 mil habitantes, mientras que la media nacional es de 4.30.<\/p>\n<p>&nbsp;<\/p>\n<p>Macarena Montoya Olvera, Secretaria de Salud estatal, se\u00f1al\u00f3 que el compromiso de la Gobernadora Delfina G\u00f3mez \u00c1lvarez coloca el bienestar de las y los mexiquenses como una prioridad, con especial atenci\u00f3n a la poblaci\u00f3n estudiantil.<\/p>\n<p>&nbsp;<\/p>\n<p>Por ello, desde el 9 de febrero y en coordinaci\u00f3n con autoridades educativas, la Secretar\u00eda de Salud recomend\u00f3 el uso correcto de cubrebocas en espacios cerrados y la instalaci\u00f3n de filtros sanitarios, acciones que permiten la detecci\u00f3n de casos y contener contagios.<\/p>\n<p>&nbsp;<\/p>\n<p>A\u00f1adi\u00f3 que el Instituto de Salud del Estado de M\u00e9xico (ISEM) mantiene jornadas permanentes de vacunaci\u00f3n en todo el territorio estatal, incluso los fines de semana, con el objetivo de acercar los biol\u00f3gicos a comunidades alejadas y garantizar cobertura en la poblaci\u00f3n.<\/p>\n<p>&nbsp;<\/p>\n<p>En total, en el Estado de M\u00e9xico se han aplicado 2.7 millones de dosis desde 2025. Autoridades de salud reiteran el llamado a la poblaci\u00f3n a acudir a las unidades m\u00e9dicas de primer nivel para recibir la vacuna contra sarampi\u00f3n o completar el esquema b\u00e1sico.<\/p>\n<p>&nbsp;<\/p>\n<p>&nbsp;<\/p>\n<p>&nbsp;<\/p>\n<p>&nbsp;<\/p>\n","protected":false},"excerpt":{"rendered":"<p>&nbsp; Como parte de Estrategia Nacional\u00a0 \u00a0 &nbsp; &nbsp; Toluca, Estado de M\u00e9xico.\u2013 El Gobierno del Estado de M\u00e9xico aplic\u00f3, del 12 de febrero al 2 de marzo, 1 mill\u00f3n 277 mil 753 dosis de vacunas contra sarampi\u00f3n, como parte de la Estrategia Nacional de Atenci\u00f3n a esta enfermedad; con ello, la entidad mexiquense se [&hellip;]<\/p>\n","protected":false},"author":14,"featured_media":710577,"comment_status":"open","ping_status":"open","sticky":false,"template":"","format":"standard","meta":{"_monsterinsights_skip_tracking":false,"_monsterinsights_sitenote_active":false,"_monsterinsights_sitenote_note":"","_monsterinsights_sitenote_category":0,"footnotes":""},"categories":[16,5],"tags":[],"class_list":["post-710568","post","type-post","status-publish","format-standard","has-post-thumbnail","hentry","category-destacadas","category-estado-de-mexico"],"_links":{"self":[{"href":"https:\/\/www.diarioimagen.net\/index.php?rest_route=\/wp\/v2\/posts\/710568","targetHints":{"allow":["GET"]}}],"collection":[{"href":"https:\/\/www.diarioimagen.net\/index.php?rest_route=\/wp\/v2\/posts"}],"about":[{"href":"https:\/\/www.diarioimagen.net\/index.php?rest_route=\/wp\/v2\/types\/post"}],"author":[{"embeddable":true,"href":"https:\/\/www.diarioimagen.net\/index.php?rest_route=\/wp\/v2\/users\/14"}],"replies":[{"embeddable":true,"href":"https:\/\/www.diarioimagen.net\/index.php?rest_route=%2Fwp%2Fv2%2Fcomments&post=710568"}],"version-history":[{"count":1,"href":"https:\/\/www.diarioimagen.net\/index.php?rest_route=\/wp\/v2\/posts\/710568\/revisions"}],"predecessor-version":[{"id":710578,"href":"https:\/\/www.diarioimagen.net\/index.php?rest_route=\/wp\/v2\/posts\/710568\/revisions\/710578"}],"wp:featuredmedia":[{"embeddable":true,"href":"https:\/\/www.diarioimagen.net\/index.php?rest_route=\/wp\/v2\/media\/710577"}],"wp:attachment":[{"href":"https:\/\/www.diarioimagen.net\/index.php?rest_route=%2Fwp%2Fv2%2Fmedia&parent=710568"}],"wp:term":[{"taxonomy":"category","embeddable":true,"href":"https:\/\/www.diarioimagen.net\/index.php?rest_route=%2Fwp%2Fv2%2Fcategories&post=710568"},{"taxonomy":"post_tag","embeddable":true,"href":"https:\/\/www.diarioimagen.net\/index.php?rest_route=%2Fwp%2Fv2%2Ftags&post=710568"}],"curies":[{"name":"wp","href":"https:\/\/api.w.org\/{rel}","templated":true}]}}