{"id":710648,"date":"2026-03-08T22:50:23","date_gmt":"2026-03-09T04:50:23","guid":{"rendered":"https:\/\/www.diarioimagen.net\/?p=710648"},"modified":"2026-03-08T22:50:23","modified_gmt":"2026-03-09T04:50:23","slug":"clara-brugada-reconoce-a-las-mujeres-futbolistas-del-71-que-abrieron-camino","status":"publish","type":"post","link":"https:\/\/www.diarioimagen.net\/?p=710648","title":{"rendered":"\u00a0  Clara Brugada reconoce a las mujeres  futbolistas del 71 que abrieron camino"},"content":{"rendered":"<ul>\n<li><strong>Generaci\u00f3n que rompi\u00f3 barreras y desafi\u00f3 estereotipos<\/strong><\/li>\n<\/ul>\n<div id=\"attachment_710649\" style=\"width: 415px\" class=\"wp-caption alignnone\"><img loading=\"lazy\" decoding=\"async\" aria-describedby=\"caption-attachment-710649\" class=\"wp-image-710649 size-large\" src=\"https:\/\/www.diarioimagen.net\/wp-content\/uploads\/2026\/03\/BRUGADA-ok-3-405x270.jpg\" alt=\"\" width=\"405\" height=\"270\" srcset=\"https:\/\/www.diarioimagen.net\/wp-content\/uploads\/2026\/03\/BRUGADA-ok-3-405x270.jpg 405w, https:\/\/www.diarioimagen.net\/wp-content\/uploads\/2026\/03\/BRUGADA-ok-3-240x160.jpg 240w, https:\/\/www.diarioimagen.net\/wp-content\/uploads\/2026\/03\/BRUGADA-ok-3-768x511.jpg 768w, https:\/\/www.diarioimagen.net\/wp-content\/uploads\/2026\/03\/BRUGADA-ok-3.jpg 1500w\" sizes=\"auto, (max-width: 405px) 100vw, 405px\" \/><p id=\"caption-attachment-710649\" class=\"wp-caption-text\">Clara Brugada Molina, en el Desayuno Homenaje a la Selecci\u00f3n Femenil de M\u00e9xico de 1971, de quienes escuch\u00f3 su historia y la manera en que fueron parte del torneo internacional en el que vencieron prejuicios y discriminaci\u00f3n<\/p><\/div>\n<p>&nbsp;<\/p>\n<p>La jefa de Gobierno de la Ciudad de M\u00e9xico, Clara Brugada Molina, acudi\u00f3 al Desayuno Homenaje a la Selecci\u00f3n Femenil de M\u00e9xico de 1971, de quienes escuch\u00f3 su historia y la manera en que fueron parte del torneo internacional en el que vencieron prejuicios y discriminaci\u00f3n para hacer historia como las pioneras.<\/p>\n<p>&nbsp;<\/p>\n<p>La mandataria capitalina record\u00f3 que pr\u00f3ximamente se llevar\u00e1 a cabo la Copa Mundial 2026, cuya inauguraci\u00f3n ser\u00e1 en la Ciudad de M\u00e9xico, por lo que subray\u00f3 que el objetivo es que cualquier evento deportivo tenga siempre caracter\u00edsticas de inclusi\u00f3n.<\/p>\n<p>&nbsp;<\/p>\n<p>A las titulares de las secretar\u00edas de Turismo, Mujeres y Cultura, as\u00ed como a la consejera Jur\u00eddica las convoc\u00f3 a sumar esfuerzos para reconocer la historia y la inclusi\u00f3n en el deporte, por lo que anunci\u00f3 que el 2 de enero se colocar\u00e1 una fotograf\u00eda con las pioneras del futbol en el exterior del edificio del gobierno capitalino.<\/p>\n<p>&nbsp;<\/p>\n<p>\u00abEstoy conmovida por todo lo que hemos escuchado y creo que tenemos una responsabilidad: pagar esta deuda que tenemos con las mujeres deportistas, futbolistas, pioneras, iniciadoras que nos han contado en pocas palabras el sufrimiento, la lucha, la discriminaci\u00f3n que sufrieron\u00bb, expres\u00f3 la jefa de Gobierno.<\/p>\n<p>&nbsp;<\/p>\n<p>La mandataria local dijo que de la historia de las pioneras se sabe poco, por lo que desde su administraci\u00f3n buscar\u00e1n darle difusi\u00f3n, entre cuyas actividades plante\u00f3 un encuentro de mujeres futbolistas de la Ciudad de M\u00e9xico.<\/p>\n<p>&nbsp;<\/p>\n<p>\u201cConsideramos muy importante que en el \u00e1mbito deportivo se puedan generar condiciones de igualdad y eso depende de nosotros, as\u00ed que vamos a ver y a garantizar que en lo deportivo promovamos m\u00e1s\u00bb, garantiz\u00f3 la Jefa de Gobierno.<\/p>\n<p>&nbsp;<\/p>\n<p>Entre las propuestas planteadas se encuentra la realizaci\u00f3n de un torneo de futbol femenino de la capital para el 2026, a\u00f1o en el que se buscar\u00e1 lograr tambi\u00e9n una Copa Mundial con juego limpio, sociedad justa, y sin discriminaci\u00f3n ni homofobia.<\/p>\n<p>&nbsp;<\/p>\n<p>Por su parte, la secretaria de Turismo, Alejandra Frausto Guerrero, record\u00f3 que en esta fecha se re\u00fanen, desde hace 54 a\u00f1os, las mujeres pioneras que marcaron historia, no s\u00f3lo en el deporte, sino que es una escuela que naci\u00f3 aqu\u00ed y es un feminismo activo.<\/p>\n<p>&nbsp;<\/p>\n<p>Indic\u00f3 que estas mujeres son inspiraci\u00f3n para seguir trabajando y agradeci\u00f3 la asistencia de Marion Reimers, \u00fanica mujer que ha narrado un juego de futbol de la Champions. \u201cQue diferente situaci\u00f3n existe, aunque todav\u00eda hay muchas barreras que derribar\u201d, puntualiz\u00f3 la funcionar\u00eda.<\/p>\n<p>&nbsp;<\/p>\n<p>Sobre la exposici\u00f3n fotogr\u00e1fica \u201cMemorias del 70, del 71 y del 86\u201d, Frausto Guerrero plante\u00f3: \u201chacer un homenaje a ustedes, que abrieron camino y retratarlas con una de las mejores talentos que hay en el mundo, que es Ivonne Venegas, gran fot\u00f3grafa\u201d.<\/p>\n<p>&nbsp;<\/p>\n<p>&nbsp;<\/p>\n<p>&nbsp;<\/p>\n","protected":false},"excerpt":{"rendered":"<p>Generaci\u00f3n que rompi\u00f3 barreras y desafi\u00f3 estereotipos &nbsp; La jefa de Gobierno de la Ciudad de M\u00e9xico, Clara Brugada Molina, acudi\u00f3 al Desayuno Homenaje a la Selecci\u00f3n Femenil de M\u00e9xico de 1971, de quienes escuch\u00f3 su historia y la manera en que fueron parte del torneo internacional en el que vencieron prejuicios y discriminaci\u00f3n para [&hellip;]<\/p>\n","protected":false},"author":14,"featured_media":710649,"comment_status":"open","ping_status":"open","sticky":false,"template":"","format":"standard","meta":{"_monsterinsights_skip_tracking":false,"_monsterinsights_sitenote_active":false,"_monsterinsights_sitenote_note":"","_monsterinsights_sitenote_category":0,"footnotes":""},"categories":[6],"tags":[],"class_list":["post-710648","post","type-post","status-publish","format-standard","has-post-thumbnail","hentry","category-cd-de-mexico"],"_links":{"self":[{"href":"https:\/\/www.diarioimagen.net\/index.php?rest_route=\/wp\/v2\/posts\/710648","targetHints":{"allow":["GET"]}}],"collection":[{"href":"https:\/\/www.diarioimagen.net\/index.php?rest_route=\/wp\/v2\/posts"}],"about":[{"href":"https:\/\/www.diarioimagen.net\/index.php?rest_route=\/wp\/v2\/types\/post"}],"author":[{"embeddable":true,"href":"https:\/\/www.diarioimagen.net\/index.php?rest_route=\/wp\/v2\/users\/14"}],"replies":[{"embeddable":true,"href":"https:\/\/www.diarioimagen.net\/index.php?rest_route=%2Fwp%2Fv2%2Fcomments&post=710648"}],"version-history":[{"count":1,"href":"https:\/\/www.diarioimagen.net\/index.php?rest_route=\/wp\/v2\/posts\/710648\/revisions"}],"predecessor-version":[{"id":710650,"href":"https:\/\/www.diarioimagen.net\/index.php?rest_route=\/wp\/v2\/posts\/710648\/revisions\/710650"}],"wp:featuredmedia":[{"embeddable":true,"href":"https:\/\/www.diarioimagen.net\/index.php?rest_route=\/wp\/v2\/media\/710649"}],"wp:attachment":[{"href":"https:\/\/www.diarioimagen.net\/index.php?rest_route=%2Fwp%2Fv2%2Fmedia&parent=710648"}],"wp:term":[{"taxonomy":"category","embeddable":true,"href":"https:\/\/www.diarioimagen.net\/index.php?rest_route=%2Fwp%2Fv2%2Fcategories&post=710648"},{"taxonomy":"post_tag","embeddable":true,"href":"https:\/\/www.diarioimagen.net\/index.php?rest_route=%2Fwp%2Fv2%2Ftags&post=710648"}],"curies":[{"name":"wp","href":"https:\/\/api.w.org\/{rel}","templated":true}]}}