{"id":710651,"date":"2026-03-08T22:52:30","date_gmt":"2026-03-09T04:52:30","guid":{"rendered":"https:\/\/www.diarioimagen.net\/?p=710651"},"modified":"2026-03-08T22:52:30","modified_gmt":"2026-03-09T04:52:30","slug":"igualdad-entre-mujeres-y-hombres-es-la-forma-mas-alta-de-justicia-para-una-nacion-magistrado-guerra-alvarez","status":"publish","type":"post","link":"https:\/\/www.diarioimagen.net\/?p=710651","title":{"rendered":"Igualdad entre mujeres y hombres  es la forma m\u00e1s alta de justicia para  una naci\u00f3n: magistrado Guerra \u00c1lvarez  \u00a0"},"content":{"rendered":"<p><strong>\u00a0<\/strong><\/p>\n<ul>\n<li><strong>El PJCDMX conmemora el D\u00eda Internacional de la Mujer con conversatorio y actividades digitales, sus integrantes se comprometen a derribar barreras estructurales para brindar justicia sin distinci\u00f3n o demora<\/strong><\/li>\n<\/ul>\n<div id=\"attachment_710652\" style=\"width: 427px\" class=\"wp-caption alignnone\"><img loading=\"lazy\" decoding=\"async\" aria-describedby=\"caption-attachment-710652\" class=\"wp-image-710652 size-large\" src=\"https:\/\/www.diarioimagen.net\/wp-content\/uploads\/2026\/03\/PJCDMX-1-2-417x270.jpg\" alt=\"\" width=\"417\" height=\"270\" srcset=\"https:\/\/www.diarioimagen.net\/wp-content\/uploads\/2026\/03\/PJCDMX-1-2-417x270.jpg 417w, https:\/\/www.diarioimagen.net\/wp-content\/uploads\/2026\/03\/PJCDMX-1-2-240x156.jpg 240w, https:\/\/www.diarioimagen.net\/wp-content\/uploads\/2026\/03\/PJCDMX-1-2-768x498.jpg 768w, https:\/\/www.diarioimagen.net\/wp-content\/uploads\/2026\/03\/PJCDMX-1-2-1536x996.jpg 1536w, https:\/\/www.diarioimagen.net\/wp-content\/uploads\/2026\/03\/PJCDMX-1-2-2048x1328.jpg 2048w\" sizes=\"auto, (max-width: 417px) 100vw, 417px\" \/><p id=\"caption-attachment-710652\" class=\"wp-caption-text\">El magistrado presidente Rafael Guerra \u00c1lvarez se\u00f1al\u00f3 que reconocer a las mujeres mexicanas por su perseverancia, liderazgo y capacidad para transformar el mundo, es la forma m\u00e1s alta de justicia que una naci\u00f3n puede alcanzar.<\/p><\/div>\n<div id=\"attachment_710653\" style=\"width: 190px\" class=\"wp-caption alignnone\"><img loading=\"lazy\" decoding=\"async\" aria-describedby=\"caption-attachment-710653\" class=\"wp-image-710653 size-large\" src=\"https:\/\/www.diarioimagen.net\/wp-content\/uploads\/2026\/03\/PJCDMX-2-2-180x270.jpg\" alt=\"\" width=\"180\" height=\"270\" srcset=\"https:\/\/www.diarioimagen.net\/wp-content\/uploads\/2026\/03\/PJCDMX-2-2-180x270.jpg 180w, https:\/\/www.diarioimagen.net\/wp-content\/uploads\/2026\/03\/PJCDMX-2-2-160x240.jpg 160w, https:\/\/www.diarioimagen.net\/wp-content\/uploads\/2026\/03\/PJCDMX-2-2-768x1151.jpg 768w, https:\/\/www.diarioimagen.net\/wp-content\/uploads\/2026\/03\/PJCDMX-2-2-1025x1536.jpg 1025w, https:\/\/www.diarioimagen.net\/wp-content\/uploads\/2026\/03\/PJCDMX-2-2.jpg 1260w\" sizes=\"auto, (max-width: 180px) 100vw, 180px\" \/><p id=\"caption-attachment-710653\" class=\"wp-caption-text\">El presidente del Tribunal de Disciplina Judicial, magistrado Nicol\u00e1s Jer\u00f3nimo Alejo, destac\u00f3 que la labor del PJCDMX no se limita a juzgar, sino a impartir justicia con conciencia social, que entienda los contextos de desigualdad que hist\u00f3ricamente han afectado a las mujeres.<\/p><\/div>\n<p>&nbsp;<\/p>\n<p>Reconocer a las mujeres mexicanas por su perseverancia, liderazgo y capacidad para transformar el mundo para que la igualdad entre mujeres y hombres no sea una aspiraci\u00f3n sino una realidad presente, es la forma m\u00e1s alta de justicia que una naci\u00f3n puede alcanzar, y esa misi\u00f3n identifica al Poder Judicial de la Ciudad de M\u00e9xico (PJCDMX) y seguiremos trabajando hasta garantizarla, asegur\u00f3 el presidente del Tribunal Superior de Justicia de la Ciudad de M\u00e9xico (TSJCDMX), magistrado Rafael Guerra \u00c1lvarez, al inaugurar el acto conmemorativo por el 8 de marzo.<\/p>\n<p>&nbsp;<\/p>\n<p>En el acto denominado D\u00eda Internacional de la Mujer: \u00abDerechos, justicia y acci\u00f3n para todas las Mujeres y Ni\u00f1as\u00bb, el presidente del Tribunal de Disciplina Judicial (TDJ), magistrado Nicol\u00e1s Jer\u00f3nimo Alejo, destac\u00f3 que la labor del PJCDMX no se limita a juzgar, sino a impartir justicia con conciencia social, que entienda los contextos de desigualdad que hist\u00f3ricamente han afectado a las mujeres.<\/p>\n<p>&nbsp;<\/p>\n<p>Jer\u00f3nimo Alejo se\u00f1al\u00f3 que este acto reconoce y reafirma el compromiso del Poder Judicial capitalino con garantizar una justicia accesible, imparcial y con perspectiva de g\u00e9nero que combata la violencia estructural y que reconozca tambi\u00e9n la invaluable labor de las mujeres de la instituci\u00f3n.<\/p>\n<p>&nbsp;<\/p>\n<p>En el auditorio Benito Ju\u00e1rez, ante juezas, jueces, magistradas y magistrados el presidente del \u00d3rgano de Administraci\u00f3n Judicial, Jorge Guerrero Mel\u00e9ndez, hizo un llamado para prestar especial atenci\u00f3n en las violencias que afectan a las ni\u00f1as, y a\u00f1adi\u00f3 que toda acci\u00f3n de justicia debe efectuarse sin demora, con paz y en donde las personas se sientan vistas, o\u00eddas y tratadas con dignidad.<\/p>\n<p>&nbsp;<\/p>\n<p>Sostuvo que, en 2026, el sistema de justicia debe dejar de ser un espectador de la ley y convertirse en un agente activo, en un aparato judicial que garantice los derechos de las mujeres, que elimine estereotipos, barreras estructurales y leyes con sesgos que evitan la aplicaci\u00f3n de justicia con procedimientos razonables y espec\u00edficos seg\u00fan los contextos de las v\u00edctimas.<\/p>\n<p>&nbsp;<\/p>\n<p><strong>Trabajo colaborativo con el PJCDMX <\/strong><\/p>\n<p>&nbsp;<\/p>\n<p>En representaci\u00f3n de la secretaria de las Mujeres de la Ciudad de M\u00e9xico, Daptnhe Cuevas Ortiz, acudi\u00f3 la Directora Ejecutiva de acceso a la Justicia y Espacio de Refugio, Melissa Zamora Vieyra, quien asegur\u00f3 que el trabajo colaborativo con el PJCDMX ha permitido proteger a miles de v\u00edctimas, situaci\u00f3n que tambi\u00e9n debe concientizar por todo el camino que falta para recorrer en materia de violencia de g\u00e9nero.<\/p>\n<p>&nbsp;<\/p>\n<p>Mencion\u00f3 que las acciones aplicadas hasta el d\u00eda de hoy demuestran el avance social e institucional, y abren un espacio de reflexi\u00f3n para seguir desarrollando estrategias que permitan dar m\u00e1s pasos hacia la garant\u00eda de una vida libre de violencia para las mujeres.<\/p>\n<p>&nbsp;<\/p>\n<p>El magistrado Guerra \u00c1lvarez subray\u00f3 que la capacitaci\u00f3n continua de las y los operadores judiciales a trav\u00e9s de la jurisprudencia de la Suprema Corte de Justicia de la Naci\u00f3n (SCJN) en materia de igualdad y su aplicaci\u00f3n; el Banco de Sentencias con Perspectiva de G\u00e9nero; el Manual para Identificar y Atender la Violencia de G\u00e9nero y la construcci\u00f3n y desarrollo de la Unidad Violeta que concentrar\u00e1 las material familiar, civil y penal en un solo sitio para que las v\u00edctimas accedan de manera m\u00e1s \u00e1gil a la justicia y a medidas de protecci\u00f3n, son acciones afirmativas del compromiso del TSJCDMX por garantizar justicia con perspectiva de g\u00e9nero.<\/p>\n<p>&nbsp;<\/p>\n<p>Los tres Presidentes de los \u00f3rganos del PJCDMX coincidieron en el desaf\u00edo que tiene la casa de justicia en materia de actualizaci\u00f3n continua, el fortalecimiento de mecanismos que erradiquen pr\u00e1cticas que afecten la vida y desempe\u00f1o de las mujeres al interior y exterior de la instituci\u00f3n y asumieron los desaf\u00edos que, desde el \u00e1mbito de su competencia, permitir\u00e1n contribuir a una sociedad justa, a la que sus instituciones no solo le entregan compromisos, sino resultados.<\/p>\n<p>&nbsp;<\/p>\n<p>El programa de D\u00eda Internacional de la Mujer: \u00abDerechos, justicia y acci\u00f3n para todas las Mujeres y Ni\u00f1as\u00bb incluy\u00f3 un conversatorio con la fiscal de Investigaci\u00f3n de Delitos de Violencia Familiar, Ruth Zenteno L\u00f3pez; y las magistradas del TSJCDMX Celia Mar\u00edn Sasaki, Anaid Elena Valero Manzano y Edilia Rivera Bahena; as\u00ed como a la directora Ejecutiva de Orientaci\u00f3n Ciudadana y Derechos Humanos, Susana B\u00e1tiz Zavala, quien fungi\u00f3 como moderadora y organizadora del acto conmemorativo.<\/p>\n<p>&nbsp;<\/p>\n<p>Adem\u00e1s, el 8 de marzo ser\u00e1n publicadas, a trav\u00e9s de redes sociales institucionales, infograf\u00edas con datos sobre medidas de protecci\u00f3n, de las cuales entre 2022 y 2025, el PJCDMX ha emitido m\u00e1s de 73 mil 634, operando con guardias de los juzgados las 24 horas, los 365 d\u00edas del a\u00f1o.<\/p>\n<p><strong>\u00a0<\/strong><\/p>\n<p>&nbsp;<\/p>\n<p><strong>\u00a0<\/strong><\/p>\n<p>&nbsp;<\/p>\n","protected":false},"excerpt":{"rendered":"<p>\u00a0 El PJCDMX conmemora el D\u00eda Internacional de la Mujer con conversatorio y actividades digitales, sus integrantes se comprometen a derribar barreras estructurales para brindar justicia sin distinci\u00f3n o demora &nbsp; Reconocer a las mujeres mexicanas por su perseverancia, liderazgo y capacidad para transformar el mundo para que la igualdad entre mujeres y hombres no [&hellip;]<\/p>\n","protected":false},"author":14,"featured_media":710652,"comment_status":"open","ping_status":"open","sticky":false,"template":"","format":"standard","meta":{"_monsterinsights_skip_tracking":false,"_monsterinsights_sitenote_active":false,"_monsterinsights_sitenote_note":"","_monsterinsights_sitenote_category":0,"footnotes":""},"categories":[6],"tags":[],"class_list":["post-710651","post","type-post","status-publish","format-standard","has-post-thumbnail","hentry","category-cd-de-mexico"],"_links":{"self":[{"href":"https:\/\/www.diarioimagen.net\/index.php?rest_route=\/wp\/v2\/posts\/710651","targetHints":{"allow":["GET"]}}],"collection":[{"href":"https:\/\/www.diarioimagen.net\/index.php?rest_route=\/wp\/v2\/posts"}],"about":[{"href":"https:\/\/www.diarioimagen.net\/index.php?rest_route=\/wp\/v2\/types\/post"}],"author":[{"embeddable":true,"href":"https:\/\/www.diarioimagen.net\/index.php?rest_route=\/wp\/v2\/users\/14"}],"replies":[{"embeddable":true,"href":"https:\/\/www.diarioimagen.net\/index.php?rest_route=%2Fwp%2Fv2%2Fcomments&post=710651"}],"version-history":[{"count":1,"href":"https:\/\/www.diarioimagen.net\/index.php?rest_route=\/wp\/v2\/posts\/710651\/revisions"}],"predecessor-version":[{"id":710654,"href":"https:\/\/www.diarioimagen.net\/index.php?rest_route=\/wp\/v2\/posts\/710651\/revisions\/710654"}],"wp:featuredmedia":[{"embeddable":true,"href":"https:\/\/www.diarioimagen.net\/index.php?rest_route=\/wp\/v2\/media\/710652"}],"wp:attachment":[{"href":"https:\/\/www.diarioimagen.net\/index.php?rest_route=%2Fwp%2Fv2%2Fmedia&parent=710651"}],"wp:term":[{"taxonomy":"category","embeddable":true,"href":"https:\/\/www.diarioimagen.net\/index.php?rest_route=%2Fwp%2Fv2%2Fcategories&post=710651"},{"taxonomy":"post_tag","embeddable":true,"href":"https:\/\/www.diarioimagen.net\/index.php?rest_route=%2Fwp%2Fv2%2Ftags&post=710651"}],"curies":[{"name":"wp","href":"https:\/\/api.w.org\/{rel}","templated":true}]}}