{"id":710655,"date":"2026-03-08T22:53:05","date_gmt":"2026-03-09T04:53:05","guid":{"rendered":"https:\/\/www.diarioimagen.net\/?p=710655"},"modified":"2026-03-08T22:53:05","modified_gmt":"2026-03-09T04:53:05","slug":"las-bases-del-poder-mental-ciencia-conciencia-y-conducta","status":"publish","type":"post","link":"https:\/\/www.diarioimagen.net\/?p=710655","title":{"rendered":"Las bases del poder mental: ciencia, conciencia y conducta"},"content":{"rendered":"<p><strong>REGINA<\/strong><\/p>\n<p><strong>\u00a0<\/strong><strong>\u00a0<\/strong><\/p>\n<p>En una \u00e9poca marcada por la velocidad de la informaci\u00f3n, la sobreestimulaci\u00f3n digital y la presi\u00f3n constante por rendir, el concepto de\u00a0<strong>poder mental<\/strong>\u00a0ha dejado de ser una idea asociada \u00fanicamente a la filosof\u00eda o a las tradiciones contemplativas. Hoy, diversas disciplinas \u2014desde la psicolog\u00eda cognitiva hasta la neurociencia\u2014 coinciden en que la mente puede entrenarse de manera sistem\u00e1tica para mejorar la claridad, la regulaci\u00f3n emocional y la toma de decisiones.<\/p>\n<p>Lejos de ser un atributo m\u00edstico, el poder mental puede entenderse como la\u00a0<strong>capacidad de dirigir la atenci\u00f3n, comprender los propios procesos internos y actuar de manera consciente frente a las circunstancias de la vida<\/strong>. Este entrenamiento descansa sobre varios pilares fundamentales: la meditaci\u00f3n, la atenci\u00f3n plena, la intuici\u00f3n y la prevenci\u00f3n conductual.<\/p>\n<p>&nbsp;<\/p>\n<p><strong>Meditaci\u00f3n: el entrenamiento de la mente<\/strong><\/p>\n<p><strong>\u00a0<\/strong><\/p>\n<p>La meditaci\u00f3n se ha consolidado como una de las herramientas m\u00e1s estudiadas para el fortalecimiento de la mente. Investigaciones en el campo de la\u00a0<strong>Neuroscience<\/strong>\u00a0han demostrado que la pr\u00e1ctica regular puede modificar estructuras cerebrales asociadas con la regulaci\u00f3n emocional, la memoria y la atenci\u00f3n.<\/p>\n<p>En t\u00e9rminos pr\u00e1cticos, meditar implica entrenar la mente para observar pensamientos y emociones sin reaccionar autom\u00e1ticamente a ellos. Este ejercicio de observaci\u00f3n consciente reduce la reactividad y aumenta la capacidad de responder con mayor lucidez frente a situaciones complejas.<\/p>\n<p>M\u00e1s que \u201cdejar la mente en blanco\u201d, la meditaci\u00f3n consiste en\u00a0<strong>desarrollar una relaci\u00f3n diferente con la experiencia interna<\/strong>.<\/p>\n<p>&nbsp;<\/p>\n<p><strong>Atenci\u00f3n plena: el arte de habitar el presente<\/strong><\/p>\n<p><strong>\u00a0<\/strong><\/p>\n<p>La atenci\u00f3n plena, conocida internacionalmente como\u00a0<strong>Mindfulness<\/strong>, es la capacidad de dirigir la atenci\u00f3n de manera deliberada hacia el momento presente.<\/p>\n<p>Este enfoque, ampliamente utilizado en programas terap\u00e9uticos y educativos, propone algo aparentemente simple pero profundamente transformador:\u00a0<strong>observar lo que ocurre aqu\u00ed y ahora sin juicio inmediato<\/strong>.<\/p>\n<p>Cuando una persona cultiva la atenci\u00f3n plena:<\/p>\n<ul>\n<li>disminuye la rumiaci\u00f3n mental<\/li>\n<li>mejora su capacidad de concentraci\u00f3n<\/li>\n<li>aumenta la regulaci\u00f3n emocional<\/li>\n<li>fortalece su percepci\u00f3n de bienestar<\/li>\n<\/ul>\n<p>En contextos cl\u00ednicos, esta pr\u00e1ctica ha demostrado ser especialmente \u00fatil en la reducci\u00f3n de estr\u00e9s y ansiedad.<\/p>\n<p>&nbsp;<\/p>\n<p><strong>La intuici\u00f3n: inteligencia silenciosa<\/strong><\/p>\n<p><strong>\u00a0<\/strong><\/p>\n<p>Aunque muchas veces se interpreta como algo irracional, la intuici\u00f3n es en realidad una forma de\u00a0<strong>procesamiento cognitivo r\u00e1pido basado en experiencias previas<\/strong>.<\/p>\n<p>El psic\u00f3logo\u00a0<strong>Daniel Kahneman<\/strong>, premio Nobel de Econom\u00eda, describi\u00f3 este fen\u00f3meno al diferenciar entre dos modos de pensamiento: uno r\u00e1pido e intuitivo, y otro m\u00e1s lento y anal\u00edtico.<\/p>\n<p>La intuici\u00f3n emerge cuando el cerebro reconoce patrones aprendidos a lo largo del tiempo. Sin embargo, para que esta herramienta funcione de manera confiable, debe estar acompa\u00f1ada por\u00a0<strong>autoconocimiento y claridad mental<\/strong>, cualidades que se desarrollan mediante pr\u00e1cticas contemplativas y reflexi\u00f3n personal.<\/p>\n<p>&nbsp;<\/p>\n<p><strong>Prevenci\u00f3n conductual: anticipar antes de reaccionar<\/strong><\/p>\n<p><strong>\u00a0<\/strong><\/p>\n<p>El poder mental tambi\u00e9n se expresa en la capacidad de\u00a0<strong>prevenir conductas impulsivas o autodestructivas antes de que ocurran<\/strong>. Este principio es central en enfoques terap\u00e9uticos como la\u00a0<strong>Cognitive Behavioral Therapy<\/strong>.<\/p>\n<p>La prevenci\u00f3n conductual implica reconocer se\u00f1ales tempranas:<\/p>\n<ul>\n<li>pensamientos autom\u00e1ticos negativos<\/li>\n<li>emociones intensas<\/li>\n<li>patrones repetitivos de comportamiento<\/li>\n<\/ul>\n<p>Al identificar estas se\u00f1ales con anticipaci\u00f3n, la persona puede intervenir conscientemente y modificar su respuesta. De esta forma, la mente deja de operar en piloto autom\u00e1tico y se convierte en un\u00a0<strong>espacio de elecci\u00f3n deliberada<\/strong>.<\/p>\n<p>&nbsp;<\/p>\n<p><strong>Una mente entrenada, una vida m\u00e1s consciente<\/strong><\/p>\n<p><strong>\u00a0<\/strong><\/p>\n<p>El desarrollo del poder mental no depende de talentos extraordinarios ni de condiciones especiales. Se trata, m\u00e1s bien, de un proceso de entrenamiento progresivo que integra observaci\u00f3n interna, disciplina y comprensi\u00f3n del propio comportamiento.<\/p>\n<p>Meditaci\u00f3n, atenci\u00f3n plena, intuici\u00f3n y prevenci\u00f3n conductual son herramientas complementarias que permiten construir una mente m\u00e1s clara, estable y flexible.<\/p>\n<p>En un mundo cada vez m\u00e1s acelerado,\u00a0<strong>la verdadera fortaleza mental podr\u00eda no residir en pensar m\u00e1s, sino en aprender a pensar con mayor conciencia<\/strong><\/p>\n<p>&nbsp;<\/p>\n<p><strong>C O M U N I C A T E<\/strong><\/p>\n<p><a href=\"mailto:almasagrada.corp@gmail.com\"><strong>almasagrada.corp@gmail.com<\/strong><\/a><\/p>\n<p>IG @almasagrada.corp<\/p>\n<p>&nbsp;<\/p>\n","protected":false},"excerpt":{"rendered":"<p>REGINA \u00a0\u00a0 En una \u00e9poca marcada por la velocidad de la informaci\u00f3n, la sobreestimulaci\u00f3n digital y la presi\u00f3n constante por rendir, el concepto de\u00a0poder mental\u00a0ha dejado de ser una idea asociada \u00fanicamente a la filosof\u00eda o a las tradiciones contemplativas. Hoy, diversas disciplinas \u2014desde la psicolog\u00eda cognitiva hasta la neurociencia\u2014 coinciden en que la mente [&hellip;]<\/p>\n","protected":false},"author":14,"featured_media":0,"comment_status":"open","ping_status":"open","sticky":false,"template":"","format":"standard","meta":{"_monsterinsights_skip_tracking":false,"_monsterinsights_sitenote_active":false,"_monsterinsights_sitenote_note":"","_monsterinsights_sitenote_category":0,"footnotes":""},"categories":[4,877],"tags":[],"class_list":["post-710655","post","type-post","status-publish","format-standard","hentry","category-opinion","category-salud"],"_links":{"self":[{"href":"https:\/\/www.diarioimagen.net\/index.php?rest_route=\/wp\/v2\/posts\/710655","targetHints":{"allow":["GET"]}}],"collection":[{"href":"https:\/\/www.diarioimagen.net\/index.php?rest_route=\/wp\/v2\/posts"}],"about":[{"href":"https:\/\/www.diarioimagen.net\/index.php?rest_route=\/wp\/v2\/types\/post"}],"author":[{"embeddable":true,"href":"https:\/\/www.diarioimagen.net\/index.php?rest_route=\/wp\/v2\/users\/14"}],"replies":[{"embeddable":true,"href":"https:\/\/www.diarioimagen.net\/index.php?rest_route=%2Fwp%2Fv2%2Fcomments&post=710655"}],"version-history":[{"count":1,"href":"https:\/\/www.diarioimagen.net\/index.php?rest_route=\/wp\/v2\/posts\/710655\/revisions"}],"predecessor-version":[{"id":710656,"href":"https:\/\/www.diarioimagen.net\/index.php?rest_route=\/wp\/v2\/posts\/710655\/revisions\/710656"}],"wp:attachment":[{"href":"https:\/\/www.diarioimagen.net\/index.php?rest_route=%2Fwp%2Fv2%2Fmedia&parent=710655"}],"wp:term":[{"taxonomy":"category","embeddable":true,"href":"https:\/\/www.diarioimagen.net\/index.php?rest_route=%2Fwp%2Fv2%2Fcategories&post=710655"},{"taxonomy":"post_tag","embeddable":true,"href":"https:\/\/www.diarioimagen.net\/index.php?rest_route=%2Fwp%2Fv2%2Ftags&post=710655"}],"curies":[{"name":"wp","href":"https:\/\/api.w.org\/{rel}","templated":true}]}}